{"id":95715,"date":"2025-09-05T19:17:09","date_gmt":"2025-09-05T19:17:09","guid":{"rendered":"https:\/\/www.europesays.com\/es\/95715\/"},"modified":"2025-09-05T19:17:09","modified_gmt":"2025-09-05T19:17:09","slug":"coleteron-el-toro-de-la-virgen-de-la-encina-de-macotera","status":"publish","type":"post","link":"https:\/\/www.europesays.com\/es\/95715\/","title":{"rendered":"Coleter\u00f3n, el toro de la Virgen de la Encina de Macotera"},"content":{"rendered":"<p><a class=\"v-mdl-ath__fig-a\" href=\"https:\/\/www.lagacetadesalamanca.es\/autor\/jorge-holguera-illera-6120.html\" title=\"Jorge Holguera Illera\" rel=\"nofollow noopener\" target=\"_blank\"><br \/>\n<img decoding=\"async\" class=\"v-mdl-ath__img\" src=\"https:\/\/www.europesays.com\/es\/wp-content\/uploads\/2025\/09\/autor-6120-foto-3.png\" alt=\"Jorge Holguera Illera\"\/><br \/>\n<\/a><\/p>\n<p class=\"v-mdl-ath__p v-mdl-ath__p--6\">\nViernes, 5 de septiembre 2025, 20:52<\/p>\n<p class=\"v-p\"><strong>Coleter\u00f3n es el nombre del toro de la Virgen de la Encina de Macotera<\/strong>. Se trata de un astado de pelo negro bragado meano corrido, seg\u00fan la descripci\u00f3n facilitada por Alberto Bernal de la empresa Bermara Cauria, encargada de coordinar los festejos taurinos en Macotera con motivo de las fiestas en honor de la Virgen de la Vega que se celebran estos d\u00edas.<\/p>\n<p class=\"v-p\">Este toro-utrero que luce el n\u00famero 27, guarismo 2, \u00abse\u00f1al orejisana en ambas\u00bb, procede de la ganader\u00eda Montevideo, propiedad de Victorino Mart\u00edn, y ha pastado en la finca Las Tiesas de Santa Mar\u00eda, t\u00e9rmino municipal de Portezuelo en la provincia de C\u00e1ceres.<\/p>\n<p class=\"v-p\">\u00abEsta ganader\u00eda fue creada en 1995 y pertenece a la Uni\u00f3n de Criadores de Toros de L\u00eddia que tiene una antig\u00fcedad desde 1999\u00bb, detalla Alberto Bernal. <\/p>\n<p class=\"v-p\">\u00abProcedencia de Barcial en castellano Vega Villar, refrescando en 2018 con vacas de Caridad Cobaleda Galeche\u00bb, a\u00f1ade.<\/p>\n<p class=\"v-p\">Se trata de un ejemplar imponente y bonito de cornamenta afilada que ser\u00e1 soltado este s\u00e1bado a las 12:30 horas. Adem\u00e1s volver\u00e1 a verse en el ruedo el domingo a las 18:30 horas en la capea con la l\u00eddia de cuatro vacas al estilo tradicional de diferente trap\u00edo de las ganader\u00edas Hermanos Boyano de Paz y Boyano Gago.<\/p>\n<p>Comenta<\/p>\n<p>Reporta un error<\/p>\n","protected":false},"excerpt":{"rendered":"Viernes, 5 de septiembre 2025, 20:52 Coleter\u00f3n es el nombre del toro de la Virgen de la Encina&hellip;\n","protected":false},"author":2,"featured_media":95716,"comment_status":"","ping_status":"","sticky":false,"template":"","format":"standard","meta":{"footnotes":""},"categories":[277],"tags":[373,34442,168,34443,25,24,34444,23,167,374,913,7699],"class_list":{"0":"post-95715","1":"post","2":"type-post","3":"status-publish","4":"format-standard","5":"has-post-thumbnail","7":"category-toreo","8":"tag-bullfighting","9":"tag-coleteron","10":"tag-deportes","11":"tag-encina","12":"tag-es","13":"tag-espana","14":"tag-macotera","15":"tag-spain","16":"tag-sports","17":"tag-toreo","18":"tag-toro","19":"tag-virgen"},"share_on_mastodon":{"url":"","error":""},"_links":{"self":[{"href":"https:\/\/www.europesays.com\/es\/wp-json\/wp\/v2\/posts\/95715","targetHints":{"allow":["GET"]}}],"collection":[{"href":"https:\/\/www.europesays.com\/es\/wp-json\/wp\/v2\/posts"}],"about":[{"href":"https:\/\/www.europesays.com\/es\/wp-json\/wp\/v2\/types\/post"}],"author":[{"embeddable":true,"href":"https:\/\/www.europesays.com\/es\/wp-json\/wp\/v2\/users\/2"}],"replies":[{"embeddable":true,"href":"https:\/\/www.europesays.com\/es\/wp-json\/wp\/v2\/comments?post=95715"}],"version-history":[{"count":0,"href":"https:\/\/www.europesays.com\/es\/wp-json\/wp\/v2\/posts\/95715\/revisions"}],"wp:featuredmedia":[{"embeddable":true,"href":"https:\/\/www.europesays.com\/es\/wp-json\/wp\/v2\/media\/95716"}],"wp:attachment":[{"href":"https:\/\/www.europesays.com\/es\/wp-json\/wp\/v2\/media?parent=95715"}],"wp:term":[{"taxonomy":"category","embeddable":true,"href":"https:\/\/www.europesays.com\/es\/wp-json\/wp\/v2\/categories?post=95715"},{"taxonomy":"post_tag","embeddable":true,"href":"https:\/\/www.europesays.com\/es\/wp-json\/wp\/v2\/tags?post=95715"}],"curies":[{"name":"wp","href":"https:\/\/api.w.org\/{rel}","templated":true}]}}