{"id":9572,"date":"2025-07-28T14:52:09","date_gmt":"2025-07-28T14:52:09","guid":{"rendered":"https:\/\/www.europesays.com\/es\/9572\/"},"modified":"2025-07-28T14:52:09","modified_gmt":"2025-07-28T14:52:09","slug":"cual-es-el-nuevo-apodo-de-ilia-topuria-el-campeon-del-peso-pluma-de-la-ufc-lo-desvela","status":"publish","type":"post","link":"https:\/\/www.europesays.com\/es\/9572\/","title":{"rendered":"\u00bfCu\u00e1l es el nuevo apodo de Ilia Topuria? El campe\u00f3n del peso pluma de la UFC lo desvela"},"content":{"rendered":"<p class=\"L6-news-detail__text\"><b>Ilia Topuria<\/b> sigue recibiendo v\u00edtores por d\u00f3nde va. El actual <b>campe\u00f3n de peso pluma de la UFC<\/b> se ha desplazado hasta la capital manchega para un acto conmemorativo a su figura. El <b>Ayuntamiento de Toledo<\/b> va a dedicar una calle en honor al invicto peleador.<\/p>\n<p class=\"L6-news-detail__text\">En el acto de celebraci\u00f3n de Toledo como <b>Ciudad Europea del Deporte<\/b>, dej\u00f3 uno de los titulares m\u00e1s impactantes sobre su figura. El apodado como &#8216;<b>El Matador<\/b>&#8216;<b> dejar\u00e1 de usar ese apodo<\/b> a partir de su pr\u00f3xima pelea que a\u00fan est\u00e1 pendiente de confirmarse rival. A partir de ahora se har\u00e1 llamar &#8216;<b>La Leyenda&#8217;<\/b>.<\/p>\n<p class=\"L6-news-detail__text\">El alicantino, que actualmente reside en Madrid, ha justificado este cambio de parecer: \u00ab&#8216;El Matador&#8217; es <b>algo que me ha acompa\u00f1ado<\/b> durante toda mi carrera deportiva, durante toda mi trayectoria, y es algo que <b>me ha llevado hasta el nuevo apodo<\/b>\u00ab.<\/p>\n<p class=\"L6-news-detail__text\">\u00abPorque <b>mucha gente<\/b>&#8230; Es lo que siempre digo. Necesita creer.<b> Necesita ver para creer<\/b>. Yo primero me lo creo y despu\u00e9s lo veo. Entonces el apodo que me va a acompa\u00f1ar en mis pr\u00f3ximos combates va a ser <b>&#8216;La Leyenda<\/b>&#8216;\u00bb, ha sentenciado Topuria en declaraciones recogidas por &#8216;Marca&#8217;.<\/p>\n<p>\u00bfCu\u00e1ndo pelear\u00e1 Ilia Topuria?<\/p>\n<p class=\"L6-news-detail__text\">Con un r\u00e9cord de <b>16 victorias y ninguna derrota<\/b>, Topuria est\u00e1 a la espera de saber cu\u00e1l es su siguiente rival. Tras abandonar la divisi\u00f3n del peso pluma, el hispano georgiano ha subido de categor\u00eda con la intenci\u00f3n de retar al campe\u00f3n de la divisi\u00f3n superior, <b>Islam Makhachev<\/b> (26-1).<\/p>\n<p class=\"L6-news-detail__text\">Otra de las posibilidades que se le abren en el horizonte es <b>Charles Oliveira (35-10)<\/b> quien<b> es excampe\u00f3n del peso ligero<\/b>. Topuria ha respondido al peleador brasile\u00f1o en redes sociales cuando este no le ha considerado como una \u00ab<b>superpelea\u00bb<\/b>.<\/p>\n<p class=\"L6-news-detail__text\">\u00abCharles, mejor no digas nada. Llevas 10 derrotas: 5 por nocaut, 4 por sumisi\u00f3n y 1 por decisi\u00f3n. <b>T\u00fa eres el contendiente<\/b>, mientras que yo soy el campe\u00f3n, el padre de toda la divisi\u00f3n. No he venido a pedir nada. Aqu\u00ed, <b>yo soy el que manda<\/b>\u00ab, escribi\u00f3 en su cuenta de X.<\/p>\n<blockquote class=\"twitter-tweet\">\n<p class=\"L6-news-detail__text\">Charles, it&#8217;s better if you stay quiet. You have 10 losses: 5 by knockout, 4 by submission, and 1 by decision. You are the contender, while I am the champion, the father of the entire division. I haven&#8217;t come here to ask anything. Here, I am the one in charge.<\/p>\n<p>\u2014 Ilia Topuria (@Topuriailia) <a title=\"March 22, 2025\" href=\"https:\/\/twitter.com\/Topuriailia\/status\/1903577727803728054?ref_src=twsrc%5Etfw\" target=\"_blank\" rel=\"nofollow noopener\">March 22, 2025<\/a><\/p><\/blockquote>\n<p class=\"L6-support-news-video__title\">Adi\u00f3s al 20 y al 30<\/p>\n<p>            <a href=\"https:\/\/www.lasexta.com\/noticias\/deportes\/futbol\/futbol-portugues-liverpool-despiden-diogo-jota-hermano-andre-silva-van-estar-nosotros-somos-todos-familia_20250705686940ae29f2a108e97f1c42.html\" class=\"L6-news__link\" rel=\"nofollow noopener\" target=\"_blank\"><br \/>\n                El f\u00fatbol portugu\u00e9s y el Liverpool despiden a Diogo Jota y su hermano Andr\u00e9 Silva: \u00abVan a estar con nosotros; somos todos una familia\u00bb<\/p>\n<p class=\"recirculation-video-desc\">El contexto Los hermanos, ambos futbolistas, perdieron la vida en la madrugada del jueves debido a un accidente de tr\u00e1fico en la A52, en Cernadilla (Zamora, Espa\u00f1a).<\/p>\n<p>            <\/a><\/p>\n<p><script async src=\"https:\/\/platform.twitter.com\/widgets.js\" charset=\"utf-8\"><\/script><\/p>\n","protected":false},"excerpt":{"rendered":"Ilia Topuria sigue recibiendo v\u00edtores por d\u00f3nde va. El actual campe\u00f3n de peso pluma de la UFC se&hellip;\n","protected":false},"author":2,"featured_media":9573,"comment_status":"","ping_status":"","sticky":false,"template":"","format":"standard","meta":{"footnotes":""},"categories":[276],"tags":[168,25,24,23,167,343],"class_list":{"0":"post-9572","1":"post","2":"type-post","3":"status-publish","4":"format-standard","5":"has-post-thumbnail","7":"category-ufc","8":"tag-deportes","9":"tag-es","10":"tag-espana","11":"tag-spain","12":"tag-sports","13":"tag-ufc"},"share_on_mastodon":{"url":"","error":""},"_links":{"self":[{"href":"https:\/\/www.europesays.com\/es\/wp-json\/wp\/v2\/posts\/9572","targetHints":{"allow":["GET"]}}],"collection":[{"href":"https:\/\/www.europesays.com\/es\/wp-json\/wp\/v2\/posts"}],"about":[{"href":"https:\/\/www.europesays.com\/es\/wp-json\/wp\/v2\/types\/post"}],"author":[{"embeddable":true,"href":"https:\/\/www.europesays.com\/es\/wp-json\/wp\/v2\/users\/2"}],"replies":[{"embeddable":true,"href":"https:\/\/www.europesays.com\/es\/wp-json\/wp\/v2\/comments?post=9572"}],"version-history":[{"count":0,"href":"https:\/\/www.europesays.com\/es\/wp-json\/wp\/v2\/posts\/9572\/revisions"}],"wp:featuredmedia":[{"embeddable":true,"href":"https:\/\/www.europesays.com\/es\/wp-json\/wp\/v2\/media\/9573"}],"wp:attachment":[{"href":"https:\/\/www.europesays.com\/es\/wp-json\/wp\/v2\/media?parent=9572"}],"wp:term":[{"taxonomy":"category","embeddable":true,"href":"https:\/\/www.europesays.com\/es\/wp-json\/wp\/v2\/categories?post=9572"},{"taxonomy":"post_tag","embeddable":true,"href":"https:\/\/www.europesays.com\/es\/wp-json\/wp\/v2\/tags?post=9572"}],"curies":[{"name":"wp","href":"https:\/\/api.w.org\/{rel}","templated":true}]}}