{"id":95760,"date":"2025-09-05T19:46:09","date_gmt":"2025-09-05T19:46:09","guid":{"rendered":"https:\/\/www.europesays.com\/es\/95760\/"},"modified":"2025-09-05T19:46:09","modified_gmt":"2025-09-05T19:46:09","slug":"el-pivot-del-san-pablo-silvio-de-sousa-en-burgos-a-la-espera-de-pruebas","status":"publish","type":"post","link":"https:\/\/www.europesays.com\/es\/95760\/","title":{"rendered":"El p\u00edvot del San Pablo Silvio de Sousa, en Burgos a la espera de pruebas"},"content":{"rendered":"<p>Silvio de Sousa ya est\u00e1 en Burgos. El p\u00edvot angole\u00f1o, reciente fichaje del Silb\u00f6 San Pablo, lleg\u00f3 a la ciudad el pasado mi\u00e9rcoles casi a la vez que Gonzalo Corbal\u00e1n, aunque su situaci\u00f3n es muy diferente porque termin\u00f3 su participaci\u00f3n en el AfroBasket lesionado. Por ello, lo primero que est\u00e1 haciendo el club es estudiar su caso e intentar conocer el alcance de su problema muscular, sobre todo, para descartar una lesi\u00f3n preocupante que pueda echar para atr\u00e1s el reconocimiento m\u00e9dico y, por lo tanto, el fichaje.<\/p>\n<p>La selecci\u00f3n nacional de Angola, que convoc\u00f3 a Silvio da Sousa para el AfroBasket, alcanz\u00f3 y gan\u00f3 la final del torneo, pero en la misma De Sousa solo pudo jugar diez minutos a causa de un problema muscular que, eso s\u00ed, no le impidi\u00f3 celebrar la hist\u00f3rica victoria de los suyos en la postimetr\u00eda de un duelo que tuvo lugar hace ya casi dos semanas. Pero en los d\u00edas posteriores, De Sousa se qued\u00f3 en Angola para adem\u00e1s ser recibido por el presidente de su pa\u00eds con motivo de la consecuci\u00f3n del t\u00edtulo.<\/p>\n<p>Tard\u00f3, pero ya est\u00e1 en Burgos y ahora solo queda conocer los resultados de una resonancia que el club espera que no refleje nada preocupante. Es la segunda prueba m\u00e9dica a la que el p\u00edvot se somete ya que la primera, una ecograf\u00eda, no evidenci\u00f3 ninguna lesi\u00f3n que pudiera obligar al San Pablo a pensarse qu\u00e9 hacer con su situaci\u00f3n.<\/p>\n<blockquote class=\"QuoteComentario\">\n<p>Se ha sometido a una ecograf\u00eda en la que no se ha apreciado un da\u00f1o grave y a una resonancia<\/p>\n<\/blockquote>\n<p>De esta manera, aunque inicialmente parece que De Sousa no sufre un problema muscular grave, el San Pablo prefiere esperar a los resultados de la resonancia para ver si se procede a realizar el pertinente reconocimiento m\u00e9dico o se opta por otra v\u00eda que aparece reflejada en el acuerdo entre el club y el jugador y que permitir\u00eda al San Pablo anular su llegada en el caso de una lesi\u00f3n seria.<\/p>\n<p><strong>Gudmundsson y Meindl. <\/strong>Los pr\u00f3ximos en llegar a Burgos deben de ser el island\u00e9s y el brasile\u00f1o. Este \u00faltimo, al igual que Silvio da Sousa, padece un problema muscular, aunque en su caso la selecci\u00f3n brasile\u00f1a inform\u00f3 de que se trataba de una dolencia leve de la que ya pr\u00e1cticamente podr\u00eda estar recuperado. A Gudmundsson, por su parte, se le espera en la concentraci\u00f3n del equipo en tierras asturianas\u00a0despu\u00e9s de que Islandia cerrase ayer su participaci\u00f3n en el EuroBasket cayendo con Francia (114-74).<\/p>\n","protected":false},"excerpt":{"rendered":"Silvio de Sousa ya est\u00e1 en Burgos. El p\u00edvot angole\u00f1o, reciente fichaje del Silb\u00f6 San Pablo, lleg\u00f3 a&hellip;\n","protected":false},"author":2,"featured_media":95761,"comment_status":"","ping_status":"","sticky":false,"template":"","format":"standard","meta":{"footnotes":""},"categories":[269],"tags":[12102,299,298,168,25,24,301,29644,3919,23,167],"class_list":{"0":"post-95760","1":"post","2":"type-post","3":"status-publish","4":"format-standard","5":"has-post-thumbnail","7":"category-baloncesto","8":"tag-angola","9":"tag-baloncesto","10":"tag-basketball","11":"tag-deportes","12":"tag-es","13":"tag-espana","14":"tag-eurobasket","15":"tag-gonzalo-corbalan","16":"tag-san-pablo-burgos","17":"tag-spain","18":"tag-sports"},"share_on_mastodon":{"url":"","error":""},"_links":{"self":[{"href":"https:\/\/www.europesays.com\/es\/wp-json\/wp\/v2\/posts\/95760","targetHints":{"allow":["GET"]}}],"collection":[{"href":"https:\/\/www.europesays.com\/es\/wp-json\/wp\/v2\/posts"}],"about":[{"href":"https:\/\/www.europesays.com\/es\/wp-json\/wp\/v2\/types\/post"}],"author":[{"embeddable":true,"href":"https:\/\/www.europesays.com\/es\/wp-json\/wp\/v2\/users\/2"}],"replies":[{"embeddable":true,"href":"https:\/\/www.europesays.com\/es\/wp-json\/wp\/v2\/comments?post=95760"}],"version-history":[{"count":0,"href":"https:\/\/www.europesays.com\/es\/wp-json\/wp\/v2\/posts\/95760\/revisions"}],"wp:featuredmedia":[{"embeddable":true,"href":"https:\/\/www.europesays.com\/es\/wp-json\/wp\/v2\/media\/95761"}],"wp:attachment":[{"href":"https:\/\/www.europesays.com\/es\/wp-json\/wp\/v2\/media?parent=95760"}],"wp:term":[{"taxonomy":"category","embeddable":true,"href":"https:\/\/www.europesays.com\/es\/wp-json\/wp\/v2\/categories?post=95760"},{"taxonomy":"post_tag","embeddable":true,"href":"https:\/\/www.europesays.com\/es\/wp-json\/wp\/v2\/tags?post=95760"}],"curies":[{"name":"wp","href":"https:\/\/api.w.org\/{rel}","templated":true}]}}