{"id":95766,"date":"2025-09-05T19:49:11","date_gmt":"2025-09-05T19:49:11","guid":{"rendered":"https:\/\/www.europesays.com\/es\/95766\/"},"modified":"2025-09-05T19:49:11","modified_gmt":"2025-09-05T19:49:11","slug":"mona-kuhn-revisa-el-desnudo-en-la-fotografia-en-su-primera-exposicion-en-espana-en-el-mucac-la-coracha","status":"publish","type":"post","link":"https:\/\/www.europesays.com\/es\/95766\/","title":{"rendered":"Mona Kuhn revisa el desnudo en la fotograf\u00eda en su primera exposici\u00f3n en Espa\u00f1a en el MUCAC La Coracha"},"content":{"rendered":"<p class=\"v-mdl-ath__p v-mdl-ath__p--6\">\nViernes, 5 de septiembre 2025, 16:44<\/p>\n<p><img decoding=\"async\" loading=\"lazy\" src=\"https:\/\/www.europesays.com\/es\/wp-content\/uploads\/2025\/09\/expo4.jpg\" class=\"v-a-img\" width=\"650\" height=\"455\" alt=\"\" data-voc-vtm-id=\"in-text-traffic\"\/><\/p>\n<p><img loading=\"lazy\" decoding=\"async\" src=\"https:\/\/www.europesays.com\/es\/wp-content\/uploads\/2025\/09\/expo4.jpg\" class=\"v-mdl__img-z\" width=\"1920\" height=\"1344\" alt=\"\"\/><\/p>\n<p class=\"v-p\">El MUCAC La Coracha acoge desde este s\u00e1bado 6 de septiembre una de sus exposiciones m\u00e1s esperadas de la nueva etapa del antiguo museo del patrimonio: la primera muestra monogr\u00e1fica en Espa\u00f1a de la reconocida fot\u00f3grafa brasile\u00f1o-estadounidense Mona Kuhn. Bajo el t\u00edtulo &#8216;Mona Kuhn.Y tu desnudo ser\u00e1 un gran poema&#8217;, la muestra re\u00fane 43 obras realizadas entre 2004 y 2018, concebidas como una constelaci\u00f3n de im\u00e1genes que dialogan entre s\u00ed y que redefinen la tradici\u00f3n del desnudo en la fotograf\u00eda contempor\u00e1nea. <\/p>\n<p class=\"v-p\">Kuhn, considerada una de las creadoras m\u00e1s influyentes de las \u00faltimas d\u00e9cadas, ha expuesto en instituciones como el Louvre, la Whitechapel Gallery o la Royal Academy of Arts. Su trabajo se caracteriza por un tratamiento del cuerpo desnudo alejado de connotaciones sexuales, present\u00e1ndolo como un espacio de intimidad, vulnerabilidad y conexi\u00f3n con el entorno. \u00abEs un honor para m\u00ed estar aqu\u00ed y trabajar con Salvador, que conoce mi obra en profundidad y lleva mucho tiempo trabajando en ella\u00bb, confes\u00f3 la artista visiblemente emocionada durante la presentaci\u00f3n de este viernes. <\/p>\n<p class=\"v-p\">El comisario de la muestra, Salvador Nadales, explic\u00f3 que la selecci\u00f3n de obras responde a un criterio m\u00e1s emocional que cronol\u00f3gico, articulado en seis series que combinan t\u00e9cnica anal\u00f3gica y digital. Nadales insisti\u00f3 en que el trabajo de Kuhn es \u00abhumanista, no feminista\u00bb, y que su mirada sobre el cuerpo parte de la empat\u00eda y la conexi\u00f3n \u00edntima con sus modelos, amigos y colaboradores cercanos. \u00abEn un momento de tanta incertidumbre social y pol\u00edtica, su obra es un regalo para los sentidos\u00bb, a\u00f1adi\u00f3 el comisario. <\/p>\n<p><img decoding=\"async\" loading=\"lazy\" src=\"https:\/\/www.europesays.com\/es\/wp-content\/uploads\/2025\/09\/expo2-kjGC--1200x841@Diario Sur.jpg\" class=\"v-mdl__img-z\" width=\"1200\" height=\"841\" alt=\"Imagen principal - Mona Kuhn revisa el desnudo en la fotograf\u00eda en su primera exposici\u00f3n en Espa\u00f1a en el MUCAC La Coracha\"\/><\/p>\n<p><img decoding=\"async\" loading=\"lazy\" src=\"https:\/\/www.europesays.com\/es\/wp-content\/uploads\/2025\/09\/expo4-kjGC--1200x851@Diario Sur.jpg\" class=\"v-mdl__img-z\" width=\"1200\" height=\"851\" alt=\"Imagen secundaria 1 - Mona Kuhn revisa el desnudo en la fotograf\u00eda en su primera exposici\u00f3n en Espa\u00f1a en el MUCAC La Coracha\"\/><\/p>\n<p><img decoding=\"async\" loading=\"lazy\" src=\"https:\/\/www.europesays.com\/es\/wp-content\/uploads\/2025\/09\/expo1-kjGC--711x841@Diario Sur.jpg\" class=\"v-mdl__img-z\" width=\"711\" height=\"841\" alt=\"Imagen secundaria 2 - Mona Kuhn revisa el desnudo en la fotograf\u00eda en su primera exposici\u00f3n en Espa\u00f1a en el MUCAC La Coracha\"\/><\/p>\n<p class=\"v-p\">\u00abElla quer\u00eda crear un espacio para imaginar y preguntarse, para que el espectador se sienta parte de la obra\u00bb, explic\u00f3 el comisario sobre el objetivo de la muestra. Adem\u00e1s, Nadales desvel\u00f3 que el t\u00edtulo de la muestra es un homenaje al poeta estadounidense Walt Whitman y a su libro &#8216;Hojas de hierba&#8217;, que inspir\u00f3 a autores como Federico Garc\u00eda Lorca.<\/p>\n<p class=\"v-p\">\u00abConoc\u00ed a Salvador en Madrid en 2017 durante un intercambio cultural. Tomamos un caf\u00e9 en el Reina Sof\u00eda y le ense\u00f1\u00e9 un trabajo que ten\u00eda en mente. Desde entonces, mantuvimos el contacto y me cont\u00f3 que uno de sus sue\u00f1os era exponer mi obra en su ciudad, M\u00e1laga\u00bb, relat\u00f3 la fot\u00f3grafa durante la presentaci\u00f3n.<\/p>\n<p class=\"v-p\">El director de la Agencia P\u00fablica para la Gesti\u00f3n de la Casa Natal de Picasso y otros equipamientos muse\u00edsticos, Luis Lafuente, subray\u00f3 durante la presentaci\u00f3n la relevancia de esta cita para la ciudad: \u00abDesde el MUCAC mantenemos un firme compromiso con el arte contempor\u00e1neo, y acoger la obra de Mona Kuhn es una oportunidad excepcional para el p\u00fablico malague\u00f1o y para quienes nos visitan\u00bb. Lafuente agradeci\u00f3 y destac\u00f3 adem\u00e1s la implicaci\u00f3n personal de la autora en el montaje.<\/p>\n<p class=\"v-p\">Esta exposici\u00f3n podr\u00e1 visitarse hasta el 2 de noviembre en el MUCAC La Coracha, con entrada gratuita. Adem\u00e1s, este s\u00e1bado 6 de septiembre, Kuhn mantendr\u00e1 un encuentro con el p\u00fablico a las 11:00 horas, que incluir\u00e1 una conversaci\u00f3n con el comisario y una visita guiada. Una oportunidad \u00fanica para conocer de cerca el proceso creativo de una fot\u00f3grafa que ha sabido convertir la luz, el desenfoque y la transparencia en un lenguaje propio. <\/p>\n<p>Comenta<\/p>\n<p>Reporta un error<\/p>\n<p class=\"v-crt__t\"> L\u00edmite de sesiones alcanzadas<\/p>\n<p class=\"v-crt__p\">El acceso al contenido Premium est\u00e1 abierto por cortes\u00eda del establecimiento donde te encuentras, pero ahora mismo hay demasiados usuarios conectados a las vez.<\/p>\n<p class=\"v-crt__p\">Por favor, int\u00e9ntalo pasados unos minutos.<\/p>\n<p>\nVolver a intentar\n<\/p>\n<p class=\"v-crt__t\">Sesi\u00f3n cerrada<\/p>\n<p class=\"v-crt__p\">Al iniciar sesi\u00f3n desde un dispositivo distinto, por seguridad, se cerr\u00f3 la \u00faltima sesi\u00f3n en este.<\/p>\n<p class=\"v-crt__p\">Para continuar disfrutando de su suscripci\u00f3n digital, inicie sesi\u00f3n en este dispositivo.<\/p>\n<p>\nEste contenido es exclusivo para suscriptores\n<\/p>\n<p class=\"text\">\u00bfTienes una suscripci\u00f3n? <a href=\"https:\/\/secure.diariosur.es\/identidad\/inicio#vca=suscribete&amp;vso=diariosur&amp;vmc=on&amp;vli=cdn-ce-link-login\" class=\"login\" data-voc-vtm-id=\"comienzoSuscripcionON\" data-voc-vtm-info=\"cdn-ce-link-login\" rel=\"nofollow noopener\" target=\"_blank\">Inicia sesi\u00f3n<\/a><\/p>\n","protected":false},"excerpt":{"rendered":"Viernes, 5 de septiembre 2025, 16:44 El MUCAC La Coracha acoge desde este s\u00e1bado 6 de septiembre una&hellip;\n","protected":false},"author":2,"featured_media":95767,"comment_status":"","ping_status":"","sticky":false,"template":"","format":"standard","meta":{"footnotes":""},"categories":[173],"tags":[229,233,231,230,34454,232,14979,234,146,147,25,24,2003,244,34452,23248,34453,1078,17496,23],"class_list":{"0":"post-95766","1":"post","2":"type-post","3":"status-publish","4":"format-standard","5":"has-post-thumbnail","7":"category-arte-y-diseno","8":"tag-arte","9":"tag-arte-y-diseno","10":"tag-arts","11":"tag-arts-and-design","12":"tag-coracha","13":"tag-design","14":"tag-desnudo","15":"tag-diseno","16":"tag-entertainment","17":"tag-entretenimiento","18":"tag-es","19":"tag-espana","20":"tag-exposicion","21":"tag-fotografia","22":"tag-kuhn","23":"tag-mona","24":"tag-mucac","25":"tag-primera","26":"tag-revisa","27":"tag-spain"},"share_on_mastodon":{"url":"","error":""},"_links":{"self":[{"href":"https:\/\/www.europesays.com\/es\/wp-json\/wp\/v2\/posts\/95766","targetHints":{"allow":["GET"]}}],"collection":[{"href":"https:\/\/www.europesays.com\/es\/wp-json\/wp\/v2\/posts"}],"about":[{"href":"https:\/\/www.europesays.com\/es\/wp-json\/wp\/v2\/types\/post"}],"author":[{"embeddable":true,"href":"https:\/\/www.europesays.com\/es\/wp-json\/wp\/v2\/users\/2"}],"replies":[{"embeddable":true,"href":"https:\/\/www.europesays.com\/es\/wp-json\/wp\/v2\/comments?post=95766"}],"version-history":[{"count":0,"href":"https:\/\/www.europesays.com\/es\/wp-json\/wp\/v2\/posts\/95766\/revisions"}],"wp:featuredmedia":[{"embeddable":true,"href":"https:\/\/www.europesays.com\/es\/wp-json\/wp\/v2\/media\/95767"}],"wp:attachment":[{"href":"https:\/\/www.europesays.com\/es\/wp-json\/wp\/v2\/media?parent=95766"}],"wp:term":[{"taxonomy":"category","embeddable":true,"href":"https:\/\/www.europesays.com\/es\/wp-json\/wp\/v2\/categories?post=95766"},{"taxonomy":"post_tag","embeddable":true,"href":"https:\/\/www.europesays.com\/es\/wp-json\/wp\/v2\/tags?post=95766"}],"curies":[{"name":"wp","href":"https:\/\/api.w.org\/{rel}","templated":true}]}}