{"id":95795,"date":"2025-09-05T20:07:11","date_gmt":"2025-09-05T20:07:11","guid":{"rendered":"https:\/\/www.europesays.com\/es\/95795\/"},"modified":"2025-09-05T20:07:11","modified_gmt":"2025-09-05T20:07:11","slug":"pablo-castrillo-y-fernando-barcelo-se-retiran-en-la-vuelta-radio-huesca","status":"publish","type":"post","link":"https:\/\/www.europesays.com\/es\/95795\/","title":{"rendered":"Pablo Castrillo y Fernando Barcel\u00f3 se retiran en La Vuelta | Radio Huesca"},"content":{"rendered":"<p class=\"loc\">Huesca<\/p>\n<p>Malas noticias para el ciclismo altoaragon\u00e9s que pierde a otros dos corredores, como ya sucedi\u00f3 con Jorge Arcas en la segunda etapa de La Vuelta ciclista a Espa\u00f1a ya que Pablo Castrillo ha sufrido una ca\u00edda este viernes en el descenso del puerto de La Mozqueta que le ha obligado a dejar la carrera, como ha confirmado el equipo Movistar.<\/p>\n<p>Adem\u00e1s, tambi\u00e9n se ha bajado de la bicicleta Fernando Barcel\u00f3 que estaba participando muy mermado por una ca\u00edda que sufri\u00f3 en las primeras jornadas y que le provoc\u00f3 una fisura en una costilla.<\/p>\n<p>Todo ello en una de las jornadas importantes y exigentes porque la etapa terminaba en la cima del Angliru, uno de los puertos m\u00e1s duros de La Vuelta.<\/p>\n<p>El jaqu\u00e9s ten\u00eda muchas ilusiones en haber conseguido alg\u00fan triunfo de etapa como el a\u00f1o pasado, pero no pudo conseguirlo siendo segundo en la que finaliz\u00f3 en Belagua. Tambi\u00e9n se meti\u00f3 el jueves en la escapada buena de la duod\u00e9cima jornada que finaliz\u00f3 en la localidad c\u00e1ntabra de Los Corrales de Buelna en la que fue d\u00e9cimo, y en la primera etapa pirenaica que concluy\u00f3 en la estaci\u00f3n andorrana de Pal fue sexto.<\/p>\n<p>Fernando Barcel\u00f3 no ha podido demostrar el buen momento de forma en el que llegaba a esta ronda espa\u00f1ola.<\/p>\n<p>Con estas dos retiradas y la de Jorge Arcas, solamente quedan en el pelot\u00f3n el barbastrense Sergio Samitier de los cuatro altoaragoneses que comenzaron La Vuelta ciclista a Espa\u00f1a.<\/p>\n","protected":false},"excerpt":{"rendered":"Huesca Malas noticias para el ciclismo altoaragon\u00e9s que pierde a otros dos corredores, como ya sucedi\u00f3 con Jorge&hellip;\n","protected":false},"author":2,"featured_media":95796,"comment_status":"","ping_status":"","sticky":false,"template":"","format":"standard","meta":{"footnotes":""},"categories":[273],"tags":[313,312,168,25,24,23,167],"class_list":{"0":"post-95795","1":"post","2":"type-post","3":"status-publish","4":"format-standard","5":"has-post-thumbnail","7":"category-ciclismo","8":"tag-ciclismo","9":"tag-cycling","10":"tag-deportes","11":"tag-es","12":"tag-espana","13":"tag-spain","14":"tag-sports"},"share_on_mastodon":{"url":"","error":""},"_links":{"self":[{"href":"https:\/\/www.europesays.com\/es\/wp-json\/wp\/v2\/posts\/95795","targetHints":{"allow":["GET"]}}],"collection":[{"href":"https:\/\/www.europesays.com\/es\/wp-json\/wp\/v2\/posts"}],"about":[{"href":"https:\/\/www.europesays.com\/es\/wp-json\/wp\/v2\/types\/post"}],"author":[{"embeddable":true,"href":"https:\/\/www.europesays.com\/es\/wp-json\/wp\/v2\/users\/2"}],"replies":[{"embeddable":true,"href":"https:\/\/www.europesays.com\/es\/wp-json\/wp\/v2\/comments?post=95795"}],"version-history":[{"count":0,"href":"https:\/\/www.europesays.com\/es\/wp-json\/wp\/v2\/posts\/95795\/revisions"}],"wp:featuredmedia":[{"embeddable":true,"href":"https:\/\/www.europesays.com\/es\/wp-json\/wp\/v2\/media\/95796"}],"wp:attachment":[{"href":"https:\/\/www.europesays.com\/es\/wp-json\/wp\/v2\/media?parent=95795"}],"wp:term":[{"taxonomy":"category","embeddable":true,"href":"https:\/\/www.europesays.com\/es\/wp-json\/wp\/v2\/categories?post=95795"},{"taxonomy":"post_tag","embeddable":true,"href":"https:\/\/www.europesays.com\/es\/wp-json\/wp\/v2\/tags?post=95795"}],"curies":[{"name":"wp","href":"https:\/\/api.w.org\/{rel}","templated":true}]}}