{"id":95814,"date":"2025-09-05T20:17:16","date_gmt":"2025-09-05T20:17:16","guid":{"rendered":"https:\/\/www.europesays.com\/es\/95814\/"},"modified":"2025-09-05T20:17:16","modified_gmt":"2025-09-05T20:17:16","slug":"marc-marquez-sobre-las-quejas-de-pecco-bagnaia-con-la-ducati-en-el-gp-de-catalunya-ha-perdido-la-confianza","status":"publish","type":"post","link":"https:\/\/www.europesays.com\/es\/95814\/","title":{"rendered":"Marc M\u00e1rquez, sobre las quejas de Pecco Bagnaia con la Ducati en el GP de Catalunya: \u00abHa perdido la confianza\u00bb"},"content":{"rendered":"<p data-journey-content=\"true\" data-node-id=\"2\" class=\"css-i9p093 emevuu60\">Antes de llegar al Gran Premio de Catalunya, Marc M\u00e1rquez ya avisaba que el trazado de Montmel\u00f3 podr\u00eda ser m\u00e1s complicado para ambas Ducati. De hecho, el \u201893\u2019 apuntaba a que <a href=\"https:\/\/www.caranddriver.com\/es\/motorsport\/a65980724\/marc-marquez-problemas-ducati-gp-catalunya-apretar-sufrir\/\" target=\"_blank\" data-vars-ga-outbound-link=\"https:\/\/www.caranddriver.com\/es\/motorsport\/a65980724\/marc-marquez-problemas-ducati-gp-catalunya-apretar-sufrir\/\" data-vars-ga-ux-element=\"Hyperlink\" data-vars-ga-call-to-action=\"KTM podr\u00edan ser los rivales a batir\" data-node-id=\"2.1\" class=\"body-link css-168zq96 emevuu60\" rel=\"nofollow noopener\">KTM podr\u00edan ser los rivales a batir<\/a> durante este fin de semana. A pesar de ello, el primer d\u00eda de entrenamientos libres comenzaba con buen pie para el piloto espa\u00f1ol, que terminaba 3\u00ba en la primera sesi\u00f3n a pesar de no haber cambiado neum\u00e1ticos. <\/p>\n<p>Las dificultades de Ducati en el GP de Catalunya<\/p>\n<p data-journey-content=\"true\" data-node-id=\"4\" class=\"css-i9p093 emevuu60\">Un resultado <strong data-node-id=\"4.1\">que contrarresta con el rendimiento de las Ducati, con tan s\u00f3lo dos de ellas metidas dentro del top 10, las de Marc M\u00e1rquez y \u00c1lex M\u00e1rquez.<\/strong> M\u00e1s tarde, en los FP2, el catal\u00e1n montaba un nuevo juego que le permitir\u00eda ascender hasta la primera plaza, mientras que su compa\u00f1ero de equipo, Pecco Bagnaia, har\u00eda un tiempo 1,2 segundos m\u00e1s lento que el l\u00edder del campeonato, sufriendo numerosos problemas con la Desmosedici GP25.<\/p>\n<p data-journey-content=\"true\" data-node-id=\"5\" class=\"css-i9p093 emevuu60\">Poco antes del final, las KTM dejar\u00edan entrever su potencial este fin de semana, con Brad Binder a la cabeza, seguido de Pedro Acosta, mientras que <a href=\"https:\/\/www.caranddriver.com\/es\/motorsport\/a65971402\/mensaje-marc-marquez-pecco-bagnaia-alerta-ducati-gp-cataluna-pista\/\" target=\"_blank\" data-vars-ga-outbound-link=\"https:\/\/www.caranddriver.com\/es\/motorsport\/a65971402\/mensaje-marc-marquez-pecco-bagnaia-alerta-ducati-gp-cataluna-pista\/\" data-vars-ga-ux-element=\"Hyperlink\" data-vars-ga-call-to-action=\"Marc M\u00e1rquez tendr\u00eda que conformarse con la 4\u00aa posici\u00f3n\" data-node-id=\"5.1\" class=\"body-link css-168zq96 emevuu60\" rel=\"nofollow noopener\">Marc M\u00e1rquez tendr\u00eda que conformarse con la 4\u00aa posici\u00f3n<\/a> a dos d\u00e9cimas del tiempo m\u00e1s r\u00e1pido. Una diferencia que se ha ido al segundo en el caso del piloto italiano, quien ha asegurado que \u201cdeber\u00eda estar entre los cinco primeros, no lo estoy consiguiendo\u201d. <\/p>\n<p><img draggable=\"true\" alt=\"marc m\u00e1rquez ducati motogp\" title=\"Marc M\u00e1rquez Ducati MotoGP\" loading=\"lazy\" width=\"5736\" height=\"3824\" decoding=\"async\" data-nimg=\"1\" style=\"color:transparent;width:100%;height:auto;\"   src=\"https:\/\/www.europesays.com\/es\/wp-content\/uploads\/2025\/09\/gettyimages-2233841560-68baeec9de0d4.jpg\" class=\"css-0 e1g79fud0\"\/><a target=\"_blank\" rel=\"noopener nofollow\" data-theme-key=\"base-link\" href=\"https:\/\/pinterest.com\/pin\/create\/button\/?url=https:\/\/www.caranddriver.com\/es\/motorsport\/a65993471\/marc-marquez-quejas-pecco-bagnaia-ducati-gp-catalunya-confianza\/&amp;description=&amp;media=https:\/\/hips.hearstapps.com\/hmg-prod\/images\/gettyimages-2233841560-68baeec9de0d4.jpg?resize=1600:*\" class=\"pinterest css-on9hn5 e1c1bym14\"><img decoding=\"async\" data-dynamic-svg=\"true\" src=\"https:\/\/www.caranddriver.com\/_assets\/design-tokens\/fre\/static\/icons\/social\/pinterest.e8cf655.svg?primary=%2523ffffff\" loading=\"lazy\" data-testid=\"dynamic-svg-base\" height=\"auto\" width=\"auto\" alt=\"pinterest\" class=\"css-4lml0h e1mlxuuw1\"\/><\/a><\/p>\n<p>Gold &amp; Goose Photography<\/p>\n<p data-journey-content=\"true\" data-node-id=\"8\" class=\"css-i9p093 emevuu60\">\u201cBueno, hay que valorarlo todo, hay que valorar c\u00f3mo llegas a nivel de la carrera, final de carrera, c\u00f3mo est\u00e1s llegando, si consigues llegar con \u00e9l, y luego tambi\u00e9n hay que valorar la situaci\u00f3n que tenemos del campeonato. <strong data-node-id=\"8.1\">Y lo digo y lo sigo diciendo, aunque lleve siete carreras seguidas, me gustar\u00eda ganar la octava, s\u00ed, me gustar\u00eda seguir con la racha<\/strong>\u201d, dec\u00eda el piloto de Ducati.<\/p>\n<p data-journey-content=\"true\" data-node-id=\"9\" class=\"css-i9p093 emevuu60\">\u201cEs uno de los circuitos que siempre me han costado un poquito m\u00e1s, veremos, de momento Alex est\u00e1 siendo el m\u00e1s r\u00e1pido,<strong data-node-id=\"9.1\"> no estoy del todo lejos, a ver si ma\u00f1ana yo puedo dar un pasito a nivel de estilo de pilotaje, porque no solo depende de la moto,<\/strong> sino que yo tambi\u00e9n tengo que mejorar en algunos puntos, centrarme en esas curvas que pierdo un poquito m\u00e1s y a ver si tambi\u00e9n el equipo me puede dar una ayudita\u201d, prosigui\u00f3.<\/p>\n<p data-journey-content=\"true\" data-node-id=\"10\" class=\"css-i9p093 emevuu60\">\u201cNo voy a camuflar ni enga\u00f1ar,<strong data-node-id=\"10.1\"> Pecco Bagnaia est\u00e1 en un momento dif\u00edcil, est\u00e1 en un momento dif\u00edcil tanto mentalmente como a nivel de confianza<\/strong> y esto hace que no est\u00e9 pilotando como \u00e9l es capaz de pilotar. Entonces cuando se baje este boom medi\u00e1tico seguramente esto volver\u00e1 a calmarse y a partir de all\u00ed tiene que empezar a reconstruir otra vez su confianza que evidentemente estas dos \u00faltimas carreras la ha perdido\u201d, concluy\u00f3 Marc M\u00e1rquez. <\/p>\n<p data-journey-content=\"true\" data-node-id=\"11\" class=\"css-i9p093 emevuu60\">Es as\u00ed como el piloto de Ducati ha terminado 3\u00ba y 4\u00ba en los entrenamientos libres del GP de Catalunya, donde de momento, la Desmosedici GP25 est\u00e1 siendo menos competitiva en un fin de semana donde Car and Driver est\u00e1 presente en el paddock.<\/p>\n<p>Contenidos relacionados<\/p>\n","protected":false},"excerpt":{"rendered":"Antes de llegar al Gran Premio de Catalunya, Marc M\u00e1rquez ya avisaba que el trazado de Montmel\u00f3 podr\u00eda&hellip;\n","protected":false},"author":2,"featured_media":95815,"comment_status":"","ping_status":"","sticky":false,"template":"","format":"standard","meta":{"footnotes":""},"categories":[93],"tags":[168,253,25,24,23,167],"class_list":{"0":"post-95814","1":"post","2":"type-post","3":"status-publish","4":"format-standard","5":"has-post-thumbnail","7":"category-deportes","8":"tag-deportes","9":"tag-discover","10":"tag-es","11":"tag-espana","12":"tag-spain","13":"tag-sports"},"share_on_mastodon":{"url":"","error":""},"_links":{"self":[{"href":"https:\/\/www.europesays.com\/es\/wp-json\/wp\/v2\/posts\/95814","targetHints":{"allow":["GET"]}}],"collection":[{"href":"https:\/\/www.europesays.com\/es\/wp-json\/wp\/v2\/posts"}],"about":[{"href":"https:\/\/www.europesays.com\/es\/wp-json\/wp\/v2\/types\/post"}],"author":[{"embeddable":true,"href":"https:\/\/www.europesays.com\/es\/wp-json\/wp\/v2\/users\/2"}],"replies":[{"embeddable":true,"href":"https:\/\/www.europesays.com\/es\/wp-json\/wp\/v2\/comments?post=95814"}],"version-history":[{"count":0,"href":"https:\/\/www.europesays.com\/es\/wp-json\/wp\/v2\/posts\/95814\/revisions"}],"wp:featuredmedia":[{"embeddable":true,"href":"https:\/\/www.europesays.com\/es\/wp-json\/wp\/v2\/media\/95815"}],"wp:attachment":[{"href":"https:\/\/www.europesays.com\/es\/wp-json\/wp\/v2\/media?parent=95814"}],"wp:term":[{"taxonomy":"category","embeddable":true,"href":"https:\/\/www.europesays.com\/es\/wp-json\/wp\/v2\/categories?post=95814"},{"taxonomy":"post_tag","embeddable":true,"href":"https:\/\/www.europesays.com\/es\/wp-json\/wp\/v2\/tags?post=95814"}],"curies":[{"name":"wp","href":"https:\/\/api.w.org\/{rel}","templated":true}]}}