{"id":95829,"date":"2025-09-05T20:25:09","date_gmt":"2025-09-05T20:25:09","guid":{"rendered":"https:\/\/www.europesays.com\/es\/95829\/"},"modified":"2025-09-05T20:25:09","modified_gmt":"2025-09-05T20:25:09","slug":"campeonas-en-la-cancha-pregoneras-en-la-plaza","status":"publish","type":"post","link":"https:\/\/www.europesays.com\/es\/95829\/","title":{"rendered":"\u00a1Campeonas en la cancha, pregoneras en la plaza!"},"content":{"rendered":"<p>Las jugadoras del <b>Club Balonm\u00e1n Porri\u00f1o<\/b>, flamantes subcampeonas de Europa, ser\u00e1n las encargadas de dar el pistoletazo de salida a las <b>Fiestas del Cristo 2025<\/b>. El anuncio se hizo oficial durante la presentaci\u00f3n de la programaci\u00f3n, un acto que celebr\u00f3 los \u00e9xitos deportivos del equipo y el vibrante esp\u00edritu festivo de la localidad.<\/p>\n<p>El alcalde de O Porri\u00f1o, <b>Alejandro Lorenzo<\/b>, no escatim\u00f3 en elogios para el equipo, calific\u00e1ndolas de \u00abun ejemplo de esfuerzo, constancia y superaci\u00f3n\u00bb. Su logro en la competici\u00f3n europea es un hito hist\u00f3rico para la villa, pero m\u00e1s all\u00e1 de la victoria en s\u00ed misma, lo que ha cautivado a los vecinos es el esp\u00edritu luchador de las jugadoras. \u00abEs un orgullo contar con unas embajadoras como ellas, dentro y fuera de la pista\u00bb, afirm\u00f3 el regidor, destacando la admiraci\u00f3n mutua que existe entre el consistorio y el club.<\/p>\n<p>La emoci\u00f3n y el agradecimiento fueron rec\u00edprocos. <b>Alicia<\/b>, una de las capitanas, expres\u00f3 el honor que representa para el equipo ser las pregoneras: \u00abNos hace mucha ilusi\u00f3n y esperamos estar a la altura\u00bb. Su compa\u00f1era <b>Aitana<\/b> a\u00f1adi\u00f3 que el preg\u00f3n es una forma de celebrar una excelente temporada y dar la bienvenida a la pr\u00f3xima. Las jugadoras aprovecharon la ocasi\u00f3n para animar a toda la ciudadan\u00eda a participar en las fiestas y, por supuesto, a apoyar al equipo en el pabell\u00f3n.<\/p>\n<p>\u00a0<\/p>\n<p>El preg\u00f3n se celebrar\u00e1 el <b>s\u00e1bado 27 de septiembre a las 13:00 horas<\/b>, marcando el inicio del fin de semana grande de las celebraciones. Sin embargo, la agenda festiva ya est\u00e1 en marcha, con una programaci\u00f3n que se extiende desde el mes de septiembre hasta el <b>domingo 5 de octubre<\/b>, culminando con la tradicional <b>Festa do Callos<\/b>, que este a\u00f1o celebra su trig\u00e9simo segunda edici\u00f3n.<\/p>\n<p>Un mes de fiesta, cultura y tradici\u00f3n<\/p>\n<p>\u00a0<\/p>\n<p>Las Fiestas del Cristo 2025 se consolidan como un evento masivo, con un total de <b>26 jornadas y m\u00e1s de 70 actividades<\/b> para todos los p\u00fablicos. La programaci\u00f3n es un crisol de m\u00fasica, deporte, cultura y promoci\u00f3n del comercio local.<\/p>\n<p>En el \u00e1mbito musical, la oferta es variada y potente. El pistoletazo de salida lo dar\u00e1 el <b>Negrita Music Festival<\/b>, y continuar\u00e1 con conciertos de artistas de la talla de <b>Heredeiros da Crus, Beret y Sash!<\/b>. Las verbenas, un cl\u00e1sico ineludible, contar\u00e1n con orquestas de renombre como <b>Panorama y Par\u00eds de Noia<\/b>, mientras que <b>El Combo Dominicano<\/b> ser\u00e1 el encargado de cerrar el ciclo de fiestas. Adem\u00e1s, se celebrar\u00e1n eventos como el certamen <b>\u00bfTes talento?<\/b>, la batalla de baile y conciertos de bandas de m\u00fasica que llenar\u00e1n de ritmo las calles de O Porri\u00f1o.<\/p>\n<p>Los amantes del deporte tambi\u00e9n tendr\u00e1n su espacio con la celebraci\u00f3n de eventos como La Nocturna, el Dirt-Track Xacob Agra, la Interrunning, un torneo de ajedrez y la Milla Porri\u00f1esa. Los clubes locales de f\u00fatbol, baloncesto y patinaje tambi\u00e9n se sumar\u00e1n a la celebraci\u00f3n con exhibiciones y presentaciones.<\/p>\n<p>El alcalde subray\u00f3 la vitalidad de la villa y el \u00e9xito de estas festividades. \u00abEstamos seguros de que nuestras fiestas ser\u00e1n un verdadero \u00e9xito tanto por la diversidad de los actos programados como por la implicaci\u00f3n de la ciudadan\u00eda, de las asociaciones y de los clubes deportivos\u00bb, afirm\u00f3, agradeciendo de coraz\u00f3n la labor de todos los que hacen posible la celebraci\u00f3n.<\/p>\n<p>Con un esp\u00edritu participativo y din\u00e1mico, O Porri\u00f1o celebra sus fiestas m\u00e1s que nunca, y el broche de oro de este a\u00f1o lo ponen unas pregoneras de excepci\u00f3n.<\/p>\n","protected":false},"excerpt":{"rendered":"Las jugadoras del Club Balonm\u00e1n Porri\u00f1o, flamantes subcampeonas de Europa, ser\u00e1n las encargadas de dar el pistoletazo de&hellip;\n","protected":false},"author":2,"featured_media":95830,"comment_status":"","ping_status":"","sticky":false,"template":"","format":"standard","meta":{"footnotes":""},"categories":[278],"tags":[376,168,25,24,43,375,10238,23,167],"class_list":{"0":"post-95829","1":"post","2":"type-post","3":"status-publish","4":"format-standard","5":"has-post-thumbnail","7":"category-balonmano","8":"tag-balonmano","9":"tag-deportes","10":"tag-es","11":"tag-espana","12":"tag-fiestas","13":"tag-handball","14":"tag-o-porrino","15":"tag-spain","16":"tag-sports"},"share_on_mastodon":{"url":"","error":""},"_links":{"self":[{"href":"https:\/\/www.europesays.com\/es\/wp-json\/wp\/v2\/posts\/95829","targetHints":{"allow":["GET"]}}],"collection":[{"href":"https:\/\/www.europesays.com\/es\/wp-json\/wp\/v2\/posts"}],"about":[{"href":"https:\/\/www.europesays.com\/es\/wp-json\/wp\/v2\/types\/post"}],"author":[{"embeddable":true,"href":"https:\/\/www.europesays.com\/es\/wp-json\/wp\/v2\/users\/2"}],"replies":[{"embeddable":true,"href":"https:\/\/www.europesays.com\/es\/wp-json\/wp\/v2\/comments?post=95829"}],"version-history":[{"count":0,"href":"https:\/\/www.europesays.com\/es\/wp-json\/wp\/v2\/posts\/95829\/revisions"}],"wp:featuredmedia":[{"embeddable":true,"href":"https:\/\/www.europesays.com\/es\/wp-json\/wp\/v2\/media\/95830"}],"wp:attachment":[{"href":"https:\/\/www.europesays.com\/es\/wp-json\/wp\/v2\/media?parent=95829"}],"wp:term":[{"taxonomy":"category","embeddable":true,"href":"https:\/\/www.europesays.com\/es\/wp-json\/wp\/v2\/categories?post=95829"},{"taxonomy":"post_tag","embeddable":true,"href":"https:\/\/www.europesays.com\/es\/wp-json\/wp\/v2\/tags?post=95829"}],"curies":[{"name":"wp","href":"https:\/\/api.w.org\/{rel}","templated":true}]}}