{"id":95837,"date":"2025-09-05T20:31:08","date_gmt":"2025-09-05T20:31:08","guid":{"rendered":"https:\/\/www.europesays.com\/es\/95837\/"},"modified":"2025-09-05T20:31:08","modified_gmt":"2025-09-05T20:31:08","slug":"no-somos-tan-competitivos-como-en-las-dos-pruebas-previas-nos-falta-velocidad","status":"publish","type":"post","link":"https:\/\/www.europesays.com\/es\/95837\/","title":{"rendered":"No somos tan competitivos como en las dos pruebas previas, nos falta velocidad"},"content":{"rendered":"<p class=\"mb-4 text-lg md:leading-8 break-words\">Redacci\u00f3n deportes, 5 sep (EFE).- El espa\u00f1ol Fernando Alonso (Aston Martin), doble campe\u00f3n del mundo de F\u00f3rmula Uno, que marc\u00f3 el decimoquinto tiempo este viernes en los entrenamientos libres para el Gran Premio de Italia, el decimosexto del a\u00f1o, declar\u00f3 en Monza -el templo de la velocidad- que \u00abno\u00bb son \u00abtan competitivos como en las dos pruebas anteriores\u00bb y que necesitan \u00abencontrar m\u00e1s velocidad\u00bb.<\/p>\n<p class=\"mb-4 text-lg md:leading-8 break-words\">\u00abHemos estado probando diferentes sistemas del coche, que est\u00e1 &#8216;ok&#8217;. El &#8216;grip&#8217; (agarre) es bastante alto, con estas temperaturas. En l\u00edneas generales, el viernes no ha estado mal, pero tenemos que mejorar el coche\u00bb, manifest\u00f3 el doble campe\u00f3n mundial asturiano en la pista en la que festej\u00f3 dos de sus 32 victorias en la categor\u00eda reina, ambas desde la &#8216;pole&#8217;: en 2007, con McLaren; y en 2010, a bordo de un Ferrari.<\/p>\n<p class=\"mb-4 text-lg md:leading-8 break-words\">\u00abNo somos tan competitivos como en las dos pruebas previas, as\u00ed que tendremos que encontrar m\u00e1s velocidad esta noche\u00bb, afirm\u00f3 Alonso, en una segunda juventud a los 44 a\u00f1os y que despu\u00e9s de acabar quinto la \u00faltima carrera antes del par\u00f3n vacacional -en Hungr\u00eda, donde logr\u00f3 su mejor resultado del a\u00f1o- acab\u00f3, insatisfecho, en octava posici\u00f3n el Gran Premio de Pa\u00edses Bajos, el pasado domingo.<\/p>\n<p class=\"mb-4 text-lg md:leading-8 break-words\">\u00abCon m\u00e1s combustible es a\u00fan peor\u00bb, advirti\u00f3 Alonso -de cuya primera victoria en la categor\u00eda reina, asimismo en el Hungaroring, se cumplieron 22 a\u00f1os hace dos domingos- en un video publicado por la propia F1 este viernes en Monza.<\/p>\n<p class=\"mb-4 text-lg md:leading-8 break-words\">\u00abCon m\u00e1s combustible me sent\u00ed un poco &#8216;incompetitivo&#8217;, as\u00ed que tenemos que encontrar m\u00e1s velocidad\u00bb, recalc\u00f3 el genial piloto asturiano, asimismo campe\u00f3n del mundo de resistencia (WEC), categor\u00eda en la que festej\u00f3, entre otras, dos victorias en las prestigiosas 24 Horas de Le Mans (Francia).<\/p>\n<p class=\"mb-4 text-lg md:leading-8 break-words\">(c) Agencia EFE<\/p>\n","protected":false},"excerpt":{"rendered":"Redacci\u00f3n deportes, 5 sep (EFE).- El espa\u00f1ol Fernando Alonso (Aston Martin), doble campe\u00f3n del mundo de F\u00f3rmula Uno,&hellip;\n","protected":false},"author":2,"featured_media":95838,"comment_status":"","ping_status":"","sticky":false,"template":"","format":"standard","meta":{"footnotes":""},"categories":[270],"tags":[3077,28075,168,995,25,24,306,2096,271,3603,272,23,167],"class_list":{"0":"post-95837","1":"post","2":"type-post","3":"status-publish","4":"format-standard","5":"has-post-thumbnail","7":"category-formula-1","8":"tag-aston-martin","9":"tag-campeon-del-mundo","10":"tag-deportes","11":"tag-efe","12":"tag-es","13":"tag-espana","14":"tag-f1","15":"tag-fernando-alonso","16":"tag-formula-1","17":"tag-formula-uno","18":"tag-formula1","19":"tag-spain","20":"tag-sports"},"share_on_mastodon":{"url":"","error":""},"_links":{"self":[{"href":"https:\/\/www.europesays.com\/es\/wp-json\/wp\/v2\/posts\/95837","targetHints":{"allow":["GET"]}}],"collection":[{"href":"https:\/\/www.europesays.com\/es\/wp-json\/wp\/v2\/posts"}],"about":[{"href":"https:\/\/www.europesays.com\/es\/wp-json\/wp\/v2\/types\/post"}],"author":[{"embeddable":true,"href":"https:\/\/www.europesays.com\/es\/wp-json\/wp\/v2\/users\/2"}],"replies":[{"embeddable":true,"href":"https:\/\/www.europesays.com\/es\/wp-json\/wp\/v2\/comments?post=95837"}],"version-history":[{"count":0,"href":"https:\/\/www.europesays.com\/es\/wp-json\/wp\/v2\/posts\/95837\/revisions"}],"wp:featuredmedia":[{"embeddable":true,"href":"https:\/\/www.europesays.com\/es\/wp-json\/wp\/v2\/media\/95838"}],"wp:attachment":[{"href":"https:\/\/www.europesays.com\/es\/wp-json\/wp\/v2\/media?parent=95837"}],"wp:term":[{"taxonomy":"category","embeddable":true,"href":"https:\/\/www.europesays.com\/es\/wp-json\/wp\/v2\/categories?post=95837"},{"taxonomy":"post_tag","embeddable":true,"href":"https:\/\/www.europesays.com\/es\/wp-json\/wp\/v2\/tags?post=95837"}],"curies":[{"name":"wp","href":"https:\/\/api.w.org\/{rel}","templated":true}]}}