{"id":95847,"date":"2025-09-05T20:37:08","date_gmt":"2025-09-05T20:37:08","guid":{"rendered":"https:\/\/www.europesays.com\/es\/95847\/"},"modified":"2025-09-05T20:37:08","modified_gmt":"2025-09-05T20:37:08","slug":"las-pullas-de-david-broncano-a-el-hormiguero-para-anunciar-el-regreso-de-la-revuelta-lider-algunas-veces","status":"publish","type":"post","link":"https:\/\/www.europesays.com\/es\/95847\/","title":{"rendered":"Las pullas de David Broncano a &#8216;El Hormiguero&#8217; para anunciar el regreso de &#8216;La Revuelta&#8217;: \u00abL\u00edder algunas veces\u00bb"},"content":{"rendered":"<p class=\"v-mdl-ath__p v-mdl-ath__p--6\">\nViernes, 5 de septiembre 2025, 20:54<\/p>\n<p class=\"v-p\">David Broncano ya calienta su particular lucha en el &#8216;access prime time&#8217; con &#8216;El Hormiguero&#8217; antes de arrancar su segunda temporada. Si Pablo Motos comenzaba esta primera semana de septiembre, &#8216;La Revuelta&#8217; ha dilatado su regreso al pr\u00f3ximo lunes 8 de septiembre. Eso s\u00ed, no ha perdido la ocasi\u00f3n de asestar alguna que otra pulla a su rival directo en una de sus promociones.<\/p>\n<p class=\"v-p\">Es f\u00e1cil leer entre l\u00edneas. Es bien conocido que la lucha por la audiencia ha derivado en ciertas pol\u00e9micas por c\u00f3mo se interpretan en ocasiones los datos. Depende de la cifra que se tome como referencia (minuto de oro, media de espectadores&#8230;) las lecturas pueden variar. Y es algo de lo que se han servido Antena 3 y La 1 en el \u00faltimo a\u00f1o, sobre todo en las primeras semanas de Broncano el a\u00f1o pasado, cuando incluso lleg\u00f3 a rozar el sorpasso. Poco a poco, se fue desinflando y las hormigas mantuvieron su trono a final de temporada.<\/p>\n<p class=\"v-p\">El programa de Atresmedia ha arrancado esta nueva temporada televisiva sacando de nuevo pecho y presumiendo de conseguir los mejores datos en un arranque desde que comenzase su emisi\u00f3n hace veinte a\u00f1os. No falt\u00f3 la pol\u00e9mica sobre si obtuvo m\u00e1s telespectadores que la entrevista de Pepa Bueno al presidente del Gobierno, Pedro S\u00e1nchez. Cruce de acusaciones entre corporaciones incluido. Ambos espacios coincidieron \u00fanicamente durante 23 minutos. Las estad\u00edsticas se\u00f1alan que durante ese tiempo la entrevista de S\u00e1nchez reuni\u00f3 a 2.109.000 espectadores y un 18,5% de cuota, frente al 17,3% y 1.968.000 seguidores que obtuvo el programa de Pablo Motos. <\/p>\n<p class=\"v-p\">Ahora, &#8216;La Revuelta&#8217; se presenta como \u00abl\u00edder algunas veces, pero la no la mayor\u00eda\u00bb. \u00abEl programa m\u00e1s visto de algunas comunidades aut\u00f3nomas\u00bb o \u00abcon invitados que casi siempre vienen\u00bb, una clara alusi\u00f3n al otro gran roce con &#8216;El Hormiguero&#8217; a ra\u00edz de la no entrevista a Jorge Mart\u00edn, son otras de las pullitas que re\u00fane el anuncio de la nueva temporada. <\/p>\n<p>Comenta<\/p>\n<p>Reporta un error<\/p>\n","protected":false},"excerpt":{"rendered":"Viernes, 5 de septiembre 2025, 20:54 David Broncano ya calienta su particular lucha en el &#8216;access prime time&#8217;&hellip;\n","protected":false},"author":2,"featured_media":95848,"comment_status":"","ping_status":"","sticky":false,"template":"","format":"standard","meta":{"footnotes":""},"categories":[171],"tags":[18203,13289,2429,146,147,25,24,17775,5564,34473,2596,528,23,214,3106],"class_list":{"0":"post-95847","1":"post","2":"type-post","3":"status-publish","4":"format-standard","5":"has-post-thumbnail","7":"category-tv","8":"tag-anunciar","9":"tag-broncano","10":"tag-david","11":"tag-entertainment","12":"tag-entretenimiento","13":"tag-es","14":"tag-espana","15":"tag-hormiguero","16":"tag-lider","17":"tag-pullas","18":"tag-regreso","19":"tag-revuelta","20":"tag-spain","21":"tag-tv","22":"tag-veces"},"share_on_mastodon":{"url":"","error":""},"_links":{"self":[{"href":"https:\/\/www.europesays.com\/es\/wp-json\/wp\/v2\/posts\/95847","targetHints":{"allow":["GET"]}}],"collection":[{"href":"https:\/\/www.europesays.com\/es\/wp-json\/wp\/v2\/posts"}],"about":[{"href":"https:\/\/www.europesays.com\/es\/wp-json\/wp\/v2\/types\/post"}],"author":[{"embeddable":true,"href":"https:\/\/www.europesays.com\/es\/wp-json\/wp\/v2\/users\/2"}],"replies":[{"embeddable":true,"href":"https:\/\/www.europesays.com\/es\/wp-json\/wp\/v2\/comments?post=95847"}],"version-history":[{"count":0,"href":"https:\/\/www.europesays.com\/es\/wp-json\/wp\/v2\/posts\/95847\/revisions"}],"wp:featuredmedia":[{"embeddable":true,"href":"https:\/\/www.europesays.com\/es\/wp-json\/wp\/v2\/media\/95848"}],"wp:attachment":[{"href":"https:\/\/www.europesays.com\/es\/wp-json\/wp\/v2\/media?parent=95847"}],"wp:term":[{"taxonomy":"category","embeddable":true,"href":"https:\/\/www.europesays.com\/es\/wp-json\/wp\/v2\/categories?post=95847"},{"taxonomy":"post_tag","embeddable":true,"href":"https:\/\/www.europesays.com\/es\/wp-json\/wp\/v2\/tags?post=95847"}],"curies":[{"name":"wp","href":"https:\/\/api.w.org\/{rel}","templated":true}]}}