{"id":95849,"date":"2025-09-05T20:38:13","date_gmt":"2025-09-05T20:38:13","guid":{"rendered":"https:\/\/www.europesays.com\/es\/95849\/"},"modified":"2025-09-05T20:38:13","modified_gmt":"2025-09-05T20:38:13","slug":"escucha-las-rarezas-de-la-nueva-reedicion-de-slipknot-directo-de-leprous-nailed-to-obscurity-estrenan-video","status":"publish","type":"post","link":"https:\/\/www.europesays.com\/es\/95849\/","title":{"rendered":"Escucha las rarezas de la nueva reedici\u00f3n de SLIPKNOT. Directo de LEPROUS. NAILED TO OBSCURITY estrenan v\u00eddeo."},"content":{"rendered":"<p>\u00a0<\/p>\n<p style=\"text-align: center;\"><strong><a href=\"#SLIPKNOT2\">Escucha las rarezas de la nueva reedici\u00f3n de SLIPKNOT<\/a> \u2013 <a href=\"#LEPROUS2\">Directo de LEPROUS<\/a> \u2013 <a href=\"#NAILED\">NAILED TO OBSCURITY estrenan v\u00eddeo.<\/a><\/strong><\/p>\n<p>A continuaci\u00f3n pod\u00e9is escuchar varios temas de la nueva reedici\u00f3n del debut de <a href=\"https:\/\/slipknot1.com\/\" target=\"_blank\" rel=\"noopener nofollow\"><strong>SLIPKNOT<\/strong><\/a> que sale hoy 5 de septiembre a trav\u00e9s de Roadrunner Records con motivo de su vigesimoquinto aniversario.<\/p>\n<p>Todos los detalles en esta <a href=\"https:\/\/www.rafabasa.com\/2025\/07\/27\/slipknot-alice-cooper-h-e-a-t\/#SLIPKNOT\" rel=\"nofollow noopener\" target=\"_blank\">noticia<\/a> y una maqueta en <a href=\"https:\/\/www.rafabasa.com\/2025\/09\/01\/slipknot-sweet-savage-raze\/#SLIPKNOT\" rel=\"nofollow noopener\" target=\"_blank\">esta<\/a>.<\/p>\n<p>En principio la banda ya trabaja en su <a href=\"https:\/\/www.rafabasa.com\/2025\/05\/26\/slipknot-within-temptation-marty-friedman-aska\/#SLIPKNOT\" rel=\"nofollow noopener\" target=\"_blank\">pr\u00f3ximo disco<\/a>.<\/p>\n<p><a href=\"https:\/\/slipknot1.com\/\" target=\"_blank\" rel=\"noopener nofollow\"><strong>SLIPKNOT<\/strong><\/a>\u00a0publicaron en sus redes sociales que hab\u00edan grabado un nuevo tema titulado \u201cLong May You Die\u201d durante las sesiones con su nuevo bater\u00eda <strong>Eloy Casagrande<\/strong>.<\/p>\n<p>\u00a0<\/p>\n<p>\u00a0<\/p>\n<p>\u00a0<\/p>\n<p>\u00a0<\/p>\n<p>\u00a0<\/p>\n<p>\u00a0<\/p>\n<p>\u00a0<\/p>\n<p>\u00a0<\/p>\n<p>\u00a0<\/p>\n<p>\u00a0<\/p>\n<p>\u00a0<\/p>\n<p>\u00a0<\/p>\n<p>\u00a0<\/p>\n<p>\u00a0<\/p>\n<p><a href=\"https:\/\/www.facebook.com\/leprousband\" target=\"_blank\" rel=\"noopener nofollow\"><strong>LEPROUS<\/strong><\/a> editar\u00e1n el 24 de octubre a trav\u00e9s de Inside Out un nuevo directo titulado \u201cAn Evening Of Atonement\u201d.<\/p>\n<p>La actuaci\u00f3n se grab\u00f3 en el pasado 7 de febrero en la sala Poppodium 013 de Tilburg, Holanda.<\/p>\n<p>A continuaci\u00f3n ten\u00e9is el tema \u201cLike A Sunken Ship\u201d.<\/p>\n<p>El \u00e1lbum estar\u00e1 disponible en triple vinilo de diferentes colores, doble CD con Blu-Ray en digipak y formato digital.<\/p>\n<p>La banda nos <a href=\"https:\/\/www.rafabasa.com\/2025\/03\/28\/leprous-en-murcia-y-barcelona-noviembre-de-2025\/\" rel=\"nofollow noopener\" target=\"_blank\">visitar\u00e1 en noviembre<\/a>.<\/p>\n<p><a href=\"https:\/\/www.facebook.com\/leprousband\" target=\"_blank\" rel=\"noopener nofollow\"><strong>LEPROUS<\/strong><\/a> editaron el 30 de agosto de 2023 a trav\u00e9s de InsideOut su \u00faltimo disco \u201cMelodies Of Atonement\u201d.<\/p>\n<p>M\u00e1s detalles en esta <a href=\"https:\/\/www.rafabasa.com\/2024\/05\/31\/leprous-zenobia-flotsam-and-jetsam\/#LEPROUS\" target=\"_blank\" rel=\"noopener nofollow\">noticia<\/a> y los adelantos aparecidos en <a href=\"https:\/\/www.rafabasa.com\/2024\/08\/15\/metallica-leprous-kanonenfieber\/#LEPROUS\" target=\"_blank\" rel=\"noopener nofollow\">este<\/a>.<\/p>\n<p>\u00a0<\/p>\n<p>\u201cGlass Bleeding\u201d es el nuevo v\u00eddeo de <strong>NAILED TO OBSCURITY<\/strong>.<\/p>\n<p><strong>NAILED TO OBSCURITY<\/strong> sacar\u00e1n el 25 de septiembre a trav\u00e9s de Nuclear Blast un nuevo disco titulado \u201cGeneration Of The Void\u201d.<\/p>\n<p>Todos los detalles en esta <a href=\"https:\/\/www.rafabasa.com\/2025\/07\/23\/the-warning-nailed-to-obscurity-myrath\/#NAILED\" rel=\"nofollow noopener\" target=\"_blank\">noticia<\/a>.<\/p>\n<p align=\"center\"><strong>Sigue el\u00a0<a href=\"https:\/\/whatsapp.com\/channel\/0029VaCprxVBA1f555USvT2O\" target=\"_blank\" rel=\"nofollow noopener\">Canal de RAFABASA.COM en WhatsApp<\/a>, donde encontrar\u00e1s todas nuestras novedades al instante<\/strong><\/p>\n<p>&#13;<\/p>\n<tr>&#13;<\/p>\n<td width=\"25%\"\/>&#13;<\/p>\n<td width=\"50%\"><a href=\"https:\/\/www.ticketmaster.es\/event\/avalanch--eder-pullhammer-entradas\/983887773\" target=\"_blank\" rel=\"noopener nofollow\"><img loading=\"lazy\" decoding=\"async\" src=\"https:\/\/www.europesays.com\/es\/wp-content\/uploads\/2025\/09\/banner_avalanch_barcelona31_08_25.jpg\" alt=\"AVALANCH - Barcelona\" width=\"216\" height=\"271\"\/><\/a><\/td>\n<p>&#13;<\/p>\n<td width=\"25%\"\/>&#13;<br \/>\n    <\/tr>\n<p>&#13;<\/p>\n<p>  &#13;<\/p>\n<tr>&#13;<\/p>\n<td width=\"50%\"><a href=\"https:\/\/www.ticketmaster.es\/event\/gineta-rock-entradas\/1757164303\" target=\"_blank\" rel=\"noopener nofollow\"><img loading=\"lazy\" decoding=\"async\" src=\"https:\/\/www.europesays.com\/es\/wp-content\/uploads\/2025\/09\/banner_gineta_rock14_08_25.jpg\" alt=\"GINETA ROCK 2025\" width=\"216\" height=\"304\"\/><\/a><\/td>\n<p>&#13;<\/p>\n<td width=\"50%\"><a href=\"https:\/\/koba-live.com\/entradas\/\" target=\"_blank\" rel=\"noopener nofollow\"><img loading=\"lazy\" decoding=\"async\" src=\"https:\/\/www.europesays.com\/es\/wp-content\/uploads\/2025\/09\/cartel2025.jpg\" alt=\" KOBA LIVE\" width=\"216\" height=\"305\"\/><\/a><\/td>\n<p>&#13;<br \/>\n  <\/tr>\n<p>&#13;<\/p>\n<p>&#13;<\/p>\n<tr>&#13;<\/p>\n<td width=\"50%\"><a href=\"https:\/\/entradium.com\/es\/events\/tim-ripper-owens-granada-aniversario-rainbow-metal-pub\" target=\"_blank\" rel=\"noopener nofollow\"><img loading=\"lazy\" decoding=\"async\" src=\"https:\/\/www.europesays.com\/es\/wp-content\/uploads\/2025\/09\/ripper_rainbow_granada21_07_25.jpg\" alt=\"TIM RIPPER OWENS \u2013 Granada - Aniversario - Rainbow-Metal-PUB\" width=\"216\" height=\"312\"\/><\/a><\/td>\n<p>&#13;<\/p>\n<td width=\"50%\"><a href=\"https:\/\/www.leyendasdelrockfestival.com\/tickets\/\" rel=\"nofollow noopener\" target=\"_blank\"><img loading=\"lazy\" decoding=\"async\" src=\"https:\/\/www.europesays.com\/es\/wp-content\/uploads\/2025\/09\/banner_leyendas2026_19_08_25.jpg\" alt=\"LEYENDAS DEL ROCK 2026\" width=\"216\" height=\"173\"\/><\/a><\/td>\n<p>&#13;<br \/>\n  <\/tr>\n<p>&#13;<\/p>\n","protected":false},"excerpt":{"rendered":"\u00a0 Escucha las rarezas de la nueva reedici\u00f3n de SLIPKNOT \u2013 Directo de LEPROUS \u2013 NAILED TO OBSCURITY&hellip;\n","protected":false},"author":2,"featured_media":95850,"comment_status":"","ping_status":"","sticky":false,"template":"","format":"standard","meta":{"footnotes":""},"categories":[170],"tags":[146,147,25,24,34474,184,185,34475,3208,23],"class_list":{"0":"post-95849","1":"post","2":"type-post","3":"status-publish","4":"format-standard","5":"has-post-thumbnail","7":"category-musica","8":"tag-entertainment","9":"tag-entretenimiento","10":"tag-es","11":"tag-espana","12":"tag-leprous","13":"tag-music","14":"tag-musica","15":"tag-nailed-to-obscurity","16":"tag-slipknot","17":"tag-spain"},"share_on_mastodon":{"url":"","error":""},"_links":{"self":[{"href":"https:\/\/www.europesays.com\/es\/wp-json\/wp\/v2\/posts\/95849","targetHints":{"allow":["GET"]}}],"collection":[{"href":"https:\/\/www.europesays.com\/es\/wp-json\/wp\/v2\/posts"}],"about":[{"href":"https:\/\/www.europesays.com\/es\/wp-json\/wp\/v2\/types\/post"}],"author":[{"embeddable":true,"href":"https:\/\/www.europesays.com\/es\/wp-json\/wp\/v2\/users\/2"}],"replies":[{"embeddable":true,"href":"https:\/\/www.europesays.com\/es\/wp-json\/wp\/v2\/comments?post=95849"}],"version-history":[{"count":0,"href":"https:\/\/www.europesays.com\/es\/wp-json\/wp\/v2\/posts\/95849\/revisions"}],"wp:featuredmedia":[{"embeddable":true,"href":"https:\/\/www.europesays.com\/es\/wp-json\/wp\/v2\/media\/95850"}],"wp:attachment":[{"href":"https:\/\/www.europesays.com\/es\/wp-json\/wp\/v2\/media?parent=95849"}],"wp:term":[{"taxonomy":"category","embeddable":true,"href":"https:\/\/www.europesays.com\/es\/wp-json\/wp\/v2\/categories?post=95849"},{"taxonomy":"post_tag","embeddable":true,"href":"https:\/\/www.europesays.com\/es\/wp-json\/wp\/v2\/tags?post=95849"}],"curies":[{"name":"wp","href":"https:\/\/api.w.org\/{rel}","templated":true}]}}