{"id":95861,"date":"2025-09-05T20:44:07","date_gmt":"2025-09-05T20:44:07","guid":{"rendered":"https:\/\/www.europesays.com\/es\/95861\/"},"modified":"2025-09-05T20:44:07","modified_gmt":"2025-09-05T20:44:07","slug":"ibex-35-hoy-la-bolsa-en-directo-wall-street-cierra-con-caidas-tras-el-mal-dato-de-empleo","status":"publish","type":"post","link":"https:\/\/www.europesays.com\/es\/95861\/","title":{"rendered":"Ibex 35 hoy, La Bolsa en Directo | Wall Street cierra con ca\u00eddas tras el mal dato de empleo"},"content":{"rendered":"<p class=\"ue-c-article__paragraph\">\n                                        El Nasdaq cierra en n\u00fameros rojos tras tocar m\u00e1ximos hist\u00f3ricos. Broadcom sube casi un 10% tras superar previsiones en sus resultados y asegurarse 10.000 millones de d\u00f3lares en ventas de chips.\n                                    <\/p>\n<p class=\"ue-c-article__paragraph\"><strong>Wall Street<\/strong> ha despedido con descensos una semana positiva para sus \u00edndices. La renta variable estadounidense ha borrado sus ganancias iniciales despu\u00e9s de que los datos de empleo de la primera potencia del mundo hayan sido peores de lo esperado. Esto hace que los inversores den por descontado una bajada de tipos en septiembre y vean probable m\u00e1s recortes en el precio del dinero a lo largo del a\u00f1o, aunque eleva el temor a que <strong>la econom\u00eda se encuentre en peor estado del esperado<\/strong>. <\/p>\n<p class=\"ue-c-article__paragraph\">\u00abLas acciones se han mantenido bien en un contexto de tipos altos y una econom\u00eda resiliente, pero esa resiliencia podr\u00eda desvanecerse r\u00e1pidamente si el mercado laboral muestra <strong>verdaderas grietas<\/strong>\u00ab, advierte Bret Kenwell, analista de Mercados de eToro en EEUU.<\/p>\n<p class=\"ue-c-article__paragraph\">El <strong>Nasdaq<\/strong> ha llegado a tocar hoy m\u00e1ximos hist\u00f3ricos en 21.878 puntos, para luego retroceder un 0,03% y finalizar el d\u00eda en los 21.700 puntos. Sus dos mayores compa\u00f1\u00edas, <strong>Microsoft<\/strong> (-2,55%) y <strong>Nvidia<\/strong> (-2,70%), han prolongado su mala racha en Bolsa, a diferencia de <strong>Alphabet<\/strong> (+1,18%), que solo en esta semana ha escalado un 10,40%. Bien es cierto que, entre <strong>los siete magn\u00edficos<\/strong>, la mayor subida se la ha apuntado <strong>Tesla<\/strong>, que ha repuntado un 3,63% tras anunciar un plan de remuneraci\u00f3n para <strong>Elon Musk<\/strong> de 1 bill\u00f3n de d\u00f3lares. <\/p>\n<p class=\"ue-c-article__paragraph\">El <strong>S&amp;P 500<\/strong> ha cerrado en los 6.481 puntos tras caer un 0,32%. <strong>Broadcom<\/strong> (+9,41%), que ayer super\u00f3 previsiones y anunci\u00f3 ventas aseguradas por valor de 10.000 millones de d\u00f3lares en chips, ha liderado las ganancias en el \u00edndice. En cambio, la marca de ropa deportiva <strong>Lululemon<\/strong> ha dado a conocer unas proyecciones trimestrales decepcionantes y se ha desplomado un 18,58%. <\/p>\n<p class=\"ue-c-article__paragraph\">Por su parte, el <strong>Dow Jones<\/strong> ha cedido un 0,48% hasta los 45.400 puntos. <strong>Salesforce<\/strong> (+2,77%), <strong>Sherwin-Williams<\/strong> (+1,82%), y <strong>Home Depot<\/strong> (+1,76%) han sido los valores m\u00e1s alcistas del \u00edndice, que se ha visto lastrado por <strong>JPMorgan<\/strong> (-3,11%), <strong>Nvidia<\/strong> (-2,70%) y <strong>Chevron<\/strong> (-2,56%). <\/p>\n","protected":false},"excerpt":{"rendered":"El Nasdaq cierra en n\u00fameros rojos tras tocar m\u00e1ximos hist\u00f3ricos. Broadcom sube casi un 10% tras superar previsiones&hellip;\n","protected":false},"author":2,"featured_media":95862,"comment_status":"","ping_status":"","sticky":false,"template":"","format":"standard","meta":{"footnotes":""},"categories":[80],"tags":[2300,12239,82,95,94,25,24,114,23],"class_list":{"0":"post-95861","1":"post","2":"type-post","3":"status-publish","4":"format-standard","5":"has-post-thumbnail","7":"category-economia","8":"tag-bolsa","9":"tag-bolsa-de-wall-street","10":"tag-business","11":"tag-economia","12":"tag-economy","13":"tag-es","14":"tag-espana","15":"tag-mercados","16":"tag-spain"},"share_on_mastodon":{"url":"","error":""},"_links":{"self":[{"href":"https:\/\/www.europesays.com\/es\/wp-json\/wp\/v2\/posts\/95861","targetHints":{"allow":["GET"]}}],"collection":[{"href":"https:\/\/www.europesays.com\/es\/wp-json\/wp\/v2\/posts"}],"about":[{"href":"https:\/\/www.europesays.com\/es\/wp-json\/wp\/v2\/types\/post"}],"author":[{"embeddable":true,"href":"https:\/\/www.europesays.com\/es\/wp-json\/wp\/v2\/users\/2"}],"replies":[{"embeddable":true,"href":"https:\/\/www.europesays.com\/es\/wp-json\/wp\/v2\/comments?post=95861"}],"version-history":[{"count":0,"href":"https:\/\/www.europesays.com\/es\/wp-json\/wp\/v2\/posts\/95861\/revisions"}],"wp:featuredmedia":[{"embeddable":true,"href":"https:\/\/www.europesays.com\/es\/wp-json\/wp\/v2\/media\/95862"}],"wp:attachment":[{"href":"https:\/\/www.europesays.com\/es\/wp-json\/wp\/v2\/media?parent=95861"}],"wp:term":[{"taxonomy":"category","embeddable":true,"href":"https:\/\/www.europesays.com\/es\/wp-json\/wp\/v2\/categories?post=95861"},{"taxonomy":"post_tag","embeddable":true,"href":"https:\/\/www.europesays.com\/es\/wp-json\/wp\/v2\/tags?post=95861"}],"curies":[{"name":"wp","href":"https:\/\/api.w.org\/{rel}","templated":true}]}}