{"id":95867,"date":"2025-09-05T20:47:10","date_gmt":"2025-09-05T20:47:10","guid":{"rendered":"https:\/\/www.europesays.com\/es\/95867\/"},"modified":"2025-09-05T20:47:10","modified_gmt":"2025-09-05T20:47:10","slug":"apertura-ano-judicial-la-presidenta-del-poder-judicial-califica-de-impropias-y-rechazables-en-un-estado-de-derecho-las-insistentes-descalificaciones-a-la-justicia","status":"publish","type":"post","link":"https:\/\/www.europesays.com\/es\/95867\/","title":{"rendered":"APERTURA A\u00d1O JUDICIAL | La presidenta del Poder Judicial califica de \u00abimpropias y rechazables en un Estado de derecho\u00bb las \u00abinsistentes descalificaciones a la justicia\u00bb"},"content":{"rendered":"<p class=\"ft-text ft-helper-closenews\">En el ambiente caldeado que se ha vivido esta semana en torno al acto de la apertura del a\u00f1o judicial, la presidenta del Tribunal Supremo y del Consejo General del Poder Judicial, <a class=\"ft-link ft-link--decoration\" href=\"https:\/\/www.elperiodico.com\/es\/politica\/20240905\/presidenta-supremo-perello-estrena-defensa-independencia-judicial-107777882\" target=\"_blank\" rel=\"nofollow noopener\">Isabel Perell\u00f3<\/a>, ha calificado de \u00abt<strong>otalmente inoportunas y rechazables las insistentes descalificaciones a la justicia, provenientes de los poderes p\u00fablicos<\/strong>\u00ab, porque entiende que eso \u00ab<strong>socava de forma directa la confianza en la justicia<\/strong>, al tratar de influir negativamente en la consideraci\u00f3n ciudadana de los jueces\u00bb. Sostiene que son \u00ab<strong>descalificaciones impropias de un estado de derecho avanzado<\/strong> en el que rige no solo el principio de separaci\u00f3n de poderes, sino tambi\u00e9n el de respeto mutuo; en definitiva, la lealtad institucional\u00bb.<\/p>\n<p class=\"ft-text\">Perell\u00f3 quiso diferenciar entre \u00abel desacuerdo y la cr\u00edtica\u00bb, plenamente \u00abaceptable\u00bb y \u00ableg\u00edtimos\u00bb en una democracia, frente a las que lo que hacen es \u00abdesacreditar al poder judicial, atribuy\u00e9ndole <strong>intenciones u objetivos que resultan abiertamente contrarios a los principios que deben presidir la actuaci\u00f3n jurisdiccional<\/strong>\u00ab. Sus palabras se produjeron la misma semana en que el presidente del Gobierno, Pedro S\u00e1nchez, dijo que hab\u00eda \u00abjueces que hac\u00edan pol\u00edtica\u00bb, en referencia a los <a class=\"ft-link ft-link--decoration\" href=\"https:\/\/www.elperiodico.com\/es\/politica\/20250903\/deloitte-esquiva-peticiones-juez-peinado-software-begona-gomez-121199079\" target=\"_blank\" rel=\"nofollow noopener\">procedimientos abiertos contra su esposa,<\/a> su hermano y <a class=\"ft-link ft-link--decoration\" href=\"https:\/\/www.elperiodico.com\/es\/politica\/20250905\/fiscal-general-apertura-ano-judicial-121267599\" target=\"_blank\" rel=\"nofollow noopener\">el fiscal general, que hab\u00eda intervenido justo antes<\/a> que ella y al que alg\u00fan sector del p\u00fablico aplaudi\u00f3, pese a que el protocolo no lo prev\u00e9 en este tipo de actos.<\/p>\n<p class=\"ft-text\">No es la primera vez que Perell\u00f3 utiliza la apertura del a\u00f1o judicial para defender la independencia de los jueces y salir al paso de las cr\u00edticas recibidas desde otros poderes del Estado, pero esta vez quien las hab\u00eda pronunciado hab\u00eda sido nada menos que el propio jefe del Ejecutivo. Por eso gran parte de su discurso estaba destinado a tratar de atajarlas y a asegurar que el poder judicial <strong>\u00abno va a desviarse de su funci\u00f3n, consistente en resolver los conflictos que se dan en la sociedad\u00bb, y \u00abno contribuir a alimentarlos<\/strong>\u00ab.<\/p>\n<p class=\"ft-text\">\u00abEn un Estado de derecho como el nuestro, toda actuaci\u00f3n judicial tiene lugar en el cauce de un proceso, que se desarrolla con todas las garant\u00edas de audiencia y defensa, y es susceptible de ser revisada por otros jueces imparciales e independientes. Los posibles errores son corregidos en el seno del propio proceso judicial, que es sumamente garantista\u00bb, asegur\u00f3 Perell\u00f3 antes de recordar que <strong>\u00abno es propio del Poder Judicial entrar en pol\u00e9micas ni en cr\u00edticas a personas ni a instituciones\u00bb<\/strong>.<\/p>\n<p class=\"ft-text\">\u00ab<strong>Cada cargo p\u00fablico es responsable de sus actos<\/strong>. Pero s\u00ed vamos a defender con firmeza los principios esenciales que definen al Poder Judicial y que hacen que sea digno de este nombre\u00bb, porque \u00ab<strong>la sociedad no merece que los poderes p\u00fablicos entren en descalificaciones ni en reproches mutuos<\/strong>, sino que las <strong>instituciones funcionen con normalidad y que act\u00faen al servicio de los ciudadanos<\/strong>, y con respeto y lealtad a las otras. Y as\u00ed lo har\u00e1 el poder judicial\u00bb, sentenci\u00f3.<\/p>\n<p>Nombramientos<\/p>\n<p class=\"ft-text\">Tambi\u00e9n record\u00f3 que el propio Felipe VI se\u00f1al\u00f3 \u00abhace poco que la legitimidad de las instituciones se asienta en la confianza de la sociedad\u00bb y \u00ab<strong>la democracia no puede funcionar si los ciudadanos no creen en las instituciones<\/strong>. La \u00fanica manera de lograr que conf\u00eden en ellas es cumpliendo con su funci\u00f3n constitucional, sin excusas ni reproches\u00bb. En su opini\u00f3n, as\u00ed lo hecho el Consejo que preside en su primer a\u00f1o de mandato.<\/p>\n<p class=\"ft-text\">Perell\u00f3, primera mujer en asumir la presidencia del Poder Judicial destac\u00f3 que \u00abde los 161 nombramientos efectuados en este a\u00f1o\u00bb por el Consejo General del Poder Judicial, \u00ab<strong>68 han reca\u00eddo en mujeres, lo que representa un 42%, porcentaje se eleva al 53% <\/strong>si tenemos en cuenta solo las plazas a las que han concurrido mujeres y hombres\u00bb. Destac\u00f3 que \u00abla tasa de \u00e9xito para las mujeres respecto de los hombres, cuando concurren en procesos competitivos en el Tribunal Supremo, es de un 12,5%\u00bb, aunque las presidencias m\u00e1s jugosas del alto tribunal<a class=\"ft-link ft-link--decoration\" href=\"https:\/\/www.elperiodico.com\/es\/politica\/20250717\/renuncia-candidatas-progresistas-via-libre-designacion-martinez-arrieta-lucas-presidencias-supremo-119800069\" target=\"_blank\" rel=\"nofollow noopener\"> hayan correspondido a dos hombres: Andr\u00e9s Mart\u00ednez Arrieta y Pablo Lucas<\/a>. No obstante, insisti\u00f3 en que su \u00abempe\u00f1o\u00bb ser\u00e1 asistir a \u00ab<strong>un verdadero cambio en la c\u00fapula judicial\u00bb para lograr \u00abla plena igualdad<\/strong>\u00ab.<\/p>\n<p>&#8216;Ley Bola\u00f1os&#8217;<\/p>\n<p class=\"ft-text\">Pese a destacar la labor desarrollada por el CGPJ, admiti\u00f3 que \u00abquedan todav\u00eda desaf\u00edos de gran envergadura: entre otros muchos, la implantaci\u00f3n de los tribunales de instancia\u00bb, prevista en la ambiciosa reforma legislativa puesta en marcha por el ministro F\u00e9lix Bola\u00f1os. A\u00f1adi\u00f3 que le \u00abpreocupan los problemas organizativos que conlleva\u00bb, as\u00ed como \u00abdar una respuesta eficaz a la litigaci\u00f3n en masa\u00bb.<\/p>\n<p class=\"ft-text\">Cr\u00edtica a la que sum\u00f3 que el \u00ab<strong>necesario incremento del n\u00famero de jueces no puede hacerse en detrimento de la calidad de la formaci\u00f3n que exige la funci\u00f3n jurisdiccional.<\/strong> Las reformas que en el futuro puedan plantearse en el sistema de selecci\u00f3n deben respetar siempre sus principios esenciales: la publicidad, la objetividad de las pruebas, que se basa en un control del conocimiento del derecho exhaustivo, y la transparencia. Estos principios garantizan jueces independientes y con plena autonom\u00eda personal\u00bb.<\/p>\n<p class=\"ft-text\">Neg\u00f3 que los jueces sean inmovilistas y se permiti\u00f3 hasta se\u00f1alar que \u00abexisten <strong>reformas en tramitaci\u00f3n que afectan directamente a la carrera judicial <\/strong>y que <strong>generan leg\u00edtima preocupaci\u00f3n de la judicatura<\/strong>. Es, obviamente, al legislador al que corresponde aprobar estas reformas, pero deben elaborarse mediante di\u00e1logo institucional y con la participaci\u00f3n del CGPJ\u00bb. El acceso del millar de jueces sustitutos sin oposici\u00f3n llev\u00f3 a las carreras fiscal y judicial a <a class=\"ft-link ft-link--decoration\" href=\"https:\/\/www.elperiodico.com\/es\/politica\/20250703\/jueces-fiscales-califican-historico-fin-huelga-tres-dias-silencio-bolanos-119324959\" target=\"_blank\" rel=\"nofollow noopener\">parar tres d\u00edas<\/a> en julio.<\/p>\n<p data-close=\"closedContent\" class=\"subscribeHideForDisplay\">Suscr\u00edbete para seguir leyendo<\/p>\n","protected":false},"excerpt":{"rendered":"En el ambiente caldeado que se ha vivido esta semana en torno al acto de la apertura del&hellip;\n","protected":false},"author":2,"featured_media":95868,"comment_status":"","ping_status":"","sticky":false,"template":"","format":"standard","meta":{"footnotes":""},"categories":[5],"tags":[17,18,25,24,13,14,34483,11,34480,34482,34125,7531,19,20,9,10,15,16,4233,14107,34481,23,12,4874,21,22],"class_list":{"0":"post-95867","1":"post","2":"type-post","3":"status-publish","4":"format-standard","5":"has-post-thumbnail","7":"category-titulares","8":"tag-breaking-news","9":"tag-breakingnews","10":"tag-es","11":"tag-espana","12":"tag-featured-news","13":"tag-featurednews","14":"tag-fiscalia-general-del-estado","15":"tag-headlines","16":"tag-impropias","17":"tag-insistentes-descalificaciones-justicia","18":"tag-isabel-perello","19":"tag-judicial","20":"tag-latest-news","21":"tag-latestnews","22":"tag-news","23":"tag-noticias","24":"tag-noticias-destacadas","25":"tag-noticiasdestacadas","26":"tag-poder","27":"tag-presidenta","28":"tag-rechazables","29":"tag-spain","30":"tag-titulares","31":"tag-tribunal-supremo","32":"tag-ultimas-noticias","33":"tag-ultimasnoticias"},"share_on_mastodon":{"url":"","error":""},"_links":{"self":[{"href":"https:\/\/www.europesays.com\/es\/wp-json\/wp\/v2\/posts\/95867","targetHints":{"allow":["GET"]}}],"collection":[{"href":"https:\/\/www.europesays.com\/es\/wp-json\/wp\/v2\/posts"}],"about":[{"href":"https:\/\/www.europesays.com\/es\/wp-json\/wp\/v2\/types\/post"}],"author":[{"embeddable":true,"href":"https:\/\/www.europesays.com\/es\/wp-json\/wp\/v2\/users\/2"}],"replies":[{"embeddable":true,"href":"https:\/\/www.europesays.com\/es\/wp-json\/wp\/v2\/comments?post=95867"}],"version-history":[{"count":0,"href":"https:\/\/www.europesays.com\/es\/wp-json\/wp\/v2\/posts\/95867\/revisions"}],"wp:featuredmedia":[{"embeddable":true,"href":"https:\/\/www.europesays.com\/es\/wp-json\/wp\/v2\/media\/95868"}],"wp:attachment":[{"href":"https:\/\/www.europesays.com\/es\/wp-json\/wp\/v2\/media?parent=95867"}],"wp:term":[{"taxonomy":"category","embeddable":true,"href":"https:\/\/www.europesays.com\/es\/wp-json\/wp\/v2\/categories?post=95867"},{"taxonomy":"post_tag","embeddable":true,"href":"https:\/\/www.europesays.com\/es\/wp-json\/wp\/v2\/tags?post=95867"}],"curies":[{"name":"wp","href":"https:\/\/api.w.org\/{rel}","templated":true}]}}