{"id":95875,"date":"2025-09-05T20:53:10","date_gmt":"2025-09-05T20:53:10","guid":{"rendered":"https:\/\/www.europesays.com\/es\/95875\/"},"modified":"2025-09-05T20:53:10","modified_gmt":"2025-09-05T20:53:10","slug":"joao-almeida-le-manda-un-serio-aviso-a-vingegaard","status":"publish","type":"post","link":"https:\/\/www.europesays.com\/es\/95875\/","title":{"rendered":"Joao Almeida le manda un serio aviso a Vingegaard"},"content":{"rendered":"<p>Todo sigue igual tras una de las etapas reinas de La Vuelta. El UAE tom\u00f3 por fin cartas en al asunto y asumi\u00f3 la responsabilidad  &#8230; de imponer el ritmo en el pelot\u00f3n. Pero Vingegaard, apoyado por Kuss y Jorgenson, se mantuvo muy entero y respondi\u00f3 a todos los problemas que se le plantearon. Un d\u00eda m\u00e1s es un d\u00eda menos, pensar\u00eda el dan\u00e9s, pese a que Almeida se lleva la etapa y las bonificaciones, las cuales el l\u00edder del Visma no quiso o no pudo pelear. Ah\u00ed se le abre la oportunidad al portugu\u00e9s para ir a por su primera grande en un a\u00f1o en el que ya se ha impuesto en la Itzulia y en Suiza. Antes de subir al Angliru, manifestantes propalestinos se cruzaron en la carretera y obligaron a parar a Cepeda (Movistar), Vinokourov (Astana) y Jungels (Ineos).<\/p>\n<p><a href=\"http:\/\/www.diariovasco.com\/deportes\/ciclismo\/jon-odriozola-golpe-encima-mesa-20250905195545-nt.html#vtm_modulosEngag=mod-rel:deportes:noticia:1:cmp:1-not\" class=\"v-a-link\" aria-label=\"Imagen\" rel=\"nofollow noopener\" target=\"_blank\"><\/p>\n<p><img decoding=\"async\" loading=\"lazy\" src=\"https:\/\/www.europesays.com\/es\/wp-content\/uploads\/2025\/08\/autor-6855-foto-1.jpeg\" class=\"\" width=\"72\" height=\"72\" alt=\"JonOdriozola\" data-voc-vtm-id=\"in-text-traffic\"\/><\/p>\n<p><\/a><\/p>\n<p class=\"v-p\">Cuando llega La Vuelta, autom\u00e1ticamente todos los aficionados (y los ciclistas) van a buscar el d\u00eda que toca sufrir el Angliru. Porque s\u00ed, el puerto asturiano se sufre. Esas rampas sostenidas del m\u00e1s del 10% combinadas con paredes que superan el 20% de desnivel son una tortura. Tan duras que apenas permiten cambios de ritmo. Los m\u00e1s fuertes marcan su pedalada y el resto va cayendo poco a poco. \u00abEs la subida m\u00e1s dura del mundo\u00bb, declar\u00f3 el ganador de la etapa.<\/p>\n<p class=\"v-p\">As\u00ed encar\u00f3 el equipo UAE el puerto final. Con Ayuso fuera de combate pese a que Matxin, director deportivo del equipo emirat\u00ed, le hab\u00eda avisado en la previa que \u00abhay que trabajar para proteger a Almeida\u00bb, el de Javea una vez m\u00e1s se ha desentendido del trabajo de equipo tras la fatiga que le caus\u00f3 vencer la etapa de este jueves.<\/p>\n<p class=\"v-p\">Almeida hab\u00eda sido inferior a Vingegaard hasta ahora en la monta\u00f1a, por lo que el portugu\u00e9s quiso imponer un ritmo infernal en el Angliru. A falta de 5 kil\u00f3metros para el final, Almeida peg\u00f3 un aceler\u00f3n y se fue solo con Vingegaard, siempre a rueda y, l\u00f3gicamente, nunca pasando a darle relevo. No es moco de pavo tirar en cabeza durante tanto tiempo en un puerto de ese calibre.<\/p>\n<p class=\"v-p\">El resto de rivales no hicieron acto de presencia y evidenciaron que la lucha por la general es cosa de dos. No hubo diferencias en meta, m\u00e1s all\u00e1 de la bonificaci\u00f3n en meta favorable al portugu\u00e9s, pero el ritmo impuesto por Almeida pic\u00f3 en las piernas de Vingegaard seguro, que no tuvo ese &#8216;punch&#8217; extra para atacarle. No es una cosa menor una victoria de etapa en el Angliru ante uno de los colosos del ciclismo. 46 segundos de diferencia. Hay Vuelta.<\/p>\n<p>El gobierno astur \u00abinsta al Israel-Premier Tech a abandonar La Vuelta<\/p>\n<p class=\"v-p\">\nEl d\u00eda en el que la llegaba llegaba a tierras asturianas, el gobierno astur se ha posicionado claramente respecto al tema que lleva copando la actuallidad de La Vuelta, m\u00e1s all\u00e1 de victorias de unos y rendimiento de otros. La direcci\u00f3n del Principado de Asturios ha instado \u00abal equipo Israel Premier Tech a abandonar La Vuelta\u00bb en un comunicado emitido este viernes por la ma\u00f1ana. Adem\u00e1s, afirman que \u00abel Principado rebaja su participaci\u00f3n como se\u00f1al de rechazo: ni el presidente ni ning\u00fan miembro del Consejo de Gobierno asistir\u00e1 a las etapas asturianas de la competici\u00f3n\u00bb. Por otro lado, surgi\u00f3 el rumor de que el equipo Israel-Premier Tech la temporada que viene eliminar\u00eda Israel de su nombre y pasar\u00eda a llamarse Premier Tech. Sin embargo, el due\u00f1o del equipo sali\u00f3 a desmentir los rumores: Son fake-news. El equipo nunca correr\u00e1 sin el nombre de Israel\u00ab. Ya quitaron las menciones al pa\u00eds hebreo de su autob\u00fas e indumentaria por seguridad, aunque segu\u00edan manteniendo la estrella de David.<\/p>\n","protected":false},"excerpt":{"rendered":"Todo sigue igual tras una de las etapas reinas de La Vuelta. El UAE tom\u00f3 por fin cartas&hellip;\n","protected":false},"author":2,"featured_media":95876,"comment_status":"","ping_status":"","sticky":false,"template":"","format":"standard","meta":{"footnotes":""},"categories":[273],"tags":[22696,6776,313,312,168,34486,25,24,5007,23,167,18389,550,325],"class_list":{"0":"post-95875","1":"post","2":"type-post","3":"status-publish","4":"format-standard","5":"has-post-thumbnail","7":"category-ciclismo","8":"tag-aguanta","9":"tag-almeida","10":"tag-ciclismo","11":"tag-cycling","12":"tag-deportes","13":"tag-envite","14":"tag-es","15":"tag-espana","16":"tag-pese","17":"tag-spain","18":"tag-sports","19":"tag-sufrir","20":"tag-uae","21":"tag-vingegaard"},"share_on_mastodon":{"url":"","error":""},"_links":{"self":[{"href":"https:\/\/www.europesays.com\/es\/wp-json\/wp\/v2\/posts\/95875","targetHints":{"allow":["GET"]}}],"collection":[{"href":"https:\/\/www.europesays.com\/es\/wp-json\/wp\/v2\/posts"}],"about":[{"href":"https:\/\/www.europesays.com\/es\/wp-json\/wp\/v2\/types\/post"}],"author":[{"embeddable":true,"href":"https:\/\/www.europesays.com\/es\/wp-json\/wp\/v2\/users\/2"}],"replies":[{"embeddable":true,"href":"https:\/\/www.europesays.com\/es\/wp-json\/wp\/v2\/comments?post=95875"}],"version-history":[{"count":0,"href":"https:\/\/www.europesays.com\/es\/wp-json\/wp\/v2\/posts\/95875\/revisions"}],"wp:featuredmedia":[{"embeddable":true,"href":"https:\/\/www.europesays.com\/es\/wp-json\/wp\/v2\/media\/95876"}],"wp:attachment":[{"href":"https:\/\/www.europesays.com\/es\/wp-json\/wp\/v2\/media?parent=95875"}],"wp:term":[{"taxonomy":"category","embeddable":true,"href":"https:\/\/www.europesays.com\/es\/wp-json\/wp\/v2\/categories?post=95875"},{"taxonomy":"post_tag","embeddable":true,"href":"https:\/\/www.europesays.com\/es\/wp-json\/wp\/v2\/tags?post=95875"}],"curies":[{"name":"wp","href":"https:\/\/api.w.org\/{rel}","templated":true}]}}