{"id":95898,"date":"2025-09-05T21:05:12","date_gmt":"2025-09-05T21:05:12","guid":{"rendered":"https:\/\/www.europesays.com\/es\/95898\/"},"modified":"2025-09-05T21:05:12","modified_gmt":"2025-09-05T21:05:12","slug":"los-looks-de-invitada-al-desfile-de-iq-collection","status":"publish","type":"post","link":"https:\/\/www.europesays.com\/es\/95898\/","title":{"rendered":"los &#8216;looks&#8217; de invitada al desfile de IQ Collection"},"content":{"rendered":"<p data-journey-content=\"true\" data-node-id=\"1\" class=\"css-i9p093 emevuu60\"><strong data-node-id=\"1.0\">El Palacio de Liria se ha convertido en el epicentro de la moda madrile\u00f1a con la celebraci\u00f3n del quinto aniversario de &#8216;IQ Collection&#8217;, la firma de In\u00e9s Domecq<\/strong> que arrasa entre arist\u00f3cratas, socialit\u00e9s y celebridades. Infinidad de rostros conocidos se dieron cita en este emplazamiento de la capital para festejar a la marca y tambi\u00e9n para lucir los nuevos dise\u00f1os:<strong data-node-id=\"1.2\"> I<\/strong><strong data-node-id=\"1.3\">n\u00e9s Sastre, Victoria Federica, Isabelle Junoy, Isabel Preysler o Eugenia Mart\u00ednez de Irujo y su hija Tana Rivera, <\/strong>entre otras. Estas fueron algunas de las aut\u00e9nticas protagonistas del evento gracias a sus impecables &#8216;looks&#8217; de la colecci\u00f3n.<\/p>\n<p data-journey-content=\"true\" data-node-id=\"3\" class=\"css-i9p093 emevuu60\">En este \u00faltimo desfile, <strong data-node-id=\"3.1\">la firma ha vuelto a brillar con su sello inconfundible: prendas atemporales, con volumen, hombros estructurados y siluetas definidas,<\/strong> de alta calidad y &#8216;made in Spain, todo esto es parte del ADN de la firma de In\u00e9s Domecq que ha conquistado a miles de corazoncitos &#8216;fashionistas&#8217;, raz\u00f3n por la cual la convocatoria de este evento ha sido todo un \u00e9xito y una cita imposible de perderse.<\/p>\n<p>Los &#8216;looks&#8217; de invitada al desfile de IQ Collection<\/p>\n<p data-journey-content=\"true\" data-node-id=\"8\" class=\"css-i9p093 emevuu60\">Entre los invitados, hubo reapariciones muy esperadas. Teresa Urquijo y Jos\u00e9 Luis Mart\u00ednez-Almeida, su primera aparici\u00f3n justo despu\u00e9s de ser padres. De manera similar, Irene Urdangar\u00edn debut\u00f3 en el mundo medi\u00e1tico asistiendo a su primer desfile, dejando atr\u00e1s la discreci\u00f3n de su adolescencia. Y, por supuesto, no pod\u00edan faltar figuras como <strong data-node-id=\"8.1\">Victoria Federica con &#8216;total look&#8217;, <a href=\"https:\/\/www.elle.com\/es\/star-style\/el-estilo-de\/a65994470\/eugenia-martinez-de-irujo-tana-rivera-look-madre-e-hija-desfile-the-iq-collection\/\" data-vars-ga-outbound-link=\"https:\/\/www.elle.com\/es\/star-style\/el-estilo-de\/a65994470\/eugenia-martinez-de-irujo-tana-rivera-look-madre-e-hija-desfile-the-iq-collection\/\" data-vars-ga-ux-element=\"Hyperlink\" data-vars-ga-call-to-action=\"Eugenia Mart\u00ednez de Irujo y su hija Tana\" data-node-id=\"8.1.1\" class=\"body-link css-103hk4r emevuu60\" rel=\"nofollow noopener\" target=\"_blank\">Eugenia Mart\u00ednez de Irujo y su hija Tana<\/a>, madre e hija lucieron estilismos de la firma, Isabelle Junot apost\u00f3 por los lunares.<\/strong><\/p>\n<p data-journey-content=\"true\" data-node-id=\"11\" class=\"css-i9p093 emevuu60\">En cuanto a Cari, ella se decant\u00f3 por un conjunto &#8216;boho&#8217; que a\u00fan recordaba el verano: un vestido azul celeste con estampado \u00e9tnico dorado, falda acampanada con ligero vuelo, cuello elevado y mangas ligeramente abullonadas. <strong data-node-id=\"11.1\">A su lado, su madre apost\u00f3 por un caft\u00e1n de madrina de la firma &#8216;Clo Madrid&#8217;,<\/strong> en amarillo con estampados geom\u00e9tricos. In\u00e9s Sastre, Isabel Preysler y Mar\u00eda G. de Jaime apostaron por la combinaci\u00f3n de blanco y negro.<\/p>\n<p data-journey-content=\"true\" data-node-id=\"13\" class=\"css-i9p093 emevuu60\">Adem\u00e1s, en cuanto a las joyas, <strong data-node-id=\"13.1\">Preysler ha apostado por la sofisticaci\u00f3n y el color de una era dorada con dos pulseras de RABAT 70s,<\/strong> una colecci\u00f3n inspirada en los estilos y tendencias art\u00edsticas de esa d\u00e9cada.<\/p>\n<p data-journey-content=\"true\" data-node-id=\"15\" class=\"css-i9p093 emevuu60\">Los diamantes han sido los protagonistas del estilismo de <strong data-node-id=\"15.1\">Tana Rivera, que escogi\u00f3 piezas \u00fanicas de RABAT Diamonds en oro rosa y diamantes. <\/strong>Por su parte, Victoria <strong data-node-id=\"15.3\">Federica de Marichalar y Borb\u00f3n ha acaparado todas las miradas con unos pendientes de oro blanco con esmeralda<\/strong> talla oval y una delicada orla de diamantes de RABAT Precious Stones. <\/p>\n<p><img draggable=\"true\" alt=\"desfile iq collection\" title=\"desfile iq collection\" loading=\"lazy\" width=\"673\" height=\"757\" decoding=\"async\" data-nimg=\"1\" style=\"color:transparent;width:100%;height:auto;\"   src=\"https:\/\/www.europesays.com\/es\/wp-content\/uploads\/2025\/09\/captura-de-pantalla-2025-09-05-193823-68bb20ffd31a7.png\" class=\"css-0 e1g79fud0\"\/><\/p>\n<p>instagram<\/p>\n<p><img draggable=\"true\" alt=\"desfile iq collection\" title=\"desfile iq collection\" loading=\"lazy\" width=\"679\" height=\"741\" decoding=\"async\" data-nimg=\"1\" style=\"color:transparent;width:100%;height:auto;\"   src=\"https:\/\/www.europesays.com\/es\/wp-content\/uploads\/2025\/09\/captura-de-pantalla-2025-09-05-193836-68bb20ffaca39.png\" class=\"css-0 e1g79fud0\"\/><\/p>\n<p>instagram<\/p>\n<p><img draggable=\"true\" alt=\"desfile iq collection\" title=\"desfile iq collection\" loading=\"lazy\" width=\"675\" height=\"689\" decoding=\"async\" data-nimg=\"1\" style=\"color:transparent;width:100%;height:auto;\"   src=\"https:\/\/www.europesays.com\/es\/wp-content\/uploads\/2025\/09\/captura-de-pantalla-2025-09-05-193936-68bb21003a606.png\" class=\"css-0 e1g79fud0\"\/><\/p>\n<p>instagram<\/p>\n<p><img draggable=\"true\" alt=\"desfile iq collection\" title=\"desfile iq collection\" loading=\"lazy\" width=\"674\" height=\"669\" decoding=\"async\" data-nimg=\"1\" style=\"color:transparent;width:100%;height:auto;\"   src=\"https:\/\/www.europesays.com\/es\/wp-content\/uploads\/2025\/09\/captura-de-pantalla-2025-09-05-193901-68bb20ffed3c3.png\" class=\"css-0 e1g79fud0\"\/><\/p>\n<p>instagram<\/p>\n<p><img draggable=\"true\" alt=\"desfile iq collection\" title=\"desfile iq collection\" loading=\"lazy\" width=\"675\" height=\"753\" decoding=\"async\" data-nimg=\"1\" style=\"color:transparent;width:100%;height:auto;\"   src=\"https:\/\/www.europesays.com\/es\/wp-content\/uploads\/2025\/09\/captura-de-pantalla-2025-09-05-193849-68bb21000c5b9.png\" class=\"css-0 e1g79fud0\"\/><\/p>\n<p>instagram<\/p>\n<p><img draggable=\"true\" alt=\"desfile iq collection\" title=\"desfile iq collection\" loading=\"lazy\" width=\"702\" height=\"737\" decoding=\"async\" data-nimg=\"1\" style=\"color:transparent;width:100%;height:auto;\"   src=\"https:\/\/www.europesays.com\/es\/wp-content\/uploads\/2025\/09\/captura-de-pantalla-2025-09-05-193950-68bb2105611dd.png\" class=\"css-0 e1g79fud0\"\/><\/p>\n<p>instagram<\/p>\n<p><img draggable=\"true\" alt=\"desfile iq collection\" title=\"desfile iq collection\" loading=\"lazy\" width=\"757\" height=\"727\" decoding=\"async\" data-nimg=\"1\" style=\"color:transparent;width:100%;height:auto;\"   src=\"https:\/\/www.europesays.com\/es\/wp-content\/uploads\/2025\/09\/captura-de-pantalla-2025-09-05-193806-68bb2105f39a2.png\" class=\"css-0 e1g79fud0\"\/><\/p>\n<p>instagram<\/p>\n<p><img draggable=\"true\" alt=\"desfile iq collection\" title=\"desfile iq collection\" loading=\"lazy\" width=\"700\" height=\"724\" decoding=\"async\" data-nimg=\"1\" style=\"color:transparent;width:100%;height:auto;\"   src=\"https:\/\/www.europesays.com\/es\/wp-content\/uploads\/2025\/09\/captura-de-pantalla-2025-09-05-194013-68bb210585749.png\" class=\"css-0 e1g79fud0\"\/><\/p>\n<p>instagram<\/p>\n<p><img draggable=\"true\" alt=\"desfile iq collection\" title=\"desfile iq collection\" loading=\"lazy\" width=\"697\" height=\"752\" decoding=\"async\" data-nimg=\"1\" style=\"color:transparent;width:100%;height:auto;\"   src=\"https:\/\/www.europesays.com\/es\/wp-content\/uploads\/2025\/09\/captura-de-pantalla-2025-09-05-194031-68bb210634b0e.png\" class=\"css-0 e1g79fud0\"\/><\/p>\n<p>instagram<\/p>\n<p><img draggable=\"true\" alt=\"desfile iq collection\" title=\"desfile iq collection\" loading=\"lazy\" width=\"687\" height=\"741\" decoding=\"async\" data-nimg=\"1\" style=\"color:transparent;width:100%;height:auto;\"   src=\"https:\/\/www.europesays.com\/es\/wp-content\/uploads\/2025\/09\/captura-de-pantalla-2025-09-05-194059-68bb21064eff0.png\" class=\"css-0 e1g79fud0\"\/><\/p>\n<p>instagram<\/p>\n<p><img decoding=\"async\" data-dynamic-svg=\"true\" src=\"https:\/\/www.elle.com\/_assets\/design-tokens\/elle\/static\/images\/logos\/lettermark.8631e88.svg?primary=%2523000\" loading=\"lazy\" data-testid=\"dynamic-svg-base\" height=\"100\" width=\"100\" alt=\"Lettermark\" class=\"css-7mevzh ev8dhu50\"\/><\/p>\n<p>La redacci\u00f3n de Star Style de Elle est\u00e1 formada por un grupo de periodistas expertos en traerte las \u00faltimas noticias y novedades sobre el estilo y la vida de las celebrities e influencers del momento. Desde las estrellas de Hollywood a la alta sociedad espa\u00f1ola, pasando por lo mejor las casas reales europeas, en la secci\u00f3n de Star Style te vamos a contar los detalles ocultos de sus looks, sus \u00faltimas noticias, sus fotos m\u00e1s personales, las curiosidades m\u00e1s llamativas de sus vidas o sus trucos de maquillaje infalibles.<\/p>\n<p>Y es que en la revista Elle llevamos desde 1986, casi 40 a\u00f1os, d\u00e1ndote a conocer las \u00faltimas tendencias y acerc\u00e1ndote los looks de todo tipo de famosos y famosas: actrices, cantantes, modelos y royals. Esto es posible gracias a un equipo de periodistas especializados en celebrities que analizan y escriben de forma cercana pero precisa cada noticia relevante sobre las celebrities del momento. \u00a0Te contamos d\u00f3nde comprar sus looks, c\u00f3mo vestir como en una alfombra roja, c\u00f3mo aplicar sus trucos de belleza y est\u00e9tica o cu\u00e1les son sus entrenamientos y h\u00e1bitos m\u00e1s saludables. No hay detalle sobre los famosos que se nos escape.<\/p>\n<p>Nuestra redacci\u00f3n de Star Style de Elle est\u00e1 ubicada en Madrid, Espa\u00f1a, y nuestros periodistas expertos en esta \u00e1rea cuentan con una amplia trayectoria en medios de comunicaci\u00f3n y suman m\u00e1s de 20 a\u00f1os de experiencia escribiendo en Elle. El equipo se compone de:<\/p>\n<p>&#8211; <a href=\"https:\/\/www.elle.com\/es\/author\/15941\/amaya-ascunce\/\" rel=\"nofollow noopener\" target=\"_blank\">Amaya Ascunce<\/a>, directora digital de Elle.<\/p>\n<p>&#8211; <a href=\"https:\/\/www.elle.com\/es\/author\/16109\/carmen-bejerano\/\" rel=\"nofollow noopener\" target=\"_blank\">Carmen Bejerano<\/a>, redactora jefe digital de Elle.<\/p>\n<p>&#8211; <a href=\"https:\/\/www.elle.com\/es\/author\/208016\/sara-alcoceba\/\" rel=\"nofollow noopener\" target=\"_blank\">Sara Alcoceba<\/a>, redactora de celebrities y estilo.<\/p>\n<p>&#8211; <a href=\"https:\/\/www.elle.com\/es\/author\/246364\/laura-soria\/\" rel=\"nofollow noopener\" target=\"_blank\">Laura Soria<\/a>, freelance de celebrities, moda y estilo.<\/p>\n<p>&#8211; <a href=\"https:\/\/www.elle.com\/es\/author\/260962\/aitana-dorado\/\" rel=\"nofollow noopener\" target=\"_blank\">Aitana Dorado<\/a>, redactora de celebrities, moda y estilo.\u00a0<\/p>\n","protected":false},"excerpt":{"rendered":"El Palacio de Liria se ha convertido en el epicentro de la moda madrile\u00f1a con la celebraci\u00f3n del&hellip;\n","protected":false},"author":2,"featured_media":95899,"comment_status":"","ping_status":"","sticky":false,"template":"","format":"standard","meta":{"footnotes":""},"categories":[91],"tags":[253,146,147,25,24,23],"class_list":{"0":"post-95898","1":"post","2":"type-post","3":"status-publish","4":"format-standard","5":"has-post-thumbnail","7":"category-entretenimiento","8":"tag-discover","9":"tag-entertainment","10":"tag-entretenimiento","11":"tag-es","12":"tag-espana","13":"tag-spain"},"share_on_mastodon":{"url":"","error":""},"_links":{"self":[{"href":"https:\/\/www.europesays.com\/es\/wp-json\/wp\/v2\/posts\/95898","targetHints":{"allow":["GET"]}}],"collection":[{"href":"https:\/\/www.europesays.com\/es\/wp-json\/wp\/v2\/posts"}],"about":[{"href":"https:\/\/www.europesays.com\/es\/wp-json\/wp\/v2\/types\/post"}],"author":[{"embeddable":true,"href":"https:\/\/www.europesays.com\/es\/wp-json\/wp\/v2\/users\/2"}],"replies":[{"embeddable":true,"href":"https:\/\/www.europesays.com\/es\/wp-json\/wp\/v2\/comments?post=95898"}],"version-history":[{"count":0,"href":"https:\/\/www.europesays.com\/es\/wp-json\/wp\/v2\/posts\/95898\/revisions"}],"wp:featuredmedia":[{"embeddable":true,"href":"https:\/\/www.europesays.com\/es\/wp-json\/wp\/v2\/media\/95899"}],"wp:attachment":[{"href":"https:\/\/www.europesays.com\/es\/wp-json\/wp\/v2\/media?parent=95898"}],"wp:term":[{"taxonomy":"category","embeddable":true,"href":"https:\/\/www.europesays.com\/es\/wp-json\/wp\/v2\/categories?post=95898"},{"taxonomy":"post_tag","embeddable":true,"href":"https:\/\/www.europesays.com\/es\/wp-json\/wp\/v2\/tags?post=95898"}],"curies":[{"name":"wp","href":"https:\/\/api.w.org\/{rel}","templated":true}]}}