{"id":95904,"date":"2025-09-05T21:08:11","date_gmt":"2025-09-05T21:08:11","guid":{"rendered":"https:\/\/www.europesays.com\/es\/95904\/"},"modified":"2025-09-05T21:08:11","modified_gmt":"2025-09-05T21:08:11","slug":"la-onu-advierte-que-la-respuesta-al-narcotrafico-debe-respetar-el-derecho-internacional","status":"publish","type":"post","link":"https:\/\/www.europesays.com\/es\/95904\/","title":{"rendered":"La ONU advierte que la respuesta al narcotr\u00e1fico debe respetar el derecho internacional"},"content":{"rendered":"<p>Ginebra, (EFE).- La Oficina de Derechos Humanos de la ONU dijo este viernes que cualquier acci\u00f3n de un Estado para enfrentar el tr\u00e1fico de drogas debe respetar el derecho internacional, en relaci\u00f3n al ataque lanzado esta semana de Estados Unidos contra una embarcaci\u00f3n que supuestamente pertenec\u00eda a la organizaci\u00f3n criminal Tren de Aragua y que surcaba el Mar Caribe.<\/p>\n<p>En esa acci\u00f3n militar Estados Unidos dijo haber matado a once \u00abnarcoterroristas\u00bb de esa organizaci\u00f3n criminal.<\/p>\n<p>La portavoz de derechos humanos de la ONU, Ravina Shamdasani, sostuvo en Ginebra que esto no puede justificar su asesinato.<\/p>\n<p>\u00abEn cuanto a los delitos relacionados con drogas, para que quede claro, no se debe matar a las personas por consumir, traficar, vender o poseer drogas\u00bb, explic\u00f3.<\/p>\n<p>Campa\u00f1a contras los carteles de la droga<\/p>\n<p>El Departamento de Defensa estadounidense ha indicado que esto solo es el inicio de una campa\u00f1a contra los carteles de la droga que- sostiene- est\u00e1n controlados por el Gobierno de Venezuela. <\/p>\n<p>La portavoz de la ONU agreg\u00f3 que la lucha contra el narcotr\u00e1fico no debe escapar a los principios de legalidad y que los funcionarios son los responsables de cumplirlos.<\/p>\n<p>\u00abPara ser claros, el uso intencional de la fuerza letal solo se permite como medida de \u00faltimo recurso contra una persona que represente una amenaza inminente para la vida\u00bb, recalc\u00f3.<\/p>\n<p>Si hay muertes en una operaci\u00f3n para aplicar la ley se deben investigar de forma independiente, r\u00e1pida y transparente, sostuvo Shamdasani.<\/p>\n","protected":false},"excerpt":{"rendered":"Ginebra, (EFE).- La Oficina de Derechos Humanos de la ONU dijo este viernes que cualquier acci\u00f3n de un&hellip;\n","protected":false},"author":2,"featured_media":95905,"comment_status":"","ping_status":"","sticky":false,"template":"","format":"standard","meta":{"footnotes":""},"categories":[42],"tags":[17,18,13,14,11,61,62,63,64,19,20,7337,9,10,15,16,732,12,21,22,65,66,67],"class_list":{"0":"post-95904","1":"post","2":"type-post","3":"status-publish","4":"format-standard","5":"has-post-thumbnail","7":"category-internacional","8":"tag-breaking-news","9":"tag-breakingnews","10":"tag-featured-news","11":"tag-featurednews","12":"tag-headlines","13":"tag-internacional","14":"tag-international","15":"tag-international-news","16":"tag-internationalnews","17":"tag-latest-news","18":"tag-latestnews","19":"tag-narcotrafico","20":"tag-news","21":"tag-noticias","22":"tag-noticias-destacadas","23":"tag-noticiasdestacadas","24":"tag-onu","25":"tag-titulares","26":"tag-ultimas-noticias","27":"tag-ultimasnoticias","28":"tag-world","29":"tag-world-news","30":"tag-worldnews"},"share_on_mastodon":{"url":"","error":""},"_links":{"self":[{"href":"https:\/\/www.europesays.com\/es\/wp-json\/wp\/v2\/posts\/95904","targetHints":{"allow":["GET"]}}],"collection":[{"href":"https:\/\/www.europesays.com\/es\/wp-json\/wp\/v2\/posts"}],"about":[{"href":"https:\/\/www.europesays.com\/es\/wp-json\/wp\/v2\/types\/post"}],"author":[{"embeddable":true,"href":"https:\/\/www.europesays.com\/es\/wp-json\/wp\/v2\/users\/2"}],"replies":[{"embeddable":true,"href":"https:\/\/www.europesays.com\/es\/wp-json\/wp\/v2\/comments?post=95904"}],"version-history":[{"count":0,"href":"https:\/\/www.europesays.com\/es\/wp-json\/wp\/v2\/posts\/95904\/revisions"}],"wp:featuredmedia":[{"embeddable":true,"href":"https:\/\/www.europesays.com\/es\/wp-json\/wp\/v2\/media\/95905"}],"wp:attachment":[{"href":"https:\/\/www.europesays.com\/es\/wp-json\/wp\/v2\/media?parent=95904"}],"wp:term":[{"taxonomy":"category","embeddable":true,"href":"https:\/\/www.europesays.com\/es\/wp-json\/wp\/v2\/categories?post=95904"},{"taxonomy":"post_tag","embeddable":true,"href":"https:\/\/www.europesays.com\/es\/wp-json\/wp\/v2\/tags?post=95904"}],"curies":[{"name":"wp","href":"https:\/\/api.w.org\/{rel}","templated":true}]}}