{"id":95946,"date":"2025-09-05T21:32:08","date_gmt":"2025-09-05T21:32:08","guid":{"rendered":"https:\/\/www.europesays.com\/es\/95946\/"},"modified":"2025-09-05T21:32:08","modified_gmt":"2025-09-05T21:32:08","slug":"una-paciente-se-suicida-en-las-urgencias-del-hospital-de-terrassa-tras-pasar-dos-dias-esperando-una-cama","status":"publish","type":"post","link":"https:\/\/www.europesays.com\/es\/95946\/","title":{"rendered":"Una paciente se suicida en las Urgencias del Hospital de Terrassa tras pasar dos d\u00edas esperando una cama"},"content":{"rendered":"<p>\n        El equipo de gobierno del Ayuntamiento de <strong>Terrassa <\/strong>(<a href=\"https:\/\/www.noticiasdenavarra.com\/tags\/barcelona\/\" title=\"Barcelona\" class=\"link copy\" rel=\"nofollow noopener\" target=\"_blank\">Barcelona<\/a>) ha lamentado el <strong>suicidio de una mujer en las Urgencias<\/strong> del Hospital de Terrassa el pasado 22 de agosto, y ha pedido al Govern que impulse<strong> una \u00abinvestigaci\u00f3n transparente\u00bb para aclarar los hechos.<\/strong>\n<\/p>\n<p class=\"article-body__text \">\n        Seg\u00fan han informado desde la secci\u00f3n sindical de UGT del Consorcio Sanitario de Terrassa y varios medios catalanes, l<strong>a mujer llevaba dos d\u00edas esperando a que le asignaran una cama.\u00a0<\/strong>\n<\/p>\n<blockquote class=\"twitter-tweet\" data-lang=\"es\">\n<p lang=\"ca\" dir=\"ltr\">\ud83d\udd34 Comunicat | El cas viscut a l\u2019Hospital de Terrassa, amb una pacient 48 h a urg\u00e8ncies abans de ser ingressada, evidencia un problema estructural: anys de retallades i manca d\u2019inversi\u00f3. Calen m\u00e9s llits, m\u00e9s personal i m\u00e9s inversi\u00f3.<\/p>\n<p>M\u00e9s info: <a href=\"https:\/\/t.co\/vWhupJnacz\" rel=\"nofollow\">https:\/\/t.co\/vWhupJnacz<\/a> <a href=\"https:\/\/t.co\/7mI9IqYJ1I\" rel=\"nofollow\">pic.twitter.com\/7mI9IqYJ1I<\/a><\/p>\n<p>\u2014 UGT &#8211; Serveis P\u00fablics de Catalunya (@ugt_sp_cat) <a href=\"https:\/\/twitter.com\/ugt_sp_cat\/status\/1963945940798025912?ref_src=twsrc%5Etfw\" rel=\"nofollow noopener\" target=\"_blank\">5 de septiembre de 2025<\/a><\/p><\/blockquote>\n<p class=\"article-body__text \">\n        En un comunicado este viernes, el Ayuntamiento de Terrassa<strong> ha expresado su p\u00e9same a la familia y a los trabajadores que tuvieron que actuar ante estos hechos<\/strong>, as\u00ed como ha trasladado su<strong> \u00abpreocupaci\u00f3n y tristeza por una situaci\u00f3n que nunca se deber\u00eda haber producido<\/strong>\u00ab.\n<\/p>\n<p>  Pide impulsar una investigaci\u00f3n<\/p>\n<p class=\"article-body__text \">\n        Ha considerado imprescindible que la Conselleria de Salud de la Generalitat impulse una investigaci\u00f3n transparente para <strong>aclarar qu\u00e9 sucedi\u00f3 y extraer las conclusiones necesarias.<\/strong>\n<\/p>\n<p class=\"article-body__text \">\n        Asimismo, ha pedido al Hospital de Terrassa una revisi\u00f3n interna del caso que permita <strong>analizar el funcionamiento y los protocolos actuales<\/strong>, con el objetivo de <strong>mejorar la atenci\u00f3n y evitar situaciones similares en el futuro.<\/strong>\n<\/p>\n<p class=\"article-body__text \">\n        <strong>El consistorio ha dicho que este caso pone de manifiesto la importancia de continuar reforzando los recursos destinados a la salud mental y a la psiquiatr\u00eda<\/strong>, tanto en personal como en medios materiales, para dar respuesta a las necesidades crecientes y garantizar una atenci\u00f3n adecuada en todo momento.\n<\/p>\n<p class=\"article-body__text \">\n        El ayuntamiento ha dicho que estas peticiones se trasladar\u00e1n pr\u00f3ximamente a la consellera de Salud, Olga Pan\u00e9, en el marco de una reuni\u00f3n que se est\u00e1 acabando de concretar con el departamento.\n<\/p>\n<p>            <script async src=\"https:\/\/platform.twitter.com\/widgets.js\" charset=\"utf-8\"><\/script><\/p>\n","protected":false},"excerpt":{"rendered":"El equipo de gobierno del Ayuntamiento de Terrassa (Barcelona) ha lamentado el suicidio de una mujer en las&hellip;\n","protected":false},"author":2,"featured_media":95947,"comment_status":"","ping_status":"","sticky":false,"template":"","format":"standard","meta":{"footnotes":""},"categories":[8],"tags":[17,18,25,24,13,14,11,3345,19,20,9,10,15,16,10066,23,24734,34501,12,21,22,12353],"class_list":{"0":"post-95946","1":"post","2":"type-post","3":"status-publish","4":"format-standard","5":"has-post-thumbnail","7":"category-espana","8":"tag-breaking-news","9":"tag-breakingnews","10":"tag-es","11":"tag-espana","12":"tag-featured-news","13":"tag-featurednews","14":"tag-headlines","15":"tag-hospital","16":"tag-latest-news","17":"tag-latestnews","18":"tag-news","19":"tag-noticias","20":"tag-noticias-destacadas","21":"tag-noticiasdestacadas","22":"tag-paciente","23":"tag-spain","24":"tag-suicida","25":"tag-terrassa","26":"tag-titulares","27":"tag-ultimas-noticias","28":"tag-ultimasnoticias","29":"tag-urgencias"},"share_on_mastodon":{"url":"","error":""},"_links":{"self":[{"href":"https:\/\/www.europesays.com\/es\/wp-json\/wp\/v2\/posts\/95946","targetHints":{"allow":["GET"]}}],"collection":[{"href":"https:\/\/www.europesays.com\/es\/wp-json\/wp\/v2\/posts"}],"about":[{"href":"https:\/\/www.europesays.com\/es\/wp-json\/wp\/v2\/types\/post"}],"author":[{"embeddable":true,"href":"https:\/\/www.europesays.com\/es\/wp-json\/wp\/v2\/users\/2"}],"replies":[{"embeddable":true,"href":"https:\/\/www.europesays.com\/es\/wp-json\/wp\/v2\/comments?post=95946"}],"version-history":[{"count":0,"href":"https:\/\/www.europesays.com\/es\/wp-json\/wp\/v2\/posts\/95946\/revisions"}],"wp:featuredmedia":[{"embeddable":true,"href":"https:\/\/www.europesays.com\/es\/wp-json\/wp\/v2\/media\/95947"}],"wp:attachment":[{"href":"https:\/\/www.europesays.com\/es\/wp-json\/wp\/v2\/media?parent=95946"}],"wp:term":[{"taxonomy":"category","embeddable":true,"href":"https:\/\/www.europesays.com\/es\/wp-json\/wp\/v2\/categories?post=95946"},{"taxonomy":"post_tag","embeddable":true,"href":"https:\/\/www.europesays.com\/es\/wp-json\/wp\/v2\/tags?post=95946"}],"curies":[{"name":"wp","href":"https:\/\/api.w.org\/{rel}","templated":true}]}}