{"id":95999,"date":"2025-09-05T22:02:07","date_gmt":"2025-09-05T22:02:07","guid":{"rendered":"https:\/\/www.europesays.com\/es\/95999\/"},"modified":"2025-09-05T22:02:07","modified_gmt":"2025-09-05T22:02:07","slug":"joao-almeida-se-impone-a-vingegaard-en-el-ascenso-al-angliru-y-mantiene-la-lucha-por-el-maillot-rojo-de-la-vuelta-a-espana-2025-mas-deportes","status":"publish","type":"post","link":"https:\/\/www.europesays.com\/es\/95999\/","title":{"rendered":"Joao Almeida se impone a Vingegaard en el ascenso al Angliru y mantiene la lucha por el maillot rojo de La Vuelta a Espa\u00f1a 2025 | M\u00e1s deportes"},"content":{"rendered":"<p>Joao Almeida promete batalla a Jonas Vingegaard en el Angliru. El ciclista portugu\u00e9s del UAE se ha impuesto al dan\u00e9s, actual maillot rojo, en el ascenso al Angliru, uno de los puertos m\u00e1s complicados del mundo y presenta su candidatura a pelearle a Vingegaard la victoria en La Vuelta a Espa\u00f1a. Eso s\u00ed, en ning\u00fan momento el corredor del Visma solt\u00f3 su rueda: Vingegaard dio relevo a Almeida, pero tampoco atac\u00f3 al final. No se sabe si s\u00edntoma de que iba justo o de que se conform\u00f3 con mantener las distancias.<\/p>\n<p>M\u00e1s informaci\u00f3n<\/p>\n<p>Al t\u00e9rmino de la etapa 13, 46 segundos separan a ambos en la clasificaci\u00f3n general. Peor le fue al tercero, Tom Pidcock, que ha sufrido en el ascenso al Angliru y ha visto como la diferencia con el l\u00edder se le iba por encima de los dos minutos. La Vuelta a Espa\u00f1a ya parece cosa de dos.<\/p>\n<p>Este s\u00e1bado, la decimocuarta etapa llevar\u00e1 al pelot\u00f3n desde Avil\u00e9s al Alto de La Farrapona, con un recorrido de 135,9 kil\u00f3metros, en una etapa m\u00e1s explosiva y m\u00e1s corta que este ascenso al Angliru.<\/p>\n<p>Protestas contra el Israel-Premier Tech<\/p>\n<p><a href=\"https:\/\/cadenaser.com\/nacional\/2025\/09\/03\/protestas-pro-palestinas-obligan-a-acortar-la-etapa-11-de-la-vuelta-no-habra-ganador-en-bilbao-cadena-ser\/\" target=\"_blank\" rel=\"nofollow noopener\" title=\"https:\/\/cadenaser.com\/nacional\/2025\/09\/03\/protestas-pro-palestinas-obligan-a-acortar-la-etapa-11-de-la-vuelta-no-habra-ganador-en-bilbao-cadena-ser\/\">Como ocurri\u00f3 en Bilbao<\/a> y <a href=\"https:\/\/cadenaser.com\/nacional\/2025\/09\/04\/segunda-victoria-para-juan-ayuso-en-la-vuelta-en-una-etapa-12-sin-incidentes-pero-con-mas-protestas-contra-el-equipo-israel-premier-tech-cadena-ser\/\" target=\"_blank\" rel=\"nofollow noopener\" title=\"https:\/\/cadenaser.com\/nacional\/2025\/09\/04\/segunda-victoria-para-juan-ayuso-en-la-vuelta-en-una-etapa-12-sin-incidentes-pero-con-mas-protestas-contra-el-equipo-israel-premier-tech-cadena-ser\/\">tambi\u00e9n en Laredo<\/a>, las protestas contra la presencia del equipo Israel-Premier Tech se han extendido este viernes a lo largo la primera etapa en tierras asturianas de la Vuelta ciclista a Espa\u00f1a. La etapa 13 de la Vuelta ha comenzado con protestas desde la salida, en Cabez\u00f3n de la Sal, donde un grupo de personas ha protagonizado una cacerolada, sin que se produjeran mayores incidentes.<\/p>\n<p>Quiz\u00e1 lo m\u00e1s rese\u00f1able ha ocurrido cerca del final, al inicio de la subida a L\u2019Angliru, cuando un grupo m\u00e1s reducido de manifestantes ha logrado detener durante unos segundos, antes de ser dispersados por la Polic\u00eda, al ecuatoriano Jefferson Cepeda (Movistar Team), el luxemburgu\u00e9s Bob Jungels (Ineos Grenadiers) y el kazajo Nico Vinokourov (XDS Astana), fugados del pelot\u00f3n cerca de La Vega de Riosa.<\/p>\n<p>Adem\u00e1s, peque\u00f1as concentraciones de manifestantes que protestaban con banderas de Palestina han recibido tambi\u00e9n a los ciclistas en puntos como El Entrego, Nava o Llanes, donde en la rotonda de Pacar se ha congregado el grupo m\u00e1s numeroso, mientras que durante la dura subida a L\u2019Angliru se han podido observar tambi\u00e9n banderas de palestina entre el p\u00fablico, pero no se han producido incidentes.<\/p>\n","protected":false},"excerpt":{"rendered":"Joao Almeida promete batalla a Jonas Vingegaard en el Angliru. El ciclista portugu\u00e9s del UAE se ha impuesto&hellip;\n","protected":false},"author":2,"featured_media":96000,"comment_status":"","ping_status":"","sticky":false,"template":"","format":"standard","meta":{"footnotes":""},"categories":[273],"tags":[313,312,168,25,24,23,167],"class_list":{"0":"post-95999","1":"post","2":"type-post","3":"status-publish","4":"format-standard","5":"has-post-thumbnail","7":"category-ciclismo","8":"tag-ciclismo","9":"tag-cycling","10":"tag-deportes","11":"tag-es","12":"tag-espana","13":"tag-spain","14":"tag-sports"},"share_on_mastodon":{"url":"","error":""},"_links":{"self":[{"href":"https:\/\/www.europesays.com\/es\/wp-json\/wp\/v2\/posts\/95999","targetHints":{"allow":["GET"]}}],"collection":[{"href":"https:\/\/www.europesays.com\/es\/wp-json\/wp\/v2\/posts"}],"about":[{"href":"https:\/\/www.europesays.com\/es\/wp-json\/wp\/v2\/types\/post"}],"author":[{"embeddable":true,"href":"https:\/\/www.europesays.com\/es\/wp-json\/wp\/v2\/users\/2"}],"replies":[{"embeddable":true,"href":"https:\/\/www.europesays.com\/es\/wp-json\/wp\/v2\/comments?post=95999"}],"version-history":[{"count":0,"href":"https:\/\/www.europesays.com\/es\/wp-json\/wp\/v2\/posts\/95999\/revisions"}],"wp:featuredmedia":[{"embeddable":true,"href":"https:\/\/www.europesays.com\/es\/wp-json\/wp\/v2\/media\/96000"}],"wp:attachment":[{"href":"https:\/\/www.europesays.com\/es\/wp-json\/wp\/v2\/media?parent=95999"}],"wp:term":[{"taxonomy":"category","embeddable":true,"href":"https:\/\/www.europesays.com\/es\/wp-json\/wp\/v2\/categories?post=95999"},{"taxonomy":"post_tag","embeddable":true,"href":"https:\/\/www.europesays.com\/es\/wp-json\/wp\/v2\/tags?post=95999"}],"curies":[{"name":"wp","href":"https:\/\/api.w.org\/{rel}","templated":true}]}}