{"id":96106,"date":"2025-09-05T23:00:10","date_gmt":"2025-09-05T23:00:10","guid":{"rendered":"https:\/\/www.europesays.com\/es\/96106\/"},"modified":"2025-09-05T23:00:10","modified_gmt":"2025-09-05T23:00:10","slug":"un-misterioso-cambio-de-look-de-angelina-jolie-cautivo-a-londres-y-sorprendio-a-los-fanaticos","status":"publish","type":"post","link":"https:\/\/www.europesays.com\/es\/96106\/","title":{"rendered":"Un misterioso cambio de look de Angelina Jolie cautiv\u00f3 a Londres y sorprendi\u00f3 a los fan\u00e1ticos"},"content":{"rendered":"<p><img alt=\"El nuevo look de Jolie\" class=\"global-image\" decoding=\"async\" fetchpriority=\"high\" height=\"1081\" loading=\"eager\" src=\"https:\/\/www.europesays.com\/es\/wp-content\/uploads\/2025\/09\/ADLGVWB3TJHW5KOV5BI3V4TOUU.jpg\" width=\"1920\"\/>El nuevo look de Jolie genera debate sobre autenticidad y t\u00e9cnicas capilares (REUTERS\/Hollie Adams)<\/p>\n<p class=\"paragraph\">La reciente aparici\u00f3n de <a href=\"https:\/\/www.infobae.com\/tag\/angelina-jolie\/\" target=\"_blank\" rel=\"noreferrer nofollow noopener\" title=\"https:\/\/www.infobae.com\/tag\/angelina-jolie\/\"><b>Angelina Jolie<\/b><\/a> en el set de Anxious People en <b>Londres<\/b> provoc\u00f3 un fuerte revuelo en la industria del <b>cine <\/b>y la moda. La actriz sorprendi\u00f3 al lucir un <a href=\"https:\/\/www.infobae.com\/tendencias\/2025\/06\/08\/el-princess-bob-el-corte-de-pelo-que-revoluciona-a-la-moda\/\" target=\"_blank\" rel=\"noreferrer nofollow noopener\" title=\"https:\/\/www.infobae.com\/tendencias\/2025\/06\/08\/el-princess-bob-el-corte-de-pelo-que-revoluciona-a-la-moda\/\"><b>bob rubio n\u00f3rdico<\/b><\/a>, dejando atr\u00e1s su ic\u00f3nica melena casta\u00f1a. <\/p>\n<p class=\"paragraph\">Este giro estil\u00edstico desencaden\u00f3 especulaciones inmediatas sobre la autenticidad del look; algunos sostienen que se trata de una dr\u00e1stica decoloraci\u00f3n, mientras otros afirman que lleva una peluca cuidadosamente elaborada. La controversia se intensific\u00f3 en redes sociales y medios, donde cada detalle fue examinado con lupa, tal como resalt\u00f3 Vanity Fair.<\/p>\n<p class=\"paragraph\">El cambio se asocia con su personaje en la adaptaci\u00f3n de la novela de <b>Fredrik Backman<\/b>, donde Jolie interpreta a una inversionista envuelta en una compleja situaci\u00f3n de rehenes. El aspecto n\u00f3rdico y sofisticado del corte bob realza su aura de elegancia y distancia en pantalla, completado con un <b>labial rojo mate<\/b> que aporta contraste y fuerza visual.<\/p>\n<p><img alt=\"Angelina Jolie revoluciona la moda\" class=\"global-image\" decoding=\"async\" fetchpriority=\"low\" height=\"2582\" loading=\"lazy\" src=\"https:\/\/www.europesays.com\/es\/wp-content\/uploads\/2025\/09\/RJ2QWSJCUNAZHCHIOGEZGGQW5E.JPG\" width=\"3871\"\/>Angelina Jolie revoluciona la moda con un bob rubio n\u00f3rdico en Londres (Click News Media\/The Grosby Group)<\/p>\n<p class=\"paragraph\">Uno de los factores que impulsan las dudas acerca de la autenticidad del cabello es la perfecci\u00f3n del acabado: no se aprecian ra\u00edces ni signos de da\u00f1o, lo que alimenta teor\u00edas sobre el uso de pelucas de alta calidad, capaces de simular con exactitud el cabello natural. <\/p>\n<p class=\"paragraph\">Vanity Fair remarca que las pelucas cinematogr\u00e1ficas alcanzaron un nivel de realismo que hace casi imposible diferenciarlas del cabello verdadero, incluso a corta distancia.<\/p>\n<p class=\"paragraph\">Para lograr un rubio n\u00f3rdico tan impactante, el estilista <b>Matteo Orlando<\/b> del sal\u00f3n Mastromauro en Mil\u00e1n explic\u00f3 a Vanity Fair que el secreto est\u00e1 en emplear \u201c<b>matices fr\u00edos y reflejos platino sobre una base clara, usando t\u00e9cnicas de decoloraci\u00f3n gradual y precisa<\/b>\u201d. <\/p>\n<p><img alt=\"El corte bob y el\" class=\"global-image\" decoding=\"async\" fetchpriority=\"low\" height=\"3871\" loading=\"lazy\" src=\"https:\/\/www.europesays.com\/es\/wp-content\/uploads\/2025\/09\/2EG5TQSZWFEXVF7TOEWI3UHIAE.JPG\" width=\"2582\"\/>El corte bob y el rubio n\u00f3rdico de Jolie marcan tendencia en 2025 (Click News Media\/The Grosby Group)<\/p>\n<p class=\"paragraph\">Orlando subraya que el rubio n\u00f3rdico favorece especialmente a las pieles claras u oliva, ya que aporta <b>brillo y sofisticaci\u00f3n<\/b>, pero advierte que mantener ese matiz exige tratamientos constantes y productos adecuados.<\/p>\n<p class=\"paragraph\">Recomienda champ\u00fas y mascarillas con pigmentos morados para neutralizar los tonos amarillos y enfatiza: \u201c<b>La protecci\u00f3n t\u00e9rmica es esencial para conservar la salud y el color despu\u00e9s de la decoloraci\u00f3n<\/b>\u201d. Adem\u00e1s, aconseja limitar el calor y exponerse poco al sol para prolongar la vitalidad del color.<\/p>\n<p class=\"paragraph\">El corte bob de Jolie, caracter\u00edstico por su longitud media-corta y l\u00edneas rectas, aporta movimiento sin perder estructura, evitando un aspecto plano y transmitiendo elegancia y seguridad tanto en cabello natural como en peluca.<\/p>\n<p><img alt=\"El estilo de Jolie, comparado\" class=\"global-image\" decoding=\"async\" fetchpriority=\"low\" height=\"1080\" loading=\"lazy\" src=\"https:\/\/www.europesays.com\/es\/wp-content\/uploads\/2025\/09\/WKYUGULAJNFWVO4NYPNTGBBGTI.jpg\" width=\"1920\"\/>El estilo de Jolie, comparado con el de Cameron Diaz en &#8216;La m\u00e1scara&#8217;, revive la nostalgia y la cultura pop<\/p>\n<p class=\"paragraph\">El nuevo estilo de Angelina Jolie fue r\u00e1pidamente comparado con el <b>bob ultra rubio<\/b> de <b>Cameron Diaz<\/b> en La m\u00e1scara, a\u00f1adiendo un toque nost\u00e1lgico y relacionando la tendencia actual con grandes hitos del cine y la moda. <\/p>\n<p class=\"paragraph\">Esta transformaci\u00f3n confirma la capacidad de Jolie para convertirse en ejemplo global y generar conversaci\u00f3n inmediata con cada cambio de imagen. Adem\u00e1s del boom medi\u00e1tico, su aparici\u00f3n influy\u00f3 en b\u00fasquedas de tendencias capilares y con seguridad inspirar\u00e1 a otras celebridades y admiradores, consolidando el bob rubio n\u00f3rdico como un s\u00edmbolo de modernidad, fuerza y versatilidad en 2025. <\/p>\n<p class=\"paragraph\"><b>La elecci\u00f3n de este estilo demuestra la manera en que Angelina Jolie sigue reinvent\u00e1ndose<\/b> y sujeta el inter\u00e9s internacional tanto de la cr\u00edtica como del p\u00fablico.<\/p>\n<p><img alt=\"La controversia sobre si el\" class=\"global-image\" decoding=\"async\" fetchpriority=\"low\" height=\"785\" loading=\"lazy\" src=\"https:\/\/www.europesays.com\/es\/wp-content\/uploads\/2025\/09\/F34ZUEUXHFFZBLVOGNURUU3HEU.jpg\" width=\"1200\"\/>La controversia sobre si el look es peluca o transformaci\u00f3n real no opaca el impacto de Jolie en la moda internacional (20th Century Fox)<\/p>\n<p class=\"paragraph\">El bob rubio n\u00f3rdico de Angelina Jolie representa un <b>desaf\u00edo t\u00e9cnico<\/b> y <b>est\u00e9tico<\/b>, reforzando su posici\u00f3n como \u00edcono de estilo.<\/p>\n<p class=\"paragraph\">Su capacidad para renovar su <b>apariencia <\/b>y convertirse en tema central de conversaci\u00f3n demuestra, una vez m\u00e1s, por qu\u00e9 cada elecci\u00f3n estil\u00edstica de la actriz impacta tanto en las pasarelas como en el gran p\u00fablico.<\/p>\n<p class=\"paragraph\">En definitiva, m\u00e1s all\u00e1 de la controversia entre peluca o transformaci\u00f3n real, lo que resulta indiscutible es el rol de Jolie como generadora de tendencias y referente de sofisticaci\u00f3n. <\/p>\n<p class=\"paragraph\">Su capacidad para adaptarse a los nuevos c\u00f3digos est\u00e9ticos reafirma su <b>estatus ic\u00f3nico<\/b> y garantiza que, con cada cambio, marca un precedente en la escena global del <b>espect\u00e1culo<\/b> y la <b>moda<\/b>.<\/p>\n","protected":false},"excerpt":{"rendered":"El nuevo look de Jolie genera debate sobre autenticidad y t\u00e9cnicas capilares (REUTERS\/Hollie Adams) La reciente aparici\u00f3n de&hellip;\n","protected":false},"author":2,"featured_media":96107,"comment_status":"","ping_status":"","sticky":false,"template":"","format":"standard","meta":{"footnotes":""},"categories":[91],"tags":[34525,34526,20128,34527,34528,12562,146,147,25,24,34529,34530,34531,8536,34532,23],"class_list":{"0":"post-96106","1":"post","2":"type-post","3":"status-publish","4":"format-standard","5":"has-post-thumbnail","7":"category-entretenimiento","8":"tag-actress","9":"tag-adaptation","10":"tag-angelina-jolie","11":"tag-anxious-people","12":"tag-big-screen-movie","13":"tag-editors_choice","14":"tag-entertainment","15":"tag-entretenimiento","16":"tag-es","17":"tag-espana","18":"tag-exclusive","19":"tag-film-set","20":"tag-fredrik-backman","21":"tag-london","22":"tag-september-2025","23":"tag-spain"},"share_on_mastodon":{"url":"","error":""},"_links":{"self":[{"href":"https:\/\/www.europesays.com\/es\/wp-json\/wp\/v2\/posts\/96106","targetHints":{"allow":["GET"]}}],"collection":[{"href":"https:\/\/www.europesays.com\/es\/wp-json\/wp\/v2\/posts"}],"about":[{"href":"https:\/\/www.europesays.com\/es\/wp-json\/wp\/v2\/types\/post"}],"author":[{"embeddable":true,"href":"https:\/\/www.europesays.com\/es\/wp-json\/wp\/v2\/users\/2"}],"replies":[{"embeddable":true,"href":"https:\/\/www.europesays.com\/es\/wp-json\/wp\/v2\/comments?post=96106"}],"version-history":[{"count":0,"href":"https:\/\/www.europesays.com\/es\/wp-json\/wp\/v2\/posts\/96106\/revisions"}],"wp:featuredmedia":[{"embeddable":true,"href":"https:\/\/www.europesays.com\/es\/wp-json\/wp\/v2\/media\/96107"}],"wp:attachment":[{"href":"https:\/\/www.europesays.com\/es\/wp-json\/wp\/v2\/media?parent=96106"}],"wp:term":[{"taxonomy":"category","embeddable":true,"href":"https:\/\/www.europesays.com\/es\/wp-json\/wp\/v2\/categories?post=96106"},{"taxonomy":"post_tag","embeddable":true,"href":"https:\/\/www.europesays.com\/es\/wp-json\/wp\/v2\/tags?post=96106"}],"curies":[{"name":"wp","href":"https:\/\/api.w.org\/{rel}","templated":true}]}}