{"id":96126,"date":"2025-09-05T23:11:11","date_gmt":"2025-09-05T23:11:11","guid":{"rendered":"https:\/\/www.europesays.com\/es\/96126\/"},"modified":"2025-09-05T23:11:11","modified_gmt":"2025-09-05T23:11:11","slug":"luis-enrique-hospitalizado-tras-una-caida-en-bicicleta","status":"publish","type":"post","link":"https:\/\/www.europesays.com\/es\/96126\/","title":{"rendered":"Luis Enrique, hospitalizado tras una ca\u00edda en bicicleta"},"content":{"rendered":"<p class=\"ft-text\">A trav\u00e9s de un comunicado, el <a class=\"ft-link ft-link--decoration\" href=\"https:\/\/www.sport.es\/es\/futbol-internacional\/psg\/\" rel=\"nofollow noopener\" target=\"_blank\"><strong>Paris Saint-Germain<\/strong><\/a> anunci\u00f3 que su entrenador, <strong>Luis Enrique Mart\u00ednez,<\/strong> se encuentra hospitalizado tras haber sufrido una ca\u00edda en bicicleta, una de sus grandes pasiones m\u00e1s all\u00e1 del f\u00fatbol. El accidente tuvo lugar este viernes, y debido al percance, tuvo que ser <strong>trasladado a urgencias. <\/strong>Seg\u00fan apunta &#8216;Le Parisien&#8217;, la ca\u00edda ha sido en Espa\u00f1a.<\/p>\n<p>Fractura en la clav\u00edcula<\/p>\n<p class=\"ft-text\">En la nota, el club parisino informa que su t\u00e9cnico tendr\u00e1 que pasar por quir\u00f3fano para ser <strong>operado de una fractura de clav\u00edcula.<\/strong><\/p>\n<p class=\"ft-text\">Adem\u00e1s, el PSG quiso mostrar tambi\u00e9n \u00abtotal apoyo\u00bb a su entrenador, al que le desea \u00abuna pronta recuperaci\u00f3n\u00bb. El accidente ocurri\u00f3 en pleno <strong>par\u00f3n de selecciones.<\/strong> Por delante, el PSG tiene el partido liguero ante el<strong> Lens<\/strong> el pr\u00f3ximo domingo 14 (17:15h CET), mientras que el mi\u00e9rcoles 17 debutar\u00e1n en Champions contra el <strong>Atalanta<\/strong> (21h CET).<\/p>\n<p class=\"ft-text\">En la competici\u00f3n dom\u00e9stica, el arranque de los parisinos es incontestable con un <strong>tres de tres y nueve puntos,<\/strong> los \u00faltimos logrados tras derrotar a domicilio al Toulouse por 3-6. Una campa\u00f1a, tras la sonada derrota en la final del Mundial de Clubes a manos del <strong>Chelsea<\/strong> (3-0), que arranc\u00f3 con buen pie a nivel continental, tras el triunfo en la Supercopa de Europa contra el <strong>Tottenham<\/strong> al que venci\u00f3 en los penaltis (4-3 tras el 2-2 final).<\/p>\n<p class=\"ft-text\">El club franc\u00e9s proporcionar\u00e1 m\u00e1s <strong>informaci\u00f3n<\/strong> en las pr\u00f3ximas horas. No es el primer percance que sufre Luis Enrique con una bicicleta, ya que en 2016, en su etapa al frente del Bar\u00e7a, tambi\u00e9n sufri\u00f3 otra ca\u00edda.<\/p>\n<p><img decoding=\"async\" src=\"https:\/\/www.europesays.com\/es\/wp-content\/uploads\/2025\/09\/ab3366cc-49d9-4786-b974-2d4c53574b5d_alta-libre-aspect-ratio_default_0.jpg\" width=\"1200\" height=\"675\" alt=\"Luis Enrique tuvo que llevar un peque\u00f1o vendaje en su codo por una ca\u00edda en bici en 2016\" class=\"ft-helper-img-rd\" loading=\"lazy\" hasdataaida=\"true\"\/><\/p>\n<p class=\"ft-helper-fontColor-quaternary ft-helper-fontSize-body-S ft-helper-spacer-t-xxs\">Luis Enrique tuvo que llevar un peque\u00f1o vendaje en su codo por una ca\u00edda en bici en 2016  \/ EFE<\/p>\n<p class=\"ft-text\">Fue en la <strong>previa de un partido de Champions ante el Celtic,<\/strong> al que el Bar\u00e7a gole\u00f3 por un contundente 7-0. En aquella ocasi\u00f3n, el percance no tuvo consecuencias importantes, y &#8216;Lucho&#8217; apareci\u00f3 en la banda del Camp Nou con unos simples vendajes.<\/p>\n<p>Un amante del ciclismo<\/p>\n<p class=\"ft-text\">En su etapa al frente del conjunto azulgrana, era muy habitual que, en d\u00edas de descanso para el equipo, tanto \u00e9l como su segundo, <strong>Juan Carlos Unzu\u00e9,<\/strong> cogiesen la bicicleta para hacer diferentes recorridos. Las costas de Garraf, entre Castelldefels y Sitges, sol\u00eda ser una de las rutas preferidas para los t\u00e9cnicos.<\/p>\n<p class=\"ft-text\">Adem\u00e1s, Luis Enrique ha participado tambi\u00e9n en algunas pruebas ciclistas extremas, como la<strong> Cape Epic sudafricana,<\/strong> calificada como la prueba de Mountain Bike m\u00e1s dura del mundo. \u00ab8 d\u00edas de BTT, 658 kil\u00f3metros y 15.500 metros de desnivel positivo\u00bb, tal y como explic\u00f3 el propio &#8216;Lucho&#8217; tras disputar en la edici\u00f3n de 2023. Era la tercera vez en la que particip\u00f3 tras haberlo hecho en 2013 junto a Unzu\u00e9, y en 2018 con Tom\u00e1s Latorre.<\/p>\n","protected":false},"excerpt":{"rendered":"A trav\u00e9s de un comunicado, el Paris Saint-Germain anunci\u00f3 que su entrenador, Luis Enrique Mart\u00ednez, se encuentra hospitalizado&hellip;\n","protected":false},"author":2,"featured_media":96127,"comment_status":"","ping_status":"","sticky":false,"template":"","format":"standard","meta":{"footnotes":""},"categories":[273],"tags":[4205,7560,313,28228,312,168,12096,25,24,11448,7820,23,167],"class_list":{"0":"post-96126","1":"post","2":"type-post","3":"status-publish","4":"format-standard","5":"has-post-thumbnail","7":"category-ciclismo","8":"tag-accidente","9":"tag-bicicleta","10":"tag-ciclismo","11":"tag-clavicula","12":"tag-cycling","13":"tag-deportes","14":"tag-enrique","15":"tag-es","16":"tag-espana","17":"tag-fractura","18":"tag-luis","19":"tag-spain","20":"tag-sports"},"share_on_mastodon":{"url":"","error":""},"_links":{"self":[{"href":"https:\/\/www.europesays.com\/es\/wp-json\/wp\/v2\/posts\/96126","targetHints":{"allow":["GET"]}}],"collection":[{"href":"https:\/\/www.europesays.com\/es\/wp-json\/wp\/v2\/posts"}],"about":[{"href":"https:\/\/www.europesays.com\/es\/wp-json\/wp\/v2\/types\/post"}],"author":[{"embeddable":true,"href":"https:\/\/www.europesays.com\/es\/wp-json\/wp\/v2\/users\/2"}],"replies":[{"embeddable":true,"href":"https:\/\/www.europesays.com\/es\/wp-json\/wp\/v2\/comments?post=96126"}],"version-history":[{"count":0,"href":"https:\/\/www.europesays.com\/es\/wp-json\/wp\/v2\/posts\/96126\/revisions"}],"wp:featuredmedia":[{"embeddable":true,"href":"https:\/\/www.europesays.com\/es\/wp-json\/wp\/v2\/media\/96127"}],"wp:attachment":[{"href":"https:\/\/www.europesays.com\/es\/wp-json\/wp\/v2\/media?parent=96126"}],"wp:term":[{"taxonomy":"category","embeddable":true,"href":"https:\/\/www.europesays.com\/es\/wp-json\/wp\/v2\/categories?post=96126"},{"taxonomy":"post_tag","embeddable":true,"href":"https:\/\/www.europesays.com\/es\/wp-json\/wp\/v2\/tags?post=96126"}],"curies":[{"name":"wp","href":"https:\/\/api.w.org\/{rel}","templated":true}]}}