{"id":96200,"date":"2025-09-05T23:50:07","date_gmt":"2025-09-05T23:50:07","guid":{"rendered":"https:\/\/www.europesays.com\/es\/96200\/"},"modified":"2025-09-05T23:50:07","modified_gmt":"2025-09-05T23:50:07","slug":"rufian-arrasa-con-su-reaccion-a-lo-que-ha-dicho-ayuso-delante-de-feijoo-y-eso-que-no-dice-ni-una-palabra","status":"publish","type":"post","link":"https:\/\/www.europesays.com\/es\/96200\/","title":{"rendered":"Rufi\u00e1n arrasa con su reacci\u00f3n a lo que ha dicho Ayuso delante de Feij\u00f3o y eso que no dice ni una palabra"},"content":{"rendered":"<p><a href=\"https:\/\/www.huffingtonpost.es\/virales\/esta-frase-pronuncia-ayuso-delante-feijoo-pasa-desapercibida-mas-comentado-dia.html\" target=\"_blank\" rel=\"nofollow noopener\">Curioso momento el que se ha vivido este viernes durante un acto del PP de Madrid en el que han hablado Isabel D\u00edaz Ayuso y Alberto N\u00fa\u00f1ez Feij\u00f3o<\/a>. El PSOE de Madrid ha puesto en circulaci\u00f3n un v\u00eddeo manipulado donde parece que la presidenta de la Comunidad de Madrid menciona la palabra \u00abnarcos\u00bb y el presidente del PP reacciona.\u00a0<\/p>\n<p>S\u00ed que menciona Ayuso la frase concreta: <b>\u00abEs que star tanto con los narcos y con Zapatero, quieras o no, siempre deja a uno un poquito trastocado y alejado de lo que es la democracia\u00bb.<\/b><\/p>\n<p>\u00abTenemos a un presidente ha decidido ir al choque contra todo. Y esto es manual de estilo en cualquier dictadura\u00bb, ha afirmado tambi\u00e9n ante representantes del PP madrile\u00f1o y de Feij\u00f3o.\u00a0<\/p>\n<p>El diputado de ERC, Gabriel Rufi\u00e1n, ha sido uno de los pol\u00edticos que ha compartido el momento simplemente a\u00f1adiendo <b>\u00ab\u00af\\_(\u30c4)_\/\u00af\u00bb<\/b>, logrando miles y miles de reacciones en muy pocos segundos.\u00a0<\/p>\n<p>Este momento ha dado que hablar por usar la palabra \u00abnarcos\u00bb ante Feij\u00f3o, cuyas fotos con el narcotraficante Marcial Dorado le han costado m\u00e1s de un disgusto pol\u00edtico, sobre todo en pol\u00edtica nacional.\u00a0<\/p>\n<p>No es lo \u00fanico que tocado Ayuso en su intervenci\u00f3n de apertura el curso pol\u00edtico en Arganda del Rey. La presidenta de la Comunidad de Madrid ha comparado las protestas a favor de Gaza durante la und\u00e9cima etapa de La Vuelta con el atentado de los Juegos Ol\u00edmpicos de M\u00fanich en 1972.\u00a0<b>\u00abVan contra la \u00fanica democracia liberal de Oriente Pr\u00f3ximo\u00bb, ha llegado a decir.\u00a0<\/b><\/p>\n<p>Feij\u00f3o, en su turno de palabra, se ha deshecho en elogios en favor de Ayuso:\u00a0\u00ab<b>Yo creo que a la mayor\u00eda de los que estamos aqu\u00ed nos gusta bastante m\u00e1s la presidenta Ayuso que ha venido mejor que nunca\u00bb.\u00a0<\/b><\/p>\n<p>\u00abEspa\u00f1a tiene que cerrar las puertas a aquellos que no aceptan las leyes espa\u00f1olas, que no cumplen las leyes espa\u00f1olas o que vienen a delinquir\u00bb, ha dicho tambi\u00e9n en unas palabras que podr\u00eda haber dicho Vox.\u00a0<\/p>\n","protected":false},"excerpt":{"rendered":"Curioso momento el que se ha vivido este viernes durante un acto del PP de Madrid en el&hellip;\n","protected":false},"author":2,"featured_media":96201,"comment_status":"","ping_status":"","sticky":false,"template":"","format":"standard","meta":{"footnotes":""},"categories":[8],"tags":[17,18,25,24,13,14,5394,11,3515,19,20,9,10,15,16,23,12,21,22],"class_list":{"0":"post-96200","1":"post","2":"type-post","3":"status-publish","4":"format-standard","5":"has-post-thumbnail","7":"category-espana","8":"tag-breaking-news","9":"tag-breakingnews","10":"tag-es","11":"tag-espana","12":"tag-featured-news","13":"tag-featurednews","14":"tag-gabriel-rufian","15":"tag-headlines","16":"tag-isabel-diaz-ayuso","17":"tag-latest-news","18":"tag-latestnews","19":"tag-news","20":"tag-noticias","21":"tag-noticias-destacadas","22":"tag-noticiasdestacadas","23":"tag-spain","24":"tag-titulares","25":"tag-ultimas-noticias","26":"tag-ultimasnoticias"},"share_on_mastodon":{"url":"","error":""},"_links":{"self":[{"href":"https:\/\/www.europesays.com\/es\/wp-json\/wp\/v2\/posts\/96200","targetHints":{"allow":["GET"]}}],"collection":[{"href":"https:\/\/www.europesays.com\/es\/wp-json\/wp\/v2\/posts"}],"about":[{"href":"https:\/\/www.europesays.com\/es\/wp-json\/wp\/v2\/types\/post"}],"author":[{"embeddable":true,"href":"https:\/\/www.europesays.com\/es\/wp-json\/wp\/v2\/users\/2"}],"replies":[{"embeddable":true,"href":"https:\/\/www.europesays.com\/es\/wp-json\/wp\/v2\/comments?post=96200"}],"version-history":[{"count":0,"href":"https:\/\/www.europesays.com\/es\/wp-json\/wp\/v2\/posts\/96200\/revisions"}],"wp:featuredmedia":[{"embeddable":true,"href":"https:\/\/www.europesays.com\/es\/wp-json\/wp\/v2\/media\/96201"}],"wp:attachment":[{"href":"https:\/\/www.europesays.com\/es\/wp-json\/wp\/v2\/media?parent=96200"}],"wp:term":[{"taxonomy":"category","embeddable":true,"href":"https:\/\/www.europesays.com\/es\/wp-json\/wp\/v2\/categories?post=96200"},{"taxonomy":"post_tag","embeddable":true,"href":"https:\/\/www.europesays.com\/es\/wp-json\/wp\/v2\/tags?post=96200"}],"curies":[{"name":"wp","href":"https:\/\/api.w.org\/{rel}","templated":true}]}}