{"id":96298,"date":"2025-09-06T00:47:12","date_gmt":"2025-09-06T00:47:12","guid":{"rendered":"https:\/\/www.europesays.com\/es\/96298\/"},"modified":"2025-09-06T00:47:12","modified_gmt":"2025-09-06T00:47:12","slug":"rosa-vuelve-a-hacer-historia-en-pasapalabra-al-ser-la-unica-mujer-en-conquistar-un-enorme-hito-mas-que-increible-inverosimil","status":"publish","type":"post","link":"https:\/\/www.europesays.com\/es\/96298\/","title":{"rendered":"Rosa vuelve a hacer historia en &#8216;Pasapalabra&#8217; al ser la \u00fanica mujer en conquistar un enorme hito: \u00abM\u00e1s que incre\u00edble, inveros\u00edmil\u00bb"},"content":{"rendered":"<p>La coru\u00f1esa ha superado la barrera de los 200 programas en el concurso <\/p>\n<p><img fetchpriority=\"high\" class=\"voc-img\" src=\"https:\/\/www.europesays.com\/es\/wp-content\/uploads\/2025\/09\/rosapasapalabra-Re2eUL7bzbTflM5N1MZKAEP-1200x840@diario_abc.jpeg\" loading=\"eager\" decoding=\"async\" alt=\"Rosa en 'Pasapalabra'\" width=\"1200\" height=\"840\"\/><\/p>\n<p>Rosa en &#8216;Pasapalabra&#8217;    Antena 3  <\/p>\n<p>05\/09\/2025<br \/>\n<br \/><strong><br \/>\nActualizado a las 21:07h.<br \/>\n<\/strong><\/p>\n<p class=\"voc-p\" style=\"\"><a href=\"https:\/\/www.abc.es\/play\/television\/noticias\/nuevo-record-historico-manu-rosa-punto-batir-20250826210804-nt.html\" target=\"_self\" data-voc-vtm-id=\"in-text-traffic\" title=\"Manu Pascual y Rosa Rodriguez no paran de romper r\u00e9cords en &#039;Pasapalabra&#039;\" data-mrf-link=\"www.abc.es\" rel=\"nofollow noopener\">Manu Pascual y Rosa Rodriguez no paran de romper r\u00e9cords en &#8216;Pasapalabra&#8217;<\/a>. Individualmente el madrile\u00f1o es el segundo concursante m\u00e1s longevo, y el \u00fanico junto a <strong>Orestes Barbero<\/strong> en haber superado la barrera de los 300 programas. Juntos acaban de establecer el r\u00e9cord del duelo m\u00e1s longevo en los 25 a\u00f1os de vida del concurso, tras sobrepasar los 197 programas que permanecieron el burgal\u00e9s y<strong> Rafa<\/strong>\u00a0<strong>Casta\u00f1o<\/strong> como pareja de rivales. Hasta que en marzo de 2023 el sevillano se llevaba el bote de 2.272.000 euros. <\/p>\n<p class=\"voc-p\" style=\"\">\u00abUna absoluta locura\u00bb, en palabras de la propia Rosa, quien tambi\u00e9n se colocaba en quinta posici\u00f3n en el ranking de concursantes que m\u00e1s entregas han permanecido en <strong>&#8216;Pasapalabra<\/strong>&#8216;, <a href=\"https:\/\/www.abc.es\/play\/television\/noticias\/rosa-gana-rafa-castano-nuevo-hito-conquistado-20250829202330-nt.html\" target=\"_self\" data-voc-vtm-id=\"in-text-traffic\" title=\"adelantando as\u00ed al propio Rafa\" data-mrf-link=\"www.abc.es\" rel=\"nofollow noopener\">adelantando as\u00ed al propio Rafa<\/a>. <\/p>\n<p>\nLos bicentenarios de &#8216;Pasapalabra&#8217;\n<\/p>\n<p class=\"voc-p\" style=\"\">Todav\u00eda con la resaca de semejante hito, la coru\u00f1esa volv\u00eda a protagonizar \u00abun momento hist\u00f3rico\u00bb, como lo calificaba <strong>Roberto Lea<\/strong>l. Y es que la contrincante de <strong>Manu<\/strong> superaba las 200 entregas el pasado 3 de septiembre. \u00abM\u00e1s que incre\u00edble, inveros\u00edmil\u00bb, declaraba. No solo por entrar en el exclusivo club de los bicentenarios (solo Orestes, <strong>Manu,<\/strong>\u00a0<strong>Pablo D\u00eda<\/strong>z, y <strong>Mois\u00e9s Laguardia<\/strong> hab\u00edan conseguido tal logro), sino porque es la primera mujer concursante hacerlo. <\/p>\n<p class=\"voc-p\" style=\"\">Con \u00abcosquillitas en el est\u00f3mago\u00bb, <strong>Rosa<\/strong> celebraba el logro como un sue\u00f1o hecho realidad. \u00abLlegar hasta aqu\u00ed no es algo que se me hab\u00eda pasado por la mente\u00bb, revelaba, aunque se esfuerza \u00abcada d\u00eda para seguir mejorando\u00bb. \u00abEstoy feliz de formar parte de la historia de este programa\u00bb.<\/p>\n<p>Reportar un error<\/p>\n","protected":false},"excerpt":{"rendered":"La coru\u00f1esa ha superado la barrera de los 200 programas en el concurso Rosa en &#8216;Pasapalabra&#8217; Antena 3&hellip;\n","protected":false},"author":2,"featured_media":96299,"comment_status":"","ping_status":"","sticky":false,"template":"","format":"standard","meta":{"footnotes":""},"categories":[174],"tags":[255,16522,25266,146,147,25,24,256,448,1073,7982,34584,2461,4284,2465,23,3001,739],"class_list":{"0":"post-96298","1":"post","2":"type-post","3":"status-publish","4":"format-standard","5":"has-post-thumbnail","7":"category-famosos","8":"tag-celebrities","9":"tag-conquistar","10":"tag-enorme","11":"tag-entertainment","12":"tag-entretenimiento","13":"tag-es","14":"tag-espana","15":"tag-famosos","16":"tag-historia","17":"tag-hito","18":"tag-increible","19":"tag-inverosimil","20":"tag-mujer","21":"tag-pasapalabra","22":"tag-rosa","23":"tag-spain","24":"tag-unica","25":"tag-vuelve"},"share_on_mastodon":{"url":"","error":""},"_links":{"self":[{"href":"https:\/\/www.europesays.com\/es\/wp-json\/wp\/v2\/posts\/96298","targetHints":{"allow":["GET"]}}],"collection":[{"href":"https:\/\/www.europesays.com\/es\/wp-json\/wp\/v2\/posts"}],"about":[{"href":"https:\/\/www.europesays.com\/es\/wp-json\/wp\/v2\/types\/post"}],"author":[{"embeddable":true,"href":"https:\/\/www.europesays.com\/es\/wp-json\/wp\/v2\/users\/2"}],"replies":[{"embeddable":true,"href":"https:\/\/www.europesays.com\/es\/wp-json\/wp\/v2\/comments?post=96298"}],"version-history":[{"count":0,"href":"https:\/\/www.europesays.com\/es\/wp-json\/wp\/v2\/posts\/96298\/revisions"}],"wp:featuredmedia":[{"embeddable":true,"href":"https:\/\/www.europesays.com\/es\/wp-json\/wp\/v2\/media\/96299"}],"wp:attachment":[{"href":"https:\/\/www.europesays.com\/es\/wp-json\/wp\/v2\/media?parent=96298"}],"wp:term":[{"taxonomy":"category","embeddable":true,"href":"https:\/\/www.europesays.com\/es\/wp-json\/wp\/v2\/categories?post=96298"},{"taxonomy":"post_tag","embeddable":true,"href":"https:\/\/www.europesays.com\/es\/wp-json\/wp\/v2\/tags?post=96298"}],"curies":[{"name":"wp","href":"https:\/\/api.w.org\/{rel}","templated":true}]}}