{"id":96344,"date":"2025-09-06T01:14:09","date_gmt":"2025-09-06T01:14:09","guid":{"rendered":"https:\/\/www.europesays.com\/es\/96344\/"},"modified":"2025-09-06T01:14:09","modified_gmt":"2025-09-06T01:14:09","slug":"treinta-anos-de-weve-got-it-goin-on-el-exito-que-puso-a-backstreet-boys-en-el-mapa-mundial-del-pop-los40-classic","status":"publish","type":"post","link":"https:\/\/www.europesays.com\/es\/96344\/","title":{"rendered":"Treinta a\u00f1os de \u2018We\u2019ve got it goin&#8217; on\u2019, el \u00e9xito que puso a Backstreet Boys en el mapa mundial del pop | LOS40 Classic"},"content":{"rendered":"<p>En septiembre de 1995, cinco chicos que respondieron a un anuncio en un peri\u00f3dico de Orlando (Florida, EE UU) irrump\u00edan en el panorama musical con un susurro convertido en grito colectivo. El 5 de septiembre de 1995, las radios estadounidenses emitieron por primera vez \u201cWe\u2019ve got it goin\u2019 on\u201d, <b>debut oficial de una banda que pronto definir\u00eda una \u00e9poca.<\/b> Tres d\u00e9cadas despu\u00e9s, ese single no se recuerda solo como el debut de <a href=\"https:\/\/los40.com\/2025\/08\/29\/i-want-it-that-way-de-backstreet-boys-de-incongruencia-linguistica-a-gran-numero-1-de-los-anos-90\/\" target=\"_blank\" rel=\"noreferrer nofollow noopener\" title=\"https:\/\/los40.com\/2025\/08\/29\/i-want-it-that-way-de-backstreet-boys-de-incongruencia-linguistica-a-gran-numero-1-de-los-anos-90\/\">Backstreet Boys<\/a>, sino como la puesta de largo de una identidad pop global.<\/p>\n<p>La historia empieza en Orlando, en 1993, cuando Lou Pearlman, empresario local, decidi\u00f3 crear un grupo de j\u00f3venes cantantes y bailarines. <b>A.\u202fJ. McLean <\/b>y <b>Howie Dorough<\/b> se presentaron primero, luego se apunt\u00f3 <b>Nick Carter<\/b> \u2014adolescente ya con experiencia en televisi\u00f3n\u2014 y, tras la salida del quinto miembro original, K<b>evin Richardson<\/b> trajo a su primo <b>Brian Littrell<\/b> al grupo. En junio de 1995, ya como quinteto, viajaron a Estocolmo (Suecia) para registrar su primer tema en los m\u00edticos estudios Cheiron, bajo la gu\u00eda de <b>Denniz Pop<\/b> y <b>Max Martin.<\/b> Grabaron \u201cWe\u2019ve got it goin\u2019 on\u201d en apenas dos d\u00edas, una pieza fresca, pop y R&amp;B, sin pretensiones, pero con el impulso suficiente para encender el fuego juvenil.<\/p>\n<p><img loading=\"lazy\" decoding=\"async\" src=\"https:\/\/img.youtube.com\/vi\/kHBXPoJhnHQ\/maxresdefault.jpg\" width=\"16\" height=\"9\"\/><\/p>\n<p>La canci\u00f3n se public\u00f3 como single el 11 de septiembre de 1995 (en formato CD en Europa). En las listas de Billboard Hot 100, donde alcanz\u00f3 el puesto 69, y permaneci\u00f3 durante veinte semanas \u2014una resistencia notable para un estreno modestamente posicionado. Pero la chispa estall\u00f3 en Europa: el tema alcanz\u00f3 el Top 5 en pa\u00edses como Alemania, Francia, Reino Unido, Austria, B\u00e9lgica, Suiza y los Pa\u00edses Bajos, e incluso <b>ocup\u00f3 el quinto puesto en el Eurochart Hot\u202f100<\/b>. El videoclip, rodado en Orlando bajo la direcci\u00f3n de Lionel C. Martin, mostraba a los chicos actuando en escenarios urbanos cotidianos: un gimnasio, un parque, un bar de bolos&#8230; la sencillez se convirti\u00f3 en su marca registrada.<\/p>\n<p><img decoding=\"async\" src=\"https:\/\/los40.com\/pf\/resources\/img\/logo-40-v-c.svg?d=872\" alt=\"LOS40 Classic\" class=\"i-pro\" width=\"68\" height=\"68\" loading=\"lazy\"\/><\/p>\n<p>\u00bfQu\u00e9 convirti\u00f3 ese austero debut en embri\u00f3n de fen\u00f3meno mundial? Primero, la frescura sin artificios de <b>un tema inmediato, pegadizo y lleno de energ\u00eda adolescente. <\/b>Segundo, la maquinaria europea, dominada por Max Martin, supo afilar el sonido pop hacia una sensibilidad contagiosa. Y tercero, aunque el impacto estadounidense fue discreto en su inicio, la persistencia del single le otorg\u00f3 un eco creciente.<\/p>\n<p>El verdadero despegue llegar\u00eda al cabo de un a\u00f1o, con \u201cQuit playing games (with my heart)\u201d, lanzado en Estados Unidos en mayo de 1997, que se convertir\u00eda en su primer gran \u00e9xito en ese pa\u00eds y alcanzar\u00e1 el segundo puesto en el Billboard Hot 100. A su vez, el \u00e1lbum debut internacional, publicado en mayo de 1996, se confirm\u00f3 como un \u00e9xito rotundo en Europa, <b>con certificados m\u00faltiples de platino y oro.<\/b><\/p>\n<p>Pero, desde aquella primavera de 1995, el latido ya estaba all\u00ed: cinco j\u00f3venes que comenzaron con un estribillo vibrante,<b> cruzaron fronteras primero invisibles y luego colapsadas por la fiebre pop. <\/b>El single era m\u00e1s que su carta de presentaci\u00f3n: era la promesa de que, sin que el gran p\u00fablico fuera consciente a\u00fan, ellos ya lo ten\u00edan todo\u2026 y lo sab\u00edan. Tres d\u00e9cadas despu\u00e9s, su debut sigue vigente como una chispa original que encendi\u00f3 una llama imparable.<\/p>\n","protected":false},"excerpt":{"rendered":"En septiembre de 1995, cinco chicos que respondieron a un anuncio en un peri\u00f3dico de Orlando (Florida, EE&hellip;\n","protected":false},"author":2,"featured_media":96345,"comment_status":"","ping_status":"","sticky":false,"template":"","format":"standard","meta":{"footnotes":""},"categories":[170],"tags":[146,147,25,24,34593,184,185,28950,34594,10950,34595,23],"class_list":{"0":"post-96344","1":"post","2":"type-post","3":"status-publish","4":"format-standard","5":"has-post-thumbnail","7":"category-musica","8":"tag-entertainment","9":"tag-entretenimiento","10":"tag-es","11":"tag-espana","12":"tag-group","13":"tag-music","14":"tag-musica","15":"tag-musician","16":"tag-musicians","17":"tag-singer","18":"tag-singers","19":"tag-spain"},"share_on_mastodon":{"url":"","error":""},"_links":{"self":[{"href":"https:\/\/www.europesays.com\/es\/wp-json\/wp\/v2\/posts\/96344","targetHints":{"allow":["GET"]}}],"collection":[{"href":"https:\/\/www.europesays.com\/es\/wp-json\/wp\/v2\/posts"}],"about":[{"href":"https:\/\/www.europesays.com\/es\/wp-json\/wp\/v2\/types\/post"}],"author":[{"embeddable":true,"href":"https:\/\/www.europesays.com\/es\/wp-json\/wp\/v2\/users\/2"}],"replies":[{"embeddable":true,"href":"https:\/\/www.europesays.com\/es\/wp-json\/wp\/v2\/comments?post=96344"}],"version-history":[{"count":0,"href":"https:\/\/www.europesays.com\/es\/wp-json\/wp\/v2\/posts\/96344\/revisions"}],"wp:featuredmedia":[{"embeddable":true,"href":"https:\/\/www.europesays.com\/es\/wp-json\/wp\/v2\/media\/96345"}],"wp:attachment":[{"href":"https:\/\/www.europesays.com\/es\/wp-json\/wp\/v2\/media?parent=96344"}],"wp:term":[{"taxonomy":"category","embeddable":true,"href":"https:\/\/www.europesays.com\/es\/wp-json\/wp\/v2\/categories?post=96344"},{"taxonomy":"post_tag","embeddable":true,"href":"https:\/\/www.europesays.com\/es\/wp-json\/wp\/v2\/tags?post=96344"}],"curies":[{"name":"wp","href":"https:\/\/api.w.org\/{rel}","templated":true}]}}