{"id":96410,"date":"2025-09-06T01:55:12","date_gmt":"2025-09-06T01:55:12","guid":{"rendered":"https:\/\/www.europesays.com\/es\/96410\/"},"modified":"2025-09-06T01:55:12","modified_gmt":"2025-09-06T01:55:12","slug":"brizuela-regresa-lesionado-del-eurobasket","status":"publish","type":"post","link":"https:\/\/www.europesays.com\/es\/96410\/","title":{"rendered":"Brizuela regresa lesionado del Eurobasket"},"content":{"rendered":"<p class=\"ft-text\"><a class=\"ft-link ft-link--decoration\" href=\"https:\/\/www.sport.es\/es\/noticias\/balonesto\/eurobasket\/mejor-peor-espana-eurobasket-121267672\" rel=\"nofollow noopener\" target=\"_blank\"><strong>El \u00faltimo partido de Espa\u00f1a<\/strong><\/a><strong> <\/strong>en el Eurobasket dej\u00f3 una mala noticia para el Bar\u00e7a. <strong>Dar\u00edo Brizuela no pudo acabar el encuentro contra Grecia y no reapareci\u00f3 en pista despu\u00e9s del descanso. <\/strong>Una ausencia que se debe, a falta de las pruebas m\u00e9dicas que aclaren la situaci\u00f3n, <strong>a un problema en la zona isquiotibial<\/strong>, que no le permitir\u00eda iniciar de inmediato la pretemporada con el equipo.<\/p>\n<p class=\"ft-text\"><strong>El escolta cul\u00e9 regresa hoy mismo a Barcelona para someterse a varios ex\u00e1menes m\u00e9dicos<\/strong> que determinen el alcance de la lesi\u00f3n. Brizuela acaba de esta forma el Eurobasket con<strong> 8,2 puntos, 1,4 rebotes y 2,8 asistencias<\/strong> por partido, dejando <strong>su mejor actuaci\u00f3n ante Bosnia<\/strong>, donde anot\u00f3 un total de 15 puntos, todos desde el triple.<\/p>\n<p class=\"ft-text\">Los que s\u00ed se sumar\u00e1n el pr\u00f3ximo lunes a los entrenamientos del primer equipo son los dem\u00e1s internacionales de la selecci\u00f3n espa\u00f1ola: <strong>Willy Hernang\u00f3mez y Joel Parra<\/strong>. Ambos vuelven sin aparentes lesiones ni dolencias y empezar\u00e1n a preparar la temporada una vez q<strong>ue la plantilla regrese de su concentraci\u00f3n en Encamp (Andorra). <\/strong><\/p>\n<p><img decoding=\"async\" src=\"https:\/\/www.europesays.com\/es\/wp-content\/uploads\/2025\/09\/57b2393f-3622-41f9-a365-4cb5d58a28bd_alta-libre-aspect-ratio_default_0.jpg\" width=\"1200\" height=\"675\" alt=\"Dar\u00edo Brizuela, en una acci\u00f3n de tiro contra Grecia\" class=\"ft-helper-img-rd\" loading=\"lazy\" hasdataaida=\"true\"\/><\/p>\n<p class=\"ft-helper-fontColor-quaternary ft-helper-fontSize-body-S ft-helper-spacer-t-xxs\">Dar\u00edo Brizuela, en una acci\u00f3n de tiro contra Grecia  \/ GEORGI LICOVSKI<\/p>\n<p class=\"ft-text\"><strong>En el caso de Toko Shengelia<\/strong>, el otro jugador que viajaba con su selecci\u00f3n al Eurobasket, <strong>todo depender\u00e1 del recorrido que tenga Georgia en el europeo<\/strong>. De momento, se enfrentar\u00e1n el pr\u00f3ximo domingo a uno de los grandes nombres de la competici\u00f3n: <strong>Francia<\/strong>. En caso de perder este partido, tambi\u00e9n se incorporar\u00eda durante la semana a los entrenamientos en Barcelona.<\/p>\n<p class=\"ft-text\">El Bar\u00e7a afronta este viernes el d\u00eda previo al partido que concluye con su estancia en Encamp. <strong>Los de Pe\u00f1arroya se enfrentar\u00e1n en un amistoso a Par\u00eds Basketball<\/strong>, uno de sus pr\u00f3ximos rivales en la Euroliga. <strong>De los internacionales, s\u00ed estar\u00e1 disponible para el partido es Juani Marcos<\/strong>, finalista con Argentina en la AmeriCup, que pudo llegar a tiempo para concentrarse en Andorra junto al resto de sus compa\u00f1eros.<\/p>\n<p class=\"ft-text\">No todo han sido malas noticias en el Bar\u00e7a este viernes. <strong>Y es que el club ha confirmado que Nico Laprovittola y Juan N\u00fa\u00f1ez reciben el alta m\u00e9dica,<\/strong><a class=\"ft-link ft-link--decoration\" href=\"https:\/\/www.sport.es\/es\/noticias\/barca\/baloncesto\/laprovittola-nunez-listos-volver-jugar-121136894\" rel=\"nofollow noopener\" target=\"_blank\"><strong> tal como informamos en SPORT<\/strong><\/a><strong>,<\/strong> y tambi\u00e9n podr\u00e1n disputar minutos en el duelo de este s\u00e1bado ante Par\u00eds Basketball. Una gran noticia para el equipo, despu\u00e9s de largos meses sin poder contar con ninguno de ellos, sobre todo en el caso del argentino.<\/p>\n<p>Vuelven los bases del Bar\u00e7a<\/p>\n<p class=\"ft-text\">De esta forma, <strong>Pe\u00f1arroya recupera a sus principales jugadores en el puesto de base.<\/strong> Una posici\u00f3n muy acusada por las lesiones la temporada pasada, <strong>que obligaron a Brizuela y Punter a bajar al &#8216;1&#8217; en varios partidos<\/strong>. Durante los \u00faltimos meses del curso, <strong>Tomas Satoransky<\/strong> fue el \u00fanico base natural del equipo, lo que le llev\u00f3 al l\u00edmite f\u00edsicamente.<\/p>\n<p class=\"ft-text\">Despu\u00e9s del duelo ante el Par\u00eds Basketball en Andorra,\u00a0<strong>el Bar\u00e7a regresar\u00e1 a casa.<\/strong>\u00a0La siguiente semana, concretamente el viernes 12 de septiembre,\u00a0<strong>afrontar\u00e1 un nuevo partido de pretemporada contra el B\u00e0squet Girona<\/strong>, esta vez en Platja d&#8217;Aro. Por \u00faltimo, s<strong>e enfrentar\u00e1 al Hiopos Lleida en territorio ilerdense el 26 de septiembre<\/strong>, aunque antes de desplazarse al Barris Nord, los de Pe\u00f1arroya intentar\u00e1n revalidar el t\u00edtulo de la\u00a0<strong>Lliga Catalana,<\/strong>\u00a0que se disputar\u00e1 en Tarragona del 17 al 21 de septiembre.<\/p>\n","protected":false},"excerpt":{"rendered":"El \u00faltimo partido de Espa\u00f1a en el Eurobasket dej\u00f3 una mala noticia para el Bar\u00e7a. Dar\u00edo Brizuela no&hellip;\n","protected":false},"author":2,"featured_media":96411,"comment_status":"","ping_status":"","sticky":false,"template":"","format":"standard","meta":{"footnotes":""},"categories":[269],"tags":[299,2296,298,19956,168,25,24,301,23,167],"class_list":{"0":"post-96410","1":"post","2":"type-post","3":"status-publish","4":"format-standard","5":"has-post-thumbnail","7":"category-baloncesto","8":"tag-baloncesto","9":"tag-barca","10":"tag-basketball","11":"tag-brizuela","12":"tag-deportes","13":"tag-es","14":"tag-espana","15":"tag-eurobasket","16":"tag-spain","17":"tag-sports"},"share_on_mastodon":{"url":"","error":""},"_links":{"self":[{"href":"https:\/\/www.europesays.com\/es\/wp-json\/wp\/v2\/posts\/96410","targetHints":{"allow":["GET"]}}],"collection":[{"href":"https:\/\/www.europesays.com\/es\/wp-json\/wp\/v2\/posts"}],"about":[{"href":"https:\/\/www.europesays.com\/es\/wp-json\/wp\/v2\/types\/post"}],"author":[{"embeddable":true,"href":"https:\/\/www.europesays.com\/es\/wp-json\/wp\/v2\/users\/2"}],"replies":[{"embeddable":true,"href":"https:\/\/www.europesays.com\/es\/wp-json\/wp\/v2\/comments?post=96410"}],"version-history":[{"count":0,"href":"https:\/\/www.europesays.com\/es\/wp-json\/wp\/v2\/posts\/96410\/revisions"}],"wp:featuredmedia":[{"embeddable":true,"href":"https:\/\/www.europesays.com\/es\/wp-json\/wp\/v2\/media\/96411"}],"wp:attachment":[{"href":"https:\/\/www.europesays.com\/es\/wp-json\/wp\/v2\/media?parent=96410"}],"wp:term":[{"taxonomy":"category","embeddable":true,"href":"https:\/\/www.europesays.com\/es\/wp-json\/wp\/v2\/categories?post=96410"},{"taxonomy":"post_tag","embeddable":true,"href":"https:\/\/www.europesays.com\/es\/wp-json\/wp\/v2\/tags?post=96410"}],"curies":[{"name":"wp","href":"https:\/\/api.w.org\/{rel}","templated":true}]}}