{"id":96416,"date":"2025-09-06T02:01:09","date_gmt":"2025-09-06T02:01:09","guid":{"rendered":"https:\/\/www.europesays.com\/es\/96416\/"},"modified":"2025-09-06T02:01:09","modified_gmt":"2025-09-06T02:01:09","slug":"en-sony-pictures-estan-satisfechos-con-el-exito-de-las-guerreras-k-pop-y-explican-como-es-el-reparto-con-netflix","status":"publish","type":"post","link":"https:\/\/www.europesays.com\/es\/96416\/","title":{"rendered":"En Sony Pictures est\u00e1n satisfechos con el \u00e9xito de Las guerreras k-pop y explican c\u00f3mo es el reparto con Netflix"},"content":{"rendered":"<p>Ravi Ahuja, CEO de Sony Pictures, explica c\u00f3mo han vivido el \u00e9xito de Las guerreras k-pop, aunque admite que quiz\u00e1 habr\u00eda sido un gran activo en cines.<\/p>\n<p>Es dif\u00edcil discernir c\u00f3mo habr\u00edan sido las cosas cuando se toma determinado camino y miras hacia el que no tomaste. Es ley de vida, y tambi\u00e9n de negocios. <strong>Sony Pictures Animation<\/strong> opt\u00f3 por vender <a href=\"https:\/\/www.hobbyconsolas.com\/noticias\/guerreras-k-pop-netflix-tiene-actualmente-dos-numero-1-mismo-villano-1481861\" title=\"Netflix tiene actualmente dos n\u00famero 1 con el mismo villano: El juego del calamar y Las guerreras k-pop\" rel=\"nofollow noopener\" target=\"_blank\">Las guerreras k-pop<\/a> a <a href=\"https:\/\/www.hobbyconsolas.com\/reportajes\/netflix-espana-planes-precio-compartir-cuenta-catalogo-1150345\" title=\"Netflix Espa\u00f1a: planes, precio, compartir cuenta, cat\u00e1logo y m\u00e1s\" rel=\"nofollow noopener\" target=\"_blank\">Netflix<\/a>, y nadie esperaba lo que pas\u00f3 despu\u00e9s.<\/p>\n<p>La <strong>pel\u00edcula <\/strong>de animaci\u00f3n ha sido el fen\u00f3meno del verano en la plataforma, convirti\u00e9ndose en el largometraje m\u00e1s visto de la historia de Netflix. Tambi\u00e9n ha hecho una incursi\u00f3n fugaz en salas de forma limitada durante dos d\u00edas, cosechando m\u00e1s de <strong>19 millones de d\u00f3lares<\/strong>.<\/p>\n<p>A eso le sumamos la banda sonora arrasando entre los fans y el merchandising que ya est\u00e1 llegando a las tiendas. Todo eso el dinero contante y sonante que Sony no est\u00e1 ganando, no del todo, al menos.<\/p>\n<p>Tal y como recoge <a href=\"https:\/\/variety.com\/2025\/film\/news\/sony-ceo-stands-by-selling-kpop-demon-hunters-netflix-1236508387\/\" target=\"_blank\" rel=\"nofollow noopener\">Variety<\/a>, <strong>Ravi Ahuja<\/strong>, CEO de Sony Pictures, ha estado hablando del fen\u00f3meno de Las guerreras k-pop y c\u00f3mo naci\u00f3 la <a href=\"https:\/\/www.hobbyconsolas.com\/listas\/10-peliculas-netflix-pinta-horrible-te-sorprenderan-muy-gratamente-1242008\" title=\"10 pel\u00edculas de Netflix con una pinta horrible que te sorprender\u00e1n muy gratamente\" rel=\"nofollow noopener\" target=\"_blank\">pel\u00edcula<\/a>, pensada en todo momento para ser parte del acuerdo que el estudio tiene con Netflix.<\/p>\n<p>Siempre quedar\u00e1 el \u00aby s\u00ed&#8230;\u00bb, pero en Sony est\u00e1n contentos con Las guerreras k-pop<\/p>\n<p>Ahuja enfatiza que <strong>Netflix pag\u00f3 los costes completos de producci\u00f3n<\/strong> de Las guerreras k-pop, 100 millones de d\u00f3lares, adem\u00e1s de a\u00f1adir una prima por rendimiento para Sony. A cambio, <strong>la plataforma retendr\u00e1 los derechos de distribuci\u00f3n, de merchandising y musicales<\/strong>, aunque la corporaci\u00f3n japonesa participa en estos \u00faltimos a trav\u00e9s de <strong>Sony Music Publishing<\/strong>.<\/p>\n<p>Pero el ejecutivo tambi\u00e9n admite que no sabe c\u00f3mo habr\u00edan sido las cosas si Sony hubiera estrenado Las guerreras k-pop en cines de forma convencional, concediendo parte del \u00e9xito de la pel\u00edcula al hecho de llegar directamente a Netflix:<\/p>\n<p>\u00abEst\u00e1bamos trabajando en un lanzamiento directo a plataforma como parte de nuestro acuerdo. Netflix pag\u00f3 el costo total, m\u00e1s una prima de ganancias para nosotros en ese momento. Ten\u00eda sentido, \u00bfverdad? Pero ahora ves el \u00e9xito y piensas que tal vez podr\u00eda haber arrasado en cines.<\/p>\n<p>Empez\u00f3 en Netflix, y luego el boca a boca lo hizo crecer. En cines, eso es mucho m\u00e1s dif\u00edcil. Es complicado mantener el impulso en cines. As\u00ed que creo que lleg\u00f3 al lugar correcto. Dir\u00eda que nuestra misi\u00f3n es crear contenido excelente y encontrar el lugar correcto, y creo que para Las guerreras k-pop fue Netflix\u00bb.<\/p>\n<p>Ravi Ahuja tambi\u00e9n destac\u00f3 que <strong>los derechos para producir secuelas de <\/strong><strong>Las guerreras k-pop<\/strong><strong> reside en Sony Pictures<\/strong>, algo que el estudio podr\u00eda esgrimir para mejorar las condiciones econ\u00f3micas. De momento, suenan rumores de dos secuelas, un live-action y un musical. Veremos cu\u00e1nto de eso se materializa.<\/p>\n<p>Conoce <a href=\"https:\/\/www.hobbyconsolas.com\/como-trabajamos\" title=\"&quot;C\u00f3mo trabajamos en HobbyConsolas&quot;\" target=\"_blank\" rel=\"nofollow noopener\">c\u00f3mo trabajamos<\/a> en HobbyConsolas.<\/p>\n<p class=\"more-info_p__isR8T\">Etiquetas: <a href=\"https:\/\/www.hobbyconsolas.com\/tags\/netflix\" rel=\"nofollow noopener\" target=\"_blank\">Netflix<\/a><\/p>\n","protected":false},"excerpt":{"rendered":"Ravi Ahuja, CEO de Sony Pictures, explica c\u00f3mo han vivido el \u00e9xito de Las guerreras k-pop, aunque admite&hellip;\n","protected":false},"author":2,"featured_media":96417,"comment_status":"","ping_status":"","sticky":false,"template":"","format":"standard","meta":{"footnotes":""},"categories":[170],"tags":[146,147,25,24,184,185,23],"class_list":{"0":"post-96416","1":"post","2":"type-post","3":"status-publish","4":"format-standard","5":"has-post-thumbnail","7":"category-musica","8":"tag-entertainment","9":"tag-entretenimiento","10":"tag-es","11":"tag-espana","12":"tag-music","13":"tag-musica","14":"tag-spain"},"share_on_mastodon":{"url":"","error":""},"_links":{"self":[{"href":"https:\/\/www.europesays.com\/es\/wp-json\/wp\/v2\/posts\/96416","targetHints":{"allow":["GET"]}}],"collection":[{"href":"https:\/\/www.europesays.com\/es\/wp-json\/wp\/v2\/posts"}],"about":[{"href":"https:\/\/www.europesays.com\/es\/wp-json\/wp\/v2\/types\/post"}],"author":[{"embeddable":true,"href":"https:\/\/www.europesays.com\/es\/wp-json\/wp\/v2\/users\/2"}],"replies":[{"embeddable":true,"href":"https:\/\/www.europesays.com\/es\/wp-json\/wp\/v2\/comments?post=96416"}],"version-history":[{"count":0,"href":"https:\/\/www.europesays.com\/es\/wp-json\/wp\/v2\/posts\/96416\/revisions"}],"wp:featuredmedia":[{"embeddable":true,"href":"https:\/\/www.europesays.com\/es\/wp-json\/wp\/v2\/media\/96417"}],"wp:attachment":[{"href":"https:\/\/www.europesays.com\/es\/wp-json\/wp\/v2\/media?parent=96416"}],"wp:term":[{"taxonomy":"category","embeddable":true,"href":"https:\/\/www.europesays.com\/es\/wp-json\/wp\/v2\/categories?post=96416"},{"taxonomy":"post_tag","embeddable":true,"href":"https:\/\/www.europesays.com\/es\/wp-json\/wp\/v2\/tags?post=96416"}],"curies":[{"name":"wp","href":"https:\/\/api.w.org\/{rel}","templated":true}]}}