{"id":96420,"date":"2025-09-06T02:03:08","date_gmt":"2025-09-06T02:03:08","guid":{"rendered":"https:\/\/www.europesays.com\/es\/96420\/"},"modified":"2025-09-06T02:03:08","modified_gmt":"2025-09-06T02:03:08","slug":"luis-enrique-trasladado-a-urgencias-con-una-fractura-de-clavicula-tras-una-caida-en-bicicleta-futbol-deportes","status":"publish","type":"post","link":"https:\/\/www.europesays.com\/es\/96420\/","title":{"rendered":"Luis Enrique, trasladado a urgencias con una fractura de clav\u00edcula tras una ca\u00edda en bicicleta | F\u00fatbol | Deportes"},"content":{"rendered":"<p class=\"\">El entrenador espa\u00f1ol <a href=\"https:\/\/elpais.com\/deportes\/futbol\/2025-05-31\/luis-enrique-el-dia-que-me-presente-dije-que-mi-primer-objetivo-era-traer-trofeos-importantes.html\" target=\"_self\" rel=\"nofollow noopener\" title=\"https:\/\/elpais.com\/deportes\/futbol\/2025-05-31\/luis-enrique-el-dia-que-me-presente-dije-que-mi-primer-objetivo-era-traer-trofeos-importantes.html\">Luis Enrique Mart\u00ednez<\/a> ha sufrido una ca\u00edda en bicicleta este viernes y, tal y como ha informado a trav\u00e9s de las redes sociales su club, el Paris Saint Germain, ha sido trasladado a urgencias con una fractura de clav\u00edcula de la que ser\u00e1 operado en las pr\u00f3ximas horas.<\/p>\n<blockquote class=\"twitter-tweet\">\n<p lang=\"es\" dir=\"ltr\">Tras sufrir una ca\u00edda en bicicleta este viernes, el entrenador del Paris Saint-Germain, Luis Enrique, fue trasladado a urgencias y ser\u00e1 operado de una fractura de clav\u00edcula.<\/p>\n<p>El Club expresa su total apoyo y le desea una pronta recuperaci\u00f3n. Se compartir\u00e1n m\u00e1s actualizaciones a\u2026<\/p>\n<p>\u2014 Paris Saint-Germain (@PSG_espanol) <a href=\"https:\/\/twitter.com\/PSG_espanol\/status\/1964060687501598880?ref_src=twsrc%5Etfw\" rel=\"nofollow noopener\" target=\"_blank\">September 5, 2025<\/a><\/p><\/blockquote>\n<p class=\"\">El club parisino ha querido trasladar todo su apoyo al t\u00e9cnico asturiano, que lleg\u00f3 a la disciplina del vigente campe\u00f3n de la Liga de Campeones en verano de 2023, <a href=\"https:\/\/elpais.com\/videos\/universo-mundial-qatar\/2022-12-10\/lo-mejor-de-luis-enrique-el-seleccionador-a-streamer-en-dos-minutos.html\" target=\"_self\" rel=\"nofollow noopener\" title=\"https:\/\/elpais.com\/videos\/universo-mundial-qatar\/2022-12-10\/lo-mejor-de-luis-enrique-el-seleccionador-a-streamer-en-dos-minutos.html\">tras dirigir a la selecci\u00f3n espa\u00f1ola en el Mundial de Catar<\/a>. Con el PSG, el gijon\u00e9s ha ganado dos tripletes nacionales (liga, copa y supercopa francesa), as\u00ed como la \u00faltima edici\u00f3n de la Liga de Campeones y la Supercopa de Europa.<\/p>\n<p class=\"\">Ac\u00e9rrimo aficionado del ciclismo, deporte que practica cada vez que tiene oportunidad, Mart\u00ednez ha participado en pruebas de gran fondo como la Cape Epic sudafricana, una carrera de bicicleta de monta\u00f1a que, celebrada por etapas, es considerada una de las m\u00e1s exigentes del mundo, con un recorrido de cerca de 700 kil\u00f3metros y m\u00e1s de 15.000 metros de desnivel acumulado.<\/p>\n<p class=\"\">Tal es la pasi\u00f3n del t\u00e9cnico asturiano por la bicicleta, que en m\u00e1s de una ocasi\u00f3n se le ha visto llegando a la ciudad deportiva del Par\u00eds Saint Germain, su lugar de trabajo, en este medio de transporte.<\/p>\n<p><script async src=\"https:\/\/platform.twitter.com\/widgets.js\" charset=\"utf-8\"><\/script><\/p>\n","protected":false},"excerpt":{"rendered":"El entrenador espa\u00f1ol Luis Enrique Mart\u00ednez ha sufrido una ca\u00edda en bicicleta este viernes y, tal y como&hellip;\n","protected":false},"author":2,"featured_media":96421,"comment_status":"","ping_status":"","sticky":false,"template":"","format":"standard","meta":{"footnotes":""},"categories":[93],"tags":[313,1540,168,1539,25,24,282,1538,10402,4409,23,167],"class_list":{"0":"post-96420","1":"post","2":"type-post","3":"status-publish","4":"format-standard","5":"has-post-thumbnail","7":"category-deportes","8":"tag-ciclismo","9":"tag-competiciones","10":"tag-deportes","11":"tag-entrenadores","12":"tag-es","13":"tag-espana","14":"tag-futbol","15":"tag-futbolistas","16":"tag-luis-enrique","17":"tag-psg","18":"tag-spain","19":"tag-sports"},"share_on_mastodon":{"url":"","error":""},"_links":{"self":[{"href":"https:\/\/www.europesays.com\/es\/wp-json\/wp\/v2\/posts\/96420","targetHints":{"allow":["GET"]}}],"collection":[{"href":"https:\/\/www.europesays.com\/es\/wp-json\/wp\/v2\/posts"}],"about":[{"href":"https:\/\/www.europesays.com\/es\/wp-json\/wp\/v2\/types\/post"}],"author":[{"embeddable":true,"href":"https:\/\/www.europesays.com\/es\/wp-json\/wp\/v2\/users\/2"}],"replies":[{"embeddable":true,"href":"https:\/\/www.europesays.com\/es\/wp-json\/wp\/v2\/comments?post=96420"}],"version-history":[{"count":0,"href":"https:\/\/www.europesays.com\/es\/wp-json\/wp\/v2\/posts\/96420\/revisions"}],"wp:featuredmedia":[{"embeddable":true,"href":"https:\/\/www.europesays.com\/es\/wp-json\/wp\/v2\/media\/96421"}],"wp:attachment":[{"href":"https:\/\/www.europesays.com\/es\/wp-json\/wp\/v2\/media?parent=96420"}],"wp:term":[{"taxonomy":"category","embeddable":true,"href":"https:\/\/www.europesays.com\/es\/wp-json\/wp\/v2\/categories?post=96420"},{"taxonomy":"post_tag","embeddable":true,"href":"https:\/\/www.europesays.com\/es\/wp-json\/wp\/v2\/tags?post=96420"}],"curies":[{"name":"wp","href":"https:\/\/api.w.org\/{rel}","templated":true}]}}