{"id":96516,"date":"2025-09-06T03:06:07","date_gmt":"2025-09-06T03:06:07","guid":{"rendered":"https:\/\/www.europesays.com\/es\/96516\/"},"modified":"2025-09-06T03:06:07","modified_gmt":"2025-09-06T03:06:07","slug":"estrellas-ex-del-alba-vuelven-al-belmonte-por-feria","status":"publish","type":"post","link":"https:\/\/www.europesays.com\/es\/96516\/","title":{"rendered":"Estrellas ex del Alba vuelven al Belmonte por Feria"},"content":{"rendered":"<p>\t\t\t\t\t723<\/p>\n<p>Estrellas ex del Albacete Balompi\u00e9, como son Kofane y Alfon, han estado este viernes viendo al equipo blanco en el Belmonte.<\/p>\n<p>Han aprovechado el par\u00f3n por las selecciones para volver a la que siempre ser\u00e1 su casa. La ciudad est\u00e1 muy cerca de abrir su Feria, de Inter\u00e9s Tur\u00edstico Internacional y podr\u00e1n aprovechar para vivir esta tradici\u00f3n.<\/p>\n<p>A ambos les hemos visto siguiendo con inter\u00e9s al Albacete Balompi\u00e9.<\/p>\n<p><a href=\"https:\/\/www.europesays.com\/es\/wp-content\/uploads\/2025\/09\/IMG-20250905-WA0057.jpg\" data-rel=\"penci-gallery-image-content\"><img fetchpriority=\"high\" decoding=\"async\" width=\"1800\" height=\"1200\" src=\"https:\/\/www.europesays.com\/es\/wp-content\/uploads\/2025\/09\/IMG-20250905-WA0057.jpg\" alt=\"\" class=\"wp-image-186122\"  \/><\/a><\/p>\n","protected":false},"excerpt":{"rendered":"723 Estrellas ex del Albacete Balompi\u00e9, como son Kofane y Alfon, han estado este viernes viendo al equipo&hellip;\n","protected":false},"author":2,"featured_media":96517,"comment_status":"","ping_status":"","sticky":false,"template":"","format":"standard","meta":{"footnotes":""},"categories":[174],"tags":[2545,14295,3650,415,255,146,147,25,24,256,23],"class_list":{"0":"post-96516","1":"post","2":"type-post","3":"status-publish","4":"format-standard","5":"has-post-thumbnail","7":"category-famosos","8":"tag-albacete","9":"tag-balompie","10":"tag-belmonte","11":"tag-carlos","12":"tag-celebrities","13":"tag-entertainment","14":"tag-entretenimiento","15":"tag-es","16":"tag-espana","17":"tag-famosos","18":"tag-spain"},"share_on_mastodon":{"url":"","error":""},"_links":{"self":[{"href":"https:\/\/www.europesays.com\/es\/wp-json\/wp\/v2\/posts\/96516","targetHints":{"allow":["GET"]}}],"collection":[{"href":"https:\/\/www.europesays.com\/es\/wp-json\/wp\/v2\/posts"}],"about":[{"href":"https:\/\/www.europesays.com\/es\/wp-json\/wp\/v2\/types\/post"}],"author":[{"embeddable":true,"href":"https:\/\/www.europesays.com\/es\/wp-json\/wp\/v2\/users\/2"}],"replies":[{"embeddable":true,"href":"https:\/\/www.europesays.com\/es\/wp-json\/wp\/v2\/comments?post=96516"}],"version-history":[{"count":0,"href":"https:\/\/www.europesays.com\/es\/wp-json\/wp\/v2\/posts\/96516\/revisions"}],"wp:featuredmedia":[{"embeddable":true,"href":"https:\/\/www.europesays.com\/es\/wp-json\/wp\/v2\/media\/96517"}],"wp:attachment":[{"href":"https:\/\/www.europesays.com\/es\/wp-json\/wp\/v2\/media?parent=96516"}],"wp:term":[{"taxonomy":"category","embeddable":true,"href":"https:\/\/www.europesays.com\/es\/wp-json\/wp\/v2\/categories?post=96516"},{"taxonomy":"post_tag","embeddable":true,"href":"https:\/\/www.europesays.com\/es\/wp-json\/wp\/v2\/tags?post=96516"}],"curies":[{"name":"wp","href":"https:\/\/api.w.org\/{rel}","templated":true}]}}