{"id":96518,"date":"2025-09-06T03:08:10","date_gmt":"2025-09-06T03:08:10","guid":{"rendered":"https:\/\/www.europesays.com\/es\/96518\/"},"modified":"2025-09-06T03:08:10","modified_gmt":"2025-09-06T03:08:10","slug":"en-el-silencio-de-la-lectura-comunitaria-por-alex-salmon","status":"publish","type":"post","link":"https:\/\/www.europesays.com\/es\/96518\/","title":{"rendered":"En el silencio de la lectura comunitaria; por \u00c1lex S\u00e0lmon"},"content":{"rendered":"<p><img fetchpriority=\"high\" decoding=\"async\" src=\"https:\/\/www.europesays.com\/es\/wp-content\/uploads\/2025\/09\/8bca3a72-819e-4870-9061-6cc16c1763c2_16-9-discover-aspect-ratio_default_0.jpg\" width=\"1200\" height=\"675\" alt=\"Uno de los encuentros del Chat'n Chapters Book Party en Barcelona.\" class=\"ft-helper-img-rd\" loading=\"eager\" hasdataaida=\"true\"\/><\/p>\n<p class=\"ft-helper-fontColor-quaternary ft-helper-fontSize-body-S ft-helper-spacer-t-xxs\">Uno de los encuentros del Chat&#8217;n Chapters Book Party en Barcelona.  \/ EP<\/p>\n<p class=\"ft-text\">Las modas son cambiantes y de forma exponencial. Siempre ha sido as\u00ed, pero la rapidez de los tiempos lo hace m\u00e1s palpable. La pandemia devolvi\u00f3 la afici\u00f3n por la lectura a mucha gente. Y sigue. De ah\u00ed pasamos a los <strong>clubs de lectura<\/strong>, y a compartir y debatir los argumentos de autores conocidos o desconocidos en una puesta en com\u00fan. Las <strong>librer\u00edas<\/strong> han tenido que ver con ello. Encontraron una v\u00eda de negocio interesante que, adem\u00e1s, no ha sido solo cremat\u00edstica, sino cultivadora de sentimientos e imaginaci\u00f3n.<\/p>\n<p class=\"ft-text\">La moda de este verano es m\u00e1s \u00edntima. Ahora se trata de un encuentro de lectores con un libro cualquiera en un lugar concreto para leer. Todos reunidos, pero en silencio. Espacio compartido para lectura privada. Las primeras que se conocen fueron, c\u00f3mo no, en <strong>Nueva York<\/strong> el pasado a\u00f1o. Poco a poco han ido apareciendo estas &#8216;quedadas&#8217; en diferentes puntos de la geograf\u00eda espa\u00f1ola.<\/p>\n<p class=\"ft-text\">Barcelona fue una de esas primeras ciudades impulsadas por lectores an\u00f3nimos. Planeta quiso sumarse a esta moda este a\u00f1o: una en el Museo del Ferrocarril en Madrid y otra en el Marem\u00e1gnum. Algunas ya tienen una programaci\u00f3n oficial como la <a class=\"ft-link ft-link--decoration\" href=\"https:\/\/www.meetup.com\/es-ES\/barcelona-chatnchapters-reading-party\/\" rel=\"nofollow noopener\" target=\"_blank\">Barcelona Chat&#8217;n Chapters Book Party<\/a>, que se re\u00fane por el parque de la Estaci\u00f3 del Nord o en la librer\u00eda en lengua inglesa <a class=\"ft-link ft-link--decoration\" href=\"https:\/\/www.backstorybookshop.com\/\" rel=\"nofollow noopener\" target=\"_blank\">Backstory Bookshop<\/a>, abierta recientemente.<\/p>\n<p class=\"ft-text\">En un momento de la sociedad tan individual, donde las redes facilitan un aislamiento conectado, resulta curioso que los lectores busquen leer, un acto solitario, en compa\u00f1\u00eda para despu\u00e9s compartir. Ser\u00e1n los psic\u00f3logos y soci\u00f3logos los que tengan que desmenuzar el sentido de esta nueva moda. Sin embargo, algo queda por encima de todo: es una puerta abierta, y muy sugerente, a la lectura. Para los que necesitan silencio absoluto o la respiraci\u00f3n de otros para llegar a la m\u00e1xima concentraci\u00f3n.<\/p>\n","protected":false},"excerpt":{"rendered":"Uno de los encuentros del Chat&#8217;n Chapters Book Party en Barcelona. \/ EP Las modas son cambiantes y&hellip;\n","protected":false},"author":2,"featured_media":96519,"comment_status":"","ping_status":"","sticky":false,"template":"","format":"standard","meta":{"footnotes":""},"categories":[172],"tags":[224,31140,34624,146,147,25,24,1807,906,225,2807,23],"class_list":{"0":"post-96518","1":"post","2":"type-post","3":"status-publish","4":"format-standard","5":"has-post-thumbnail","7":"category-libros","8":"tag-books","9":"tag-club-de-lectura","10":"tag-comunitaria","11":"tag-entertainment","12":"tag-entretenimiento","13":"tag-es","14":"tag-espana","15":"tag-lectura","16":"tag-librerias","17":"tag-libros","18":"tag-silencio","19":"tag-spain"},"share_on_mastodon":{"url":"","error":""},"_links":{"self":[{"href":"https:\/\/www.europesays.com\/es\/wp-json\/wp\/v2\/posts\/96518","targetHints":{"allow":["GET"]}}],"collection":[{"href":"https:\/\/www.europesays.com\/es\/wp-json\/wp\/v2\/posts"}],"about":[{"href":"https:\/\/www.europesays.com\/es\/wp-json\/wp\/v2\/types\/post"}],"author":[{"embeddable":true,"href":"https:\/\/www.europesays.com\/es\/wp-json\/wp\/v2\/users\/2"}],"replies":[{"embeddable":true,"href":"https:\/\/www.europesays.com\/es\/wp-json\/wp\/v2\/comments?post=96518"}],"version-history":[{"count":0,"href":"https:\/\/www.europesays.com\/es\/wp-json\/wp\/v2\/posts\/96518\/revisions"}],"wp:featuredmedia":[{"embeddable":true,"href":"https:\/\/www.europesays.com\/es\/wp-json\/wp\/v2\/media\/96519"}],"wp:attachment":[{"href":"https:\/\/www.europesays.com\/es\/wp-json\/wp\/v2\/media?parent=96518"}],"wp:term":[{"taxonomy":"category","embeddable":true,"href":"https:\/\/www.europesays.com\/es\/wp-json\/wp\/v2\/categories?post=96518"},{"taxonomy":"post_tag","embeddable":true,"href":"https:\/\/www.europesays.com\/es\/wp-json\/wp\/v2\/tags?post=96518"}],"curies":[{"name":"wp","href":"https:\/\/api.w.org\/{rel}","templated":true}]}}