{"id":96538,"date":"2025-09-06T03:21:09","date_gmt":"2025-09-06T03:21:09","guid":{"rendered":"https:\/\/www.europesays.com\/es\/96538\/"},"modified":"2025-09-06T03:21:09","modified_gmt":"2025-09-06T03:21:09","slug":"simancas-se-lanza-a-la-calle-con-sus-fiestas-patronales","status":"publish","type":"post","link":"https:\/\/www.europesays.com\/es\/96538\/","title":{"rendered":"Simancas se lanza a la calle con sus fiestas patronales"},"content":{"rendered":"<p>Simancas arrancar\u00e1 este fin de semana sus fiestas patronales en honor a la Virgen del Arrabal. Lo har\u00e1 con un programa de actividades para todos los p\u00fablicos y gustos, con las pe\u00f1as como parte importante y con sus encierros (siete) y eventos taurinos como protagonistas.<\/p>\n<p>\u00abEs evidente que todo cambia, ninguna fiesta es igual, como ning\u00fan pueblo celebra sus fiestas de la misma manera. Nosotros, desde la devoci\u00f3n a nuestra Madre, queremos disfrutar de unos d\u00edas de hermandad, de amistad, de alegr\u00eda y de convivencia\u00bb, se\u00f1ala el alcalde, Alberto Plaza, en el saluda a sus vecinos, para los que ha preparado un programa que ya arranc\u00f3 el pasado fin de semana y que tendr\u00e1 como pregonero este domingo a Mario del Campo Melgar, director de la Escuela Municipal de M\u00fasica de Simancas, que este a\u00f1o celebra su 20 Aniversario, y del Coro G\u00f3spel Good News.<\/p>\n<p>Del 6 al 11 de septiembre, la villa se prepara para vivir sus d\u00edas festivos m\u00e1s importantes, con siete encierros (los nocturnos del 7, 8, 9 y 10; el matutino del mi\u00e9rcoles 10 y el \u00faltimo, a las 19.30 horas, del 11; m\u00e1s el de minibueyes para ni\u00f1os del jueves 11), y tres eventos taurinos m\u00e1s: el concurso nacional de recortadores (6 de septiembre), el festival taurino sin picadores (el 9, con los matadores de toros Joselillo, Javier Herrero y Dar\u00edo Dom\u00ednguez, y los novilleros Jes\u00fas de la Calzada \u2013residente en Simancas\u2013 y Samuel Castrej\u00f3n) y el Grand Prix de pe\u00f1as.<\/p>\n<p>Precisamente las pe\u00f1as, con 44 presentes, ser\u00e1n parte crucial de las fiestas patronales, con el trofeo de f\u00fatbol sala y la gymkhana ya realizados; el desfile el 7 con los Motociclones Electrocharanga, el desfiles de disfraces el 9 y ese Grand Prix.<\/p>\n<p>Y, por supuesto, el 8 espera el pasacalles de las autoridades municipales, acompa\u00f1adas de las Doncellas, desde la Plaza Mayor hacia la Ermita, y la posterior misa en honor a la Virgen del Arrabal, patrona de Simancas, y la procesi\u00f3n por la tarde, en la que se bailar\u00e1 la tradicional jota y se cantar\u00e1 la Salve.\u00a0<\/p>\n<p>La orquesta La Pasarela (La Rioja), la S\u00e9ptima Avenida (Ciudad Real), la disco-m\u00f3vil Pety con los dJs Paulo y Diego DS; el Sarao de los Flamenkitos, la Asociaci\u00f3n Musical &#8216;San Nicol\u00e1s&#8217;, las macro-disco Lun\u00e1tica y Next Level; y el dj Mel pondr\u00e1n la m\u00fasica junto a Motociclones Electrocharanga y la charanga El Pend\u00f3n.<\/p>\n<p>Tampoco faltar\u00e1n dos concursos muy esperados, que unen tradici\u00f3n, sabor y convivencia vecinal, el de Limonada (10 de septiembre) y el de Tortilla de Patata (10).<\/p>\n","protected":false},"excerpt":{"rendered":"Simancas arrancar\u00e1 este fin de semana sus fiestas patronales en honor a la Virgen del Arrabal. Lo har\u00e1&hellip;\n","protected":false},"author":2,"featured_media":96539,"comment_status":"","ping_status":"","sticky":false,"template":"","format":"standard","meta":{"footnotes":""},"categories":[277],"tags":[34641,373,1940,168,1309,25,32703,32701,24,17648,2701,9739,185,11589,7087,33967,23,167,625,374,444],"class_list":{"0":"post-96538","1":"post","2":"type-post","3":"status-publish","4":"format-standard","5":"has-post-thumbnail","7":"category-toreo","8":"tag-alberto-plaza","9":"tag-bullfighting","10":"tag-ciudad-real","11":"tag-deportes","12":"tag-encierro","13":"tag-es","14":"tag-escuela-de-musica","15":"tag-escuela-municipal-de-musica-antonio-de-cabezon","16":"tag-espana","17":"tag-futbol-sala","18":"tag-grand-prix","19":"tag-la-rioja","20":"tag-musica","21":"tag-plaza-mayor","22":"tag-semana-santa","23":"tag-simancas","24":"tag-spain","25":"tag-sports","26":"tag-tauromaquia","27":"tag-toreo","28":"tag-toros"},"share_on_mastodon":{"url":"","error":""},"_links":{"self":[{"href":"https:\/\/www.europesays.com\/es\/wp-json\/wp\/v2\/posts\/96538","targetHints":{"allow":["GET"]}}],"collection":[{"href":"https:\/\/www.europesays.com\/es\/wp-json\/wp\/v2\/posts"}],"about":[{"href":"https:\/\/www.europesays.com\/es\/wp-json\/wp\/v2\/types\/post"}],"author":[{"embeddable":true,"href":"https:\/\/www.europesays.com\/es\/wp-json\/wp\/v2\/users\/2"}],"replies":[{"embeddable":true,"href":"https:\/\/www.europesays.com\/es\/wp-json\/wp\/v2\/comments?post=96538"}],"version-history":[{"count":0,"href":"https:\/\/www.europesays.com\/es\/wp-json\/wp\/v2\/posts\/96538\/revisions"}],"wp:featuredmedia":[{"embeddable":true,"href":"https:\/\/www.europesays.com\/es\/wp-json\/wp\/v2\/media\/96539"}],"wp:attachment":[{"href":"https:\/\/www.europesays.com\/es\/wp-json\/wp\/v2\/media?parent=96538"}],"wp:term":[{"taxonomy":"category","embeddable":true,"href":"https:\/\/www.europesays.com\/es\/wp-json\/wp\/v2\/categories?post=96538"},{"taxonomy":"post_tag","embeddable":true,"href":"https:\/\/www.europesays.com\/es\/wp-json\/wp\/v2\/tags?post=96538"}],"curies":[{"name":"wp","href":"https:\/\/api.w.org\/{rel}","templated":true}]}}