{"id":96577,"date":"2025-09-06T03:49:09","date_gmt":"2025-09-06T03:49:09","guid":{"rendered":"https:\/\/www.europesays.com\/es\/96577\/"},"modified":"2025-09-06T03:49:09","modified_gmt":"2025-09-06T03:49:09","slug":"jos-verstappen-responde-a-declaraciones-del-padre-de-checo-perez","status":"publish","type":"post","link":"https:\/\/www.europesays.com\/es\/96577\/","title":{"rendered":"Jos Verstappen responde a declaraciones del padre de Checo P\u00e9rez"},"content":{"rendered":"<p>Las tensiones en<strong> <\/strong><a href=\"https:\/\/www.record.com.mx\/formula1\/tono-perez-estalla-contra-red-bull-checo-pudo-ser-campeon-lo-bloquearon\" rel=\"nofollow noopener\" target=\"_blank\"><strong>Red Bull<\/strong><\/a><strong> <\/strong>est\u00e1n lejos de acabar, pero ahora la disputa no ocurri\u00f3 dentro del equipo de las bebidas energ\u00e9ticas. <strong>Jos Verstappen<\/strong>, padre de <a href=\"https:\/\/www.record.com.mx\/formula1\/otra-vez-fox-sports-no-paso-las-practica-1-del-gp-de-paises-bajos-pesar-de-estar\" rel=\"nofollow noopener\" target=\"_blank\"><strong>Max Verstappen<\/strong><\/a>, respondi\u00f3 y llam\u00f3 \u00abcobarde\u00bb a <strong>Antonio P\u00e9rez Garibay<\/strong>, padre del piloto mexicano <a href=\"https:\/\/www.record.com.mx\/formula1\/coulthard-califica-como-incomoda-la-etapa-final-de-checo-perez-en-red-bull\" rel=\"nofollow noopener\" target=\"_blank\"><strong>Sergio &#8216;Checo&#8217; P\u00e9rez<\/strong><\/a>.<\/p>\n<p>P\u00e9rez Garibay dio su postura en Victory Media sobre la competencia interna entre Checo y Max en Red Bull, y asegur\u00f3 que las condiciones no fueron igualitarias. \u00abCheco corri\u00f3 para Red Bull durante cuatro a\u00f1os. \u00bfCu\u00e1ntos a\u00f1os gan\u00f3 Red Bull el campeonato? Cuatro a\u00f1os. Checo P\u00e9rez convirti\u00f3 a Verstappen en campe\u00f3n. <strong>Si Checo hubiera tenido el mismo coche, ahora ser\u00eda Campe\u00f3n del Mundo\u00bb<\/strong>.<\/p>\n<p> <img loading=\"lazy\" decoding=\"async\" src=\"https:\/\/www.europesays.com\/es\/wp-content\/uploads\/2025\/09\/FgW_5YAX0AAzrjD.jpg\" data-entity-uuid=\"e461f879-d0fa-4a64-8b55-a4f0165978a4\" data-entity-type=\"file\" alt=\"P\u00e9rez Garibay | @gvlo2008\" width=\"1200\" height=\"747\"\/><\/p>\n<p>P\u00e9rez Garibay | @gvlo2008<\/p>\n<p>Por estas declaraciones, Jos hizo una publicaci\u00f3n en sus redes sociales, en la que respondi\u00f3 y tambi\u00e9n se encarg\u00f3 de demeritar la labor de P\u00e9rez con Max. \u00ab<strong>Qu\u00e9 cobarde es<\/strong>. Siempre le han dado el mismo material, pero tiene que pisar el acelerador\u00bb.<\/p>\n<p>Dem\u00e1s comentarios de P\u00e9rez Garibay<\/p>\n<p>Antonio tambi\u00e9n destac\u00f3 la labor de su hijo para las grandes ventajas que tuvo Verstappen sobre otros pilotos. Para P\u00e9rez Garibya, Checo fue fundamental para mantener a raya en su momento a <strong>Lewis Hamilton<\/strong>.<\/p>\n<p>\u00abA Checo P\u00e9rez Red Bull lo necesitaba para que Verstappen fuera Campe\u00f3n del Mundo. Le dieron un gran coche y mantuvo detr\u00e1s a un piloto ocho veces Campe\u00f3n del Mundo, Lewis Hamilton. <strong>As\u00ed que Checo tiene mucho que ver en los campeonatos del mundo de Red Bull\u00bb<\/strong>, sentenci\u00f3.<\/p>\n<p><img loading=\"lazy\" decoding=\"async\" src=\"https:\/\/www.europesays.com\/es\/wp-content\/uploads\/2025\/09\/cp2.jpg.jpg\" data-entity-uuid=\"60361619-35f1-4ca5-a970-f0ad5a7f7ffd\" data-entity-type=\"file\" alt=\"Ambos pilotos | AP\" width=\"1200\" height=\"675\"\/><\/p>\n<p>Ambos pilotos | AP<\/p>\n","protected":false},"excerpt":{"rendered":"Las tensiones en Red Bull est\u00e1n lejos de acabar, pero ahora la disputa no ocurri\u00f3 dentro del equipo&hellip;\n","protected":false},"author":2,"featured_media":96578,"comment_status":"","ping_status":"","sticky":false,"template":"","format":"standard","meta":{"footnotes":""},"categories":[270],"tags":[34649,5332,168,25,24,306,271,272,6955,2099,23,167],"class_list":{"0":"post-96577","1":"post","2":"type-post","3":"status-publish","4":"format-standard","5":"has-post-thumbnail","7":"category-formula-1","8":"tag-antonio-perez-garibay","9":"tag-checo-perez","10":"tag-deportes","11":"tag-es","12":"tag-espana","13":"tag-f1","14":"tag-formula-1","15":"tag-formula1","16":"tag-jos-verstappen","17":"tag-max-verstappen","18":"tag-spain","19":"tag-sports"},"share_on_mastodon":{"url":"","error":""},"_links":{"self":[{"href":"https:\/\/www.europesays.com\/es\/wp-json\/wp\/v2\/posts\/96577","targetHints":{"allow":["GET"]}}],"collection":[{"href":"https:\/\/www.europesays.com\/es\/wp-json\/wp\/v2\/posts"}],"about":[{"href":"https:\/\/www.europesays.com\/es\/wp-json\/wp\/v2\/types\/post"}],"author":[{"embeddable":true,"href":"https:\/\/www.europesays.com\/es\/wp-json\/wp\/v2\/users\/2"}],"replies":[{"embeddable":true,"href":"https:\/\/www.europesays.com\/es\/wp-json\/wp\/v2\/comments?post=96577"}],"version-history":[{"count":0,"href":"https:\/\/www.europesays.com\/es\/wp-json\/wp\/v2\/posts\/96577\/revisions"}],"wp:featuredmedia":[{"embeddable":true,"href":"https:\/\/www.europesays.com\/es\/wp-json\/wp\/v2\/media\/96578"}],"wp:attachment":[{"href":"https:\/\/www.europesays.com\/es\/wp-json\/wp\/v2\/media?parent=96577"}],"wp:term":[{"taxonomy":"category","embeddable":true,"href":"https:\/\/www.europesays.com\/es\/wp-json\/wp\/v2\/categories?post=96577"},{"taxonomy":"post_tag","embeddable":true,"href":"https:\/\/www.europesays.com\/es\/wp-json\/wp\/v2\/tags?post=96577"}],"curies":[{"name":"wp","href":"https:\/\/api.w.org\/{rel}","templated":true}]}}