{"id":96585,"date":"2025-09-06T03:57:08","date_gmt":"2025-09-06T03:57:08","guid":{"rendered":"https:\/\/www.europesays.com\/es\/96585\/"},"modified":"2025-09-06T03:57:08","modified_gmt":"2025-09-06T03:57:08","slug":"el-talento-de-ester-exposito-destaca-en-un-concierto-de-virtuosismo","status":"publish","type":"post","link":"https:\/\/www.europesays.com\/es\/96585\/","title":{"rendered":"&#8216;El talento&#8217; de Ester Exp\u00f3sito destaca en un concierto de virtuosismo"},"content":{"rendered":"<p><b>No es f\u00e1cil adaptar una historia de un libro que ya ha sido llevado al cine en m\u00e1s de una ocasi\u00f3n<\/b>. Las comparaciones son inevitables y la presi\u00f3n crece cuando el director argentino Carlos Hugo Christensen ya adapt\u00f3 la novela &#8216;La se\u00f1orita Elsa&#8217; con &#8216;El \u00e1ngel desnudo&#8217;, considerado uno de los mejores filmes de la historia de Argentina. <\/p>\n<p><b>Por eso, ponemos en valor lo que el galardonado <a href=\"https:\/\/www.ecartelera.com\/personas\/fernando-leon-de-aranoa\/\" rel=\"nofollow noopener\" target=\"_blank\">Fernando Le\u00f3n de Aranoa<\/a> (&#8216;<a href=\"https:\/\/www.ecartelera.com\/peliculas\/los-lunes-al-sol\/\" rel=\"nofollow noopener\" target=\"_blank\">Los lunes al sol<\/a>&#8216; o &#8216;<a href=\"https:\/\/www.ecartelera.com\/peliculas\/el-buen-patron\/\" rel=\"nofollow noopener\" target=\"_blank\">El buen patr\u00f3n<\/a>&#8216;) y <a href=\"https:\/\/www.ecartelera.com\/personas\/polo-menarguez\/\" rel=\"nofollow noopener\" target=\"_blank\">Polo Men\u00e1rguez<\/a> hacen aqu\u00ed con la reinterpretaci\u00f3n moderna de la novela corta del austriaco Arthur Schinitzler.<\/b> Un escritor que quiz\u00e1s nos resulte familiar, ya que ha sido llevado al cine en m\u00e1s de una ocasi\u00f3n, siendo la m\u00e1s famosa de todas la adaptaci\u00f3n de <a href=\"https:\/\/www.ecartelera.com\/personas\/stanley-kubrick\/\" rel=\"nofollow noopener\" target=\"_blank\">Stanley Kubrick<\/a>, &#8216;<a href=\"https:\/\/www.ecartelera.com\/peliculas\/eyes-wide-shut\/\" rel=\"nofollow noopener\" target=\"_blank\">Eyes Wide Shut<\/a>&#8216;, de &#8216;Relato so\u00f1ado&#8217;.<\/p>\n<p>Tr\u00e1iler de &#8216;El talento&#8217;<\/p>\n<p><video id=\"vid-35560\" class=\"video-js vjs-default-skin\" data-title=\"Tr\u00e1iler de 'El talento'\" poster=\"https:\/\/www.ecartelera.com\/images\/videos\/35500\/f35560.jpg\" controls=\"\" preload=\"auto\" width=\"640\" height=\"360\" playsinline=\"\" data-vtt=\"\/\/v1.ecartelera.com\/video\/35500\/35560_sprite.vtt\" data-stream=\"1\">El navegador no soporta el tag de v\u00eddeo.<\/video><\/p>\n<p>X<\/p>\n<p><b>La nueva revisi\u00f3n, en este caso espa\u00f1ola, se llama &#8216;<a href=\"https:\/\/www.ecartelera.com\/peliculas\/el-talento\/\" rel=\"nofollow noopener\" target=\"_blank\">El talento<\/a>&#8216;.<\/b> Este largometraje, dirigido por el propio Men\u00e1rguez, est\u00e1 <b>estructurado con un esquema circular<\/b>, que nos presenta a la protagonista despu\u00e9s de todo lo sucedido y a trav\u00e9s de planos detalles, que nos demuestran lo met\u00f3dica y cuidadosa que es Elsa, el personaje que interpreta <a href=\"https:\/\/www.ecartelera.com\/personas\/ester-exposito\/\" rel=\"nofollow noopener\" target=\"_blank\">Ester Exp\u00f3sito<\/a>. Elsa parece enfrentarse a una audici\u00f3n importante, pero no conocemos en ese momento del filme de qu\u00e9 se trata.<\/p>\n<p>Ella es una estudiante de violonchelo que acude a la lujosa fiesta de cumplea\u00f1os de su amiga Idoia. Una velada que se enturbia por una petici\u00f3n de su madre que pone su vida patas arriba, coloc\u00e1ndola en una situaci\u00f3n qu\u00e9 <b>le har\u00e1 plantearse demasiadas preguntas para las que parece no estar preparada<\/b>.<\/p>\n<p><b>Exp\u00f3sito se desenvuelve magistralmente en el caos en el que se ve involucrada<\/b>. La joven actriz est\u00e1 enorme en cada una de sus escenas y su labor de interpretaci\u00f3n es digna de admirar y la que le podr\u00eda valer una nominaci\u00f3n para los siguientes Premios Goya que se celebrar\u00e1n en Barcelona.  <b>La actriz de apenas 25 a\u00f1os parece estar ante el papel de su carrera hasta el momento<\/b>. El filme deja desarrollar a la int\u00e9rprete muchas facetas de su abanico interpretativo mostr\u00e1ndose rota por momentos hasta recordarnos a Carla, el personaje que ella misma daba vida en &#8216;<a href=\"https:\/\/www.ecartelera.com\/series\/elite\/\" rel=\"nofollow noopener\" target=\"_blank\">\u00c9lite<\/a>&#8216;.<\/p>\n<p>Aunque la actriz no es la \u00fanica que se encuentra de dulce en este largometraje. <b>Sus dos compa\u00f1eros de reparto, <a href=\"https:\/\/www.ecartelera.com\/personas\/pedro-casablanc\/\" rel=\"nofollow noopener\" target=\"_blank\">Pedro Casablanc<\/a> y <a href=\"https:\/\/www.ecartelera.com\/personas\/mirela-balic\/\" rel=\"nofollow noopener\" target=\"_blank\">Mirela Balic<\/a>, est\u00e1n a la altura de la madrile\u00f1a<\/b>, a pesar de tener menos tiempo en pantalla. Casablanc nos atrapa y nos hace pasar por todo un espectro de sentimientos frente a su personaje que recuerda al de &#8216;<a href=\"https:\/\/www.ecartelera.com\/series\/querer\/\" rel=\"nofollow noopener\" target=\"_blank\">Querer<\/a>&#8216;, mientras que Balic demuestra un gran rango interpretativo que va desde el clich\u00e9 hasta el personaje m\u00e1s obseso.<\/p>\n<p>\t\t\t\t\t\t\t<img decoding=\"async\" loading=\"lazy\" src=\"https:\/\/www.europesays.com\/es\/wp-content\/uploads\/2025\/09\/241106_el-talento-de-ester-exposito-destaca-en-un-conci.jpg\" alt=\"Ester Exp\u00f3sito junto a Mirela Blanc\" width=\"1200\" height=\"800\"\/>\t<\/p>\n<p>\t\t\t\t\t\tEster Exp\u00f3sito junto a Mirela Blanc (Tripictures)<br \/>\n\t\t\t\t\t\tSe respira un aire denso<\/p>\n<p>El largometraje consigue llegar a construir un entorno y ambiente tan claustrof\u00f3bico y agobiante que podemos sentir <b>el dolor de la joven al encontrarse sola y aislada mientras la encierran en una encrucijada<\/b> de la que no puede salir ilesa.   <\/p>\n<p>La fotograf\u00eda de la pel\u00edcula nos encierra a la protagonista en la finca desde el inicio de la cinta. Los barrotes del jard\u00edn en la que se est\u00e1 hospedando acabar\u00e1n ahogando a la chica como si estuviese atrapada en un ascensor lleno de espejos que nos rompe su figura. <b>En casi todos los planos de Elsa sentimos que somos prisioneros o nos est\u00e1n observando<\/b>. Sensaci\u00f3n de incomodidad que crece debido a los leves movimientos que protagonizan la c\u00e1mara, para meternos a\u00fan m\u00e1s en la trama. <\/p>\n<p>No obstante, el verdadero aspecto en el que destaca el largometraje, como no pod\u00eda ser en otro, <b>es en el apartado sonoro.<\/b> Este es el que se muestra m\u00e1s cuidado, incluyendo un sonido dieg\u00e9tico y extradi\u00e9getico que se plantea muy interesante y que sabe acompa\u00f1ar de forma ideal la trama e im\u00e1genes para que no perdamos el inter\u00e9s en ning\u00fan momento.<\/p>\n<p>\t\t\t\t\t\t\t<img decoding=\"async\" loading=\"lazy\" src=\"https:\/\/www.europesays.com\/es\/wp-content\/uploads\/2025\/09\/241107_el-talento-de-ester-exposito-destaca-en-un-conci.jpg\" alt=\"Fernando Le\u00f3n de Aranoa, Polo Men\u00e1rguez  y la int\u00e9rprete\" width=\"1200\" height=\"900\"\/>\t<\/p>\n<p>\t\t\t\t\t\tFernando Le\u00f3n de Aranoa, Polo Men\u00e1rguez  y la int\u00e9rprete (Tripictures)<\/p>\n<p>Lucha de clases, ambici\u00f3n, machismo, patriarcado, elitismo&#8230; muchos son los temas que se ponen encima de la mesa con esta pel\u00edcula en la que vemos como toda la vida de esta chica puede saltar por los aires y romperse para siempre. <b>Este filme recuerda a grandes t\u00edtulos como son &#8216;<a href=\"https:\/\/www.ecartelera.com\/peliculas\/whiplash\/\" rel=\"nofollow noopener\" target=\"_blank\">Whiplash<\/a>&#8216;, pero d\u00e1ndole un tono m\u00e1s oscuro y perturbador<\/b>.<\/p>\n<p>8<\/p>\n<p><b>Lo mejor: <\/b>El ambiente que transmite y como los actores nos hacen part\u00edcipe de \u00e9l.<\/p>\n<p><b>Lo peor: <\/b>Los temas que abre y plantea, que son tantos que sentimos que no se acaban de desarrollar todo lo que podr\u00edan.<\/p>\n","protected":false},"excerpt":{"rendered":"No es f\u00e1cil adaptar una historia de un libro que ya ha sido llevado al cine en m\u00e1s&hellip;\n","protected":false},"author":2,"featured_media":96586,"comment_status":"","ping_status":"","sticky":false,"template":"","format":"standard","meta":{"footnotes":""},"categories":[169],"tags":[1014,1015,1013,177,1011,146,147,25,24,782,176,1019,1016,175,753,1012,23,1017,1018],"class_list":{"0":"post-96585","1":"post","2":"type-post","3":"status-publish","4":"format-standard","5":"has-post-thumbnail","7":"category-cine","8":"tag-actores","9":"tag-actrices","10":"tag-cartelera","11":"tag-cine","12":"tag-ecartelera","13":"tag-entertainment","14":"tag-entretenimiento","15":"tag-es","16":"tag-espana","17":"tag-estrellas","18":"tag-film","19":"tag-fotogramas","20":"tag-fotos","21":"tag-movies","22":"tag-peliculas","23":"tag-pelis","24":"tag-spain","25":"tag-trailers","26":"tag-videos"},"share_on_mastodon":{"url":"","error":""},"_links":{"self":[{"href":"https:\/\/www.europesays.com\/es\/wp-json\/wp\/v2\/posts\/96585","targetHints":{"allow":["GET"]}}],"collection":[{"href":"https:\/\/www.europesays.com\/es\/wp-json\/wp\/v2\/posts"}],"about":[{"href":"https:\/\/www.europesays.com\/es\/wp-json\/wp\/v2\/types\/post"}],"author":[{"embeddable":true,"href":"https:\/\/www.europesays.com\/es\/wp-json\/wp\/v2\/users\/2"}],"replies":[{"embeddable":true,"href":"https:\/\/www.europesays.com\/es\/wp-json\/wp\/v2\/comments?post=96585"}],"version-history":[{"count":0,"href":"https:\/\/www.europesays.com\/es\/wp-json\/wp\/v2\/posts\/96585\/revisions"}],"wp:featuredmedia":[{"embeddable":true,"href":"https:\/\/www.europesays.com\/es\/wp-json\/wp\/v2\/media\/96586"}],"wp:attachment":[{"href":"https:\/\/www.europesays.com\/es\/wp-json\/wp\/v2\/media?parent=96585"}],"wp:term":[{"taxonomy":"category","embeddable":true,"href":"https:\/\/www.europesays.com\/es\/wp-json\/wp\/v2\/categories?post=96585"},{"taxonomy":"post_tag","embeddable":true,"href":"https:\/\/www.europesays.com\/es\/wp-json\/wp\/v2\/tags?post=96585"}],"curies":[{"name":"wp","href":"https:\/\/api.w.org\/{rel}","templated":true}]}}