{"id":96610,"date":"2025-09-06T04:18:08","date_gmt":"2025-09-06T04:18:08","guid":{"rendered":"https:\/\/www.europesays.com\/es\/96610\/"},"modified":"2025-09-06T04:18:08","modified_gmt":"2025-09-06T04:18:08","slug":"creo-que-ha-sido-generoso","status":"publish","type":"post","link":"https:\/\/www.europesays.com\/es\/96610\/","title":{"rendered":"Creo que ha sido generoso"},"content":{"rendered":"<p class=\"c-paragraph\">El estreno de Supervivientes All Stars no necesit\u00f3 de grandes saltos en helic\u00f3ptero para generar expectaci\u00f3n. Fue suficiente con rescatar unas im\u00e1genes antiguas para que <b>Gloria Camila e Iv\u00e1n Gonz\u00e1lez volvieran a enfrentarse por un asunto que parec\u00eda olvidado<\/b>.<\/p>\n<p class=\"c-paragraph\">En la palapa, los participantes asistieron a la proyecci\u00f3n de v\u00eddeos donde se recordaba el supuesto idilio entre ambos. \u00c9l lo confirm\u00f3 en 2017, tras su primera experiencia en Honduras. Ella, en cambio, lo ha desmentido siempre.\u00a0Un desacuerdo sac\u00f3 a flote viejas rencillas y <b>actu\u00f3 como el detonante de la primera discusi\u00f3n del concurso.<\/b><\/p>\n<p class=\"c-paragraph\">Este viernes, Kike Quintana, muy unido a Iv\u00e1n, ha optado por dar un paso adelante, intervenir en la mesa de\u00a0<a href=\"https:\/\/www.20minutos.es\/tags\/temas\/tardear.html\" title=\"TardeAR\" rel=\"nofollow noopener\" target=\"_blank\">TardeAR<\/a>\u00a0y <b>manifestar abiertamente su apoyo<\/b> al extronista de Mujeres, hombres y viceversa.<\/p>\n<p class=\"c-paragraph\">\u00abQuedamos de forma recurrente, hacemos planes y yo puedo asegurar que <b>Iv\u00e1n no ha mentido<\/b>. Es m\u00e1s, creo que ha sido generoso porque dej\u00f3 que Gloria contara su versi\u00f3n\u00bb, ha asegurado el sobrino de <a href=\"https:\/\/www.20minutos.es\/tags\/personas\/ana-rosa-quintana.html\" title=\"Ana Rosa Quintana\" rel=\"nofollow noopener\" target=\"_blank\">Ana Rosa<\/a>.<\/p>\n<p class=\"c-paragraph\">Quintana ha defendido adem\u00e1s que su amigo <b>nunca trat\u00f3 de capitalizar aquella historia<\/b>: \u00abNo lo ha negado, pero tampoco lo ha vendido ni sacado r\u00e9dito de ello, que podr\u00eda haberlo hecho\u00bb.<\/p>\n","protected":false},"excerpt":{"rendered":"El estreno de Supervivientes All Stars no necesit\u00f3 de grandes saltos en helic\u00f3ptero para generar expectaci\u00f3n. Fue suficiente&hellip;\n","protected":false},"author":2,"featured_media":96611,"comment_status":"","ping_status":"","sticky":false,"template":"","format":"standard","meta":{"footnotes":""},"categories":[171],"tags":[5443,146,147,25,24,5976,4358,34654,27011,23,214],"class_list":{"0":"post-96610","1":"post","2":"type-post","3":"status-publish","4":"format-standard","5":"has-post-thumbnail","7":"category-tv","8":"tag-defiende","9":"tag-entertainment","10":"tag-entretenimiento","11":"tag-es","12":"tag-espana","13":"tag-gonzalez","14":"tag-ivan","15":"tag-kike","16":"tag-quintana","17":"tag-spain","18":"tag-tv"},"share_on_mastodon":{"url":"","error":""},"_links":{"self":[{"href":"https:\/\/www.europesays.com\/es\/wp-json\/wp\/v2\/posts\/96610","targetHints":{"allow":["GET"]}}],"collection":[{"href":"https:\/\/www.europesays.com\/es\/wp-json\/wp\/v2\/posts"}],"about":[{"href":"https:\/\/www.europesays.com\/es\/wp-json\/wp\/v2\/types\/post"}],"author":[{"embeddable":true,"href":"https:\/\/www.europesays.com\/es\/wp-json\/wp\/v2\/users\/2"}],"replies":[{"embeddable":true,"href":"https:\/\/www.europesays.com\/es\/wp-json\/wp\/v2\/comments?post=96610"}],"version-history":[{"count":0,"href":"https:\/\/www.europesays.com\/es\/wp-json\/wp\/v2\/posts\/96610\/revisions"}],"wp:featuredmedia":[{"embeddable":true,"href":"https:\/\/www.europesays.com\/es\/wp-json\/wp\/v2\/media\/96611"}],"wp:attachment":[{"href":"https:\/\/www.europesays.com\/es\/wp-json\/wp\/v2\/media?parent=96610"}],"wp:term":[{"taxonomy":"category","embeddable":true,"href":"https:\/\/www.europesays.com\/es\/wp-json\/wp\/v2\/categories?post=96610"},{"taxonomy":"post_tag","embeddable":true,"href":"https:\/\/www.europesays.com\/es\/wp-json\/wp\/v2\/tags?post=96610"}],"curies":[{"name":"wp","href":"https:\/\/api.w.org\/{rel}","templated":true}]}}