{"id":96618,"date":"2025-09-06T04:26:07","date_gmt":"2025-09-06T04:26:07","guid":{"rendered":"https:\/\/www.europesays.com\/es\/96618\/"},"modified":"2025-09-06T04:26:07","modified_gmt":"2025-09-06T04:26:07","slug":"ucrania-aplaude-el-plan-europeo-de-despliegue-de-tropas-pero-requiere-la-implicacion-de-ee-uu-internacional","status":"publish","type":"post","link":"https:\/\/www.europesays.com\/es\/96618\/","title":{"rendered":"Ucrania aplaude el plan europeo de despliegue de tropas pero requiere la implicaci\u00f3n de EE UU | Internacional"},"content":{"rendered":"<p class=\"\">No hay mejor garant\u00eda de seguridad, se dice en Ucrania tras cada cumbre internacional sobre la guerra, que armar a su ej\u00e9rcito hacia la victoria. No obstante, despu\u00e9s de tres a\u00f1os y medio de gran ofensiva, decenas de miles de soldados ca\u00eddos en la batalla y m\u00e1s de 13.500 civiles muertos en bombardeos, la incredulidad ya pesa en la calle. La victoria m\u00e1s cercana pasa ahora por apuntalar los cimientos de una arquitectura internacional de seguridad ante futuras agresiones rusas en caso de que se alcance un acuerdo de paz. Este jueves, en Par\u00eds, se gan\u00f3 una batalla tras la reuni\u00f3n de 35 pa\u00edses aliados en torno a la Coalici\u00f3n de Voluntarios, <a href=\"https:\/\/elpais.com\/internacional\/2025-09-04\/una-veintena-de-paises-de-la-coalicion-de-voluntarios-acuerda-enviar-tropas-a-ucrania-si-se-firma-la-paz.html\" target=\"_self\" rel=\"nofollow noopener\" title=\"https:\/\/elpais.com\/internacional\/2025-09-04\/una-veintena-de-paises-de-la-coalicion-de-voluntarios-acuerda-enviar-tropas-a-ucrania-si-se-firma-la-paz.html\">de los que 26 est\u00e1n dispuestos a participar en esta estructura con el despliegue de tropas<\/a>. El Gobierno ucranio, que aplaude el avance, recuerda no obstante que, sin la implicaci\u00f3n de Estados Unidos, este paraguas defensivo estar\u00eda incompleto.<\/p>\n<p class=\"\">\u201cLos europeos pueden poner sus soldados en tierra\u201d, manifest\u00f3 este viernes el portavoz del Ministerio de Exteriores ucranio, Georgii Tikhii, en un encuentro con un grupo de periodistas. \u201cPero con el refuerzo de Estados Unidos\u201d, manifest\u00f3. Esa ha sido la posici\u00f3n del titular del departamento, el ministro Andrii Sibiga: no es posible armar esa arquitectura de seguridad sin que Washington se involucre.<\/p>\n<p class=\"\">\u201cEs una postura muy realista\u201d, continu\u00f3 Tikhii. \u201cLos europeos tienen que liderar, pero con la intervenci\u00f3n de Estados Unidos, es esencial para que tenga \u00e9xito\u201d. Tras el anuncio de los aliados, en boca del presidente franc\u00e9s, Emmanuel Macron, acompa\u00f1ado por su hom\u00f3logo ucranio, Volod\u00edmir Zelenski, Donald Trump manifest\u00f3 que en unos d\u00edas detallar\u00e1 qu\u00e9 tipo de cooperaci\u00f3n presta. En ning\u00fan caso, eso s\u00ed, vinculada al env\u00edo de uniformados estadounidenses.<\/p>\n<p class=\"\">Las necesidades para sellar esta arquitectura son ingentes, y el plan trazado en Par\u00eds pone el acento en el env\u00edo de soldados, uno de los pilares de las garant\u00edas de seguridad pero no el \u00fanico.<\/p>\n<p class=\"\">Mikola Bielieskov, analista senior del <a href=\"https:\/\/niss.gov.ua\/en\" target=\"_blank\" rel=\"nofollow noopener\" title=\"https:\/\/niss.gov.ua\/en\">Instituto Nacional de Estudios Estrat\u00e9gicos, con sede en Kiev<\/a>, afirma que \u201cel escenario m\u00e1s efectivo ser\u00eda un compromiso de seguridad [no garant\u00edas] en forma de armamento y munici\u00f3n, entrenamiento y datos de inteligencia, asesoramiento para el desarrollo del ej\u00e9rcito. Tambi\u00e9n un contingente de refuerzo en la orilla derecha del Dni\u00e9per, que incluir\u00eda vigilancia aeronaval y defensa a\u00e9rea desde tierra\u201d. Este \u00faltimo ser\u00eda el ideado por los europeos.<\/p>\n<p class=\"\">Todo esto est\u00e1 sobre la mesa negociadora entre Kiev y los pa\u00edses de la Coalici\u00f3n de Voluntarios, liderados por Par\u00eds y Londres. Ya sea para convertir al pa\u00eds un \u201cpuercoesp\u00edn de acero\u201d, como ha llegado a se\u00f1alar la presidenta de la Comisi\u00f3n Europea, Ursula von der Leyen, en relaci\u00f3n a la futura capacidad defensiva ucrania; o seguir el modelo de Corea del Sur, como apunt\u00f3 recientemente Zelenski <a href=\"https:\/\/www.lepoint.fr\/monde\/volodymyr-zelensky-ses-petites-confidences-en-aparte-04-09-2025-2597761_24.php#11\" target=\"_blank\" rel=\"nofollow noopener\" title=\"https:\/\/www.lepoint.fr\/monde\/volodymyr-zelensky-ses-petites-confidences-en-aparte-04-09-2025-2597761_24.php#11\">en una entrevista con la publicaci\u00f3n francesa Le Point<\/a>, en referencia a la fuerza econ\u00f3mica y militar del pa\u00eds asi\u00e1tico, aliado tambi\u00e9n de EE UU, frente al paup\u00e9rrimo vecino del norte. <\/p>\n<p>Refuerzo del ej\u00e9rcito<\/p>\n<p class=\"\">\u201cUn elemento central de la seguridad\u201d, se\u00f1al\u00f3 este jueves Andrii Yermak, mano derecha y jefe de gabinete del presidente ucranio, \u201csigue siendo un ej\u00e9rcito ucranio fuerte, su suministro de armas a largo plazo y el desarrollo de la producci\u00f3n de nuestra industria de defensa\u201d.<\/p>\n<p class=\"\">Von der Leyen manifest\u00f3 hace unos d\u00edas que el refuerzo del entrenamiento y prestaciones de los soldados ucranios es una de las prioridades de Bruselas para fortalecer la defensa de Kiev. Esa es una prioridad, pero el mensaje que quiso lanzarse desde Par\u00eds era el de la disuasi\u00f3n a trav\u00e9s de la interposici\u00f3n de tropas extranjeras. <\/p>\n<p class=\"\">El frente de guerra se estira <a href=\"https:\/\/elpais.com\/internacional\/2025-08-24\/donbas-el-objetivo-mas-preciado-de-la-nueva-rusia-sonada-por-el-kremlin.html\" target=\"_self\" rel=\"nofollow noopener\" title=\"https:\/\/elpais.com\/internacional\/2025-08-24\/donbas-el-objetivo-mas-preciado-de-la-nueva-rusia-sonada-por-el-kremlin.html\">en la franja oriental ucrania<\/a> a lo largo de unos 1.200 kil\u00f3metros. Seg\u00fan los c\u00e1lculos de Dmitro Zhmailo, experto pol\u00edtico-militar y director ejecutivo del <a href=\"https:\/\/uscc.org.ua\/en\/\" target=\"_blank\" rel=\"nofollow noopener\" title=\"https:\/\/uscc.org.ua\/en\/\">Centro de Seguridad y Cooperaci\u00f3n de Ucrania<\/a>, para poder tener un \u201cefecto de contenci\u00f3n\u201d a lo largo de esa l\u00ednea que separa a los dos ej\u00e9rcitos \u201cse necesitar\u00edan entre 170.000 y 200.000 soldados, y en el mejor de los casos, hasta 400.000\u201d. \u201cDesafortunadamente, esta opci\u00f3n es casi una fantas\u00eda en la actualidad\u201d, reconoce Zhmailo. \u201cUn escenario m\u00e1s realista ser\u00eda el de un contingente desplegado en las \u00e1reas m\u00e1s amenazadas del frente. Para esto ser\u00eda suficiente con unos 50.000 o 70.000 soldados\u201d, contin\u00faa.<\/p>\n<p class=\"\">Tanto Bielieskov como Zhmailo coinciden en la importancia de engordar las filas del ej\u00e9rcito ucranio ante la posibilidad de que el compromiso de despliegue europeo sea insuficiente. En un art\u00edculo reciente, el diario brit\u00e1nico Financial Times revel\u00f3 que sobre la mesa de negociaciones en torno a las garant\u00edas de seguridad estar\u00eda el despliegue de entre cuatro y cinco brigadas. El tama\u00f1o de esta unidad militar depende del pa\u00eds e incluso dentro de un mismo ej\u00e9rcito, de cada formaci\u00f3n, pero en Ucrania podr\u00eda rondar los 5.000 efectivos, con lo que la suma prevista a priori en este contingente internacional se situar\u00eda en torno a los 25.000 uniformados como m\u00e1ximo. <\/p>\n<p class=\"\">Una cifra insuficiente en un enfrentamiento de igual a igual, pero quiz\u00e1 v\u00e1lida en un despliegue con car\u00e1cter disuasorio, como mantiene <a href=\"https:\/\/www.brookings.edu\/people\/michael-e-ohanlon\/\" target=\"_blank\" rel=\"nofollow noopener\" title=\"https:\/\/www.brookings.edu\/people\/michael-e-ohanlon\/\">Michael O\u2019Hanlon, experto en Seguridad y Defensa del centro de an\u00e1lisis estadounidense Brookings Institution<\/a>. \u201cSi se trata en gran medida de una fuerza de contenci\u00f3n, puede que sean suficientes unos pocos miles de soldados\u201d, apunta.<\/p>\n<p class=\"\">O\u2019Hanlon sostiene adem\u00e1s que, si bien la presencia de EE UU en este despliegue le dar\u00eda mayor \u201ccredibilidad\u201d, no ser\u00eda fundamental \u201csi la propia Ucrania mantiene un ej\u00e9rcito fuerte\u201d. De nuevo, la defensa propia.<\/p>\n<p class=\"\">A falta de conocer los detalles de esta operaci\u00f3n de tropas extranjeras \u2014la Coalici\u00f3n de Voluntarios est\u00e1 formada principalmente por pa\u00edses europeos, a los que se suman aliados como Canad\u00e1, Turqu\u00eda, Jap\u00f3n, Australia y Nueva Zelanda\u2014, se prev\u00e9 que la fuerza de contenci\u00f3n pueda desplegarse en tres sectores en la orilla derecha del Dni\u00e9per, en el centro del territorio pero a un pu\u00f1ado de kil\u00f3metros de las tropas rusas en el curso sur del r\u00edo: el primero podr\u00eda estar formado por el contingente de un tercer pa\u00eds no miembro de la OTAN; en segundo lugar se posicionar\u00edan uniformados del ej\u00e9rcito ucranio, y, finalmente, como tercera capa de esta estructura, los militares europeos. El control de los cielos y el espionaje ser\u00edan cosa de Washington.<\/p>\n<p class=\"\">Este viernes, <a href=\"https:\/\/www.nbcnews.com\/politics\/national-security\/us-take-lead-watching-ukraine-buffer-zone-peace-deal-russia-comes-toge-rcna228810\" target=\"_blank\" rel=\"nofollow noopener\" title=\"https:\/\/www.nbcnews.com\/politics\/national-security\/us-take-lead-watching-ukraine-buffer-zone-peace-deal-russia-comes-toge-rcna228810\">la cadena NBC revel\u00f3 que EE UU podr\u00eda liderar la vigilancia de una zona desmilitarizada<\/a> patrullada por una fuerza no vinculada a la Alianza Atl\u00e1ntica. El canal de noticias norteamericano cita a Arabia Saud\u00ed y Banglad\u00e9s como dos pa\u00edses que, seg\u00fan sus fuentes, podr\u00edan comandar el despliegue en esta zona. El monitoreo del \u00e1rea, que Washington podr\u00eda hacer en colaboraci\u00f3n con otros socios, se llevar\u00eda a cabo principalmente a trav\u00e9s de la informaci\u00f3n de inteligencia provista por su ej\u00e9rcito de sat\u00e9lites y el uso de aparatos no tripulados. De este modo, al frente de la primera l\u00ednea de contenci\u00f3n no estar\u00edan tropas occidentales, <a href=\"https:\/\/elpais.com\/internacional\/2025-09-05\/putin-responde-a-europa-que-las-tropas-extranjeras-desplegadas-en-ucrania-seran-objetivos-legitimos.html\" target=\"_self\" rel=\"nofollow noopener\" title=\"https:\/\/elpais.com\/internacional\/2025-09-05\/putin-responde-a-europa-que-las-tropas-extranjeras-desplegadas-en-ucrania-seran-objetivos-legitimos.html\">uno de los mayores recelos expresados por Mosc\u00fa<\/a>.<\/p>\n<p class=\"\">Mientras Trump deshoja la margarita y se pronuncia sobre su aportaci\u00f3n a esta arquitectura de seguridad para la defensa de Ucrania, Zelenski ha manifestado en que entre las cosas que ha propuesto al presidente republicano se encuentra un nuevo \u201cformato\u201d para la defensa a\u00e9rea del pa\u00eds, que no ha detallado. A la cabeza de las peticiones recurrentes de Kiev a Washington est\u00e1 el env\u00edo de sistemas de defensa contra misiles bal\u00edsticos rusos, responsables en gran medida de las bajas civiles. Este viernes, el presidente ucranio afirm\u00f3 adem\u00e1s que \u201ces importante que las garant\u00edas de seguridad comiencen a funcionar ahora, durante la guerra, no solo despu\u00e9s de que termine\u201d. Un mensaje destinado al refuerzo del ej\u00e9rcito y capacidades defensivas ucranias.<\/p>\n","protected":false},"excerpt":{"rendered":"No hay mejor garant\u00eda de seguridad, se dice en Ucrania tras cada cumbre internacional sobre la guerra, que&hellip;\n","protected":false},"author":2,"featured_media":96619,"comment_status":"","ping_status":"","sticky":false,"template":"","format":"standard","meta":{"footnotes":""},"categories":[42],"tags":[8738,17,18,70,71,72,700,13,14,69,7082,11,61,62,63,64,19,20,9,10,15,16,1613,1614,12,7081,21,22,1617,65,66,67],"class_list":{"0":"post-96618","1":"post","2":"type-post","3":"status-publish","4":"format-standard","5":"has-post-thumbnail","7":"category-internacional","8":"tag-ataques-militares","9":"tag-breaking-news","10":"tag-breakingnews","11":"tag-conflictos","12":"tag-conflictos-armados","13":"tag-conflictos-internacionales","14":"tag-europa","15":"tag-featured-news","16":"tag-featurednews","17":"tag-guerra","18":"tag-guerra-de-rusia-en-ucrania","19":"tag-headlines","20":"tag-internacional","21":"tag-international","22":"tag-international-news","23":"tag-internationalnews","24":"tag-latest-news","25":"tag-latestnews","26":"tag-news","27":"tag-noticias","28":"tag-noticias-destacadas","29":"tag-noticiasdestacadas","30":"tag-otan","31":"tag-rusia","32":"tag-titulares","33":"tag-ucrania","34":"tag-ultimas-noticias","35":"tag-ultimasnoticias","36":"tag-union-europea","37":"tag-world","38":"tag-world-news","39":"tag-worldnews"},"share_on_mastodon":{"url":"","error":""},"_links":{"self":[{"href":"https:\/\/www.europesays.com\/es\/wp-json\/wp\/v2\/posts\/96618","targetHints":{"allow":["GET"]}}],"collection":[{"href":"https:\/\/www.europesays.com\/es\/wp-json\/wp\/v2\/posts"}],"about":[{"href":"https:\/\/www.europesays.com\/es\/wp-json\/wp\/v2\/types\/post"}],"author":[{"embeddable":true,"href":"https:\/\/www.europesays.com\/es\/wp-json\/wp\/v2\/users\/2"}],"replies":[{"embeddable":true,"href":"https:\/\/www.europesays.com\/es\/wp-json\/wp\/v2\/comments?post=96618"}],"version-history":[{"count":0,"href":"https:\/\/www.europesays.com\/es\/wp-json\/wp\/v2\/posts\/96618\/revisions"}],"wp:featuredmedia":[{"embeddable":true,"href":"https:\/\/www.europesays.com\/es\/wp-json\/wp\/v2\/media\/96619"}],"wp:attachment":[{"href":"https:\/\/www.europesays.com\/es\/wp-json\/wp\/v2\/media?parent=96618"}],"wp:term":[{"taxonomy":"category","embeddable":true,"href":"https:\/\/www.europesays.com\/es\/wp-json\/wp\/v2\/categories?post=96618"},{"taxonomy":"post_tag","embeddable":true,"href":"https:\/\/www.europesays.com\/es\/wp-json\/wp\/v2\/tags?post=96618"}],"curies":[{"name":"wp","href":"https:\/\/api.w.org\/{rel}","templated":true}]}}