{"id":96620,"date":"2025-09-06T04:27:11","date_gmt":"2025-09-06T04:27:11","guid":{"rendered":"https:\/\/www.europesays.com\/es\/96620\/"},"modified":"2025-09-06T04:27:11","modified_gmt":"2025-09-06T04:27:11","slug":"una-paciente-psiquiatrica-se-suicida-en-el-hospital-de-tarrasa-tras-esperar-48-horas-en-un-box-de-urgencias","status":"publish","type":"post","link":"https:\/\/www.europesays.com\/es\/96620\/","title":{"rendered":"Una paciente psiqui\u00e1trica se suicida en el Hospital de Tarrasa tras esperar 48 horas en un box de urgencias"},"content":{"rendered":"<p><img decoding=\"async\" class=\"voc-author__img\" src=\"https:\/\/www.europesays.com\/es\/wp-content\/uploads\/2025\/08\/autor-2175-foto-5.jpeg\" alt=\"Esther Armora\"\/><\/p>\n<p>05\/09\/2025<br \/>\n<br \/><strong><br \/>\nActualizado 06\/09\/2025 a las 04:21h.<br \/>\n<\/strong><\/p>\n<p class=\"voc-p\" style=\"\">Una paciente psiqui\u00e1trica se suicid\u00f3 el pasado d\u00eda 22 de agosto en el box de urgencias del <a href=\"https:\/\/www.abc.es\/sociedad\/abcp-hospitales-catalanes-avanzadilla-participacion-201203120000_noticia.html\" target=\"_self\" data-voc-vtm-id=\"in-text-traffic\" title=\"Hospital  de Tarrasa\" data-mrf-link=\"www.abc.es\" rel=\"nofollow noopener\">Hospital  de Tarrasa<\/a> (Barcelona) tras esperar 48 horas a ser atendida. Fuentes del <strong>Consorcio Sanitario de Tarrasa<\/strong> (CSC), al que pertence el centro, han confirmado los hechos a este diario y han avanzado que \u00abse han activado los protocolos vigentes para analizar lo sucedido\u00bb.<\/p>\n<p class=\"voc-p\" style=\"\">Al parecer, seg\u00fan apunta  &#8216;El Peri\u00f3dico&#8217;, que adelant\u00f3 el caso,  la mujer esperaba <strong>desde hac\u00eda dos d\u00edas<\/strong> que le asignaran una cama. La falta de recursos del centro era desde hace meses motivo de queja por parte de los sindicatos. El presidente del comit\u00e9 de empresa de este consorcio,<strong> Xavier Lleonart<\/strong>, admiti\u00f3 en declaraciones a RAC1 que el servicio de urgencias del centro \u00abest\u00e1 en el peor momento\u00bb, y desvel\u00f3 que algunos pacientes han tenido que esperar hasta cinco semanas antes de ser ingresados. <\/p>\n<p class=\"voc-p\" style=\"\">Lleonart cree que el problema es estructural, y que la sanidad catalana est\u00e1 <strong>\u00abestancada en los seis millones\u00bb<\/strong> de personas, cuando la poblaci\u00f3n de Catalu\u00f1a alcanza ya los ocho. Tambi\u00e9n considera que el sector sanitario \u00abno ha superado los recortes de 2010\u00bb.<\/p>\n<p class=\"voc-p\" style=\"\"><strong>Vox, PP y ERC<\/strong> han registrado este viernes varias peticiones de comparecencia de la consejera de Salud de la Generalitat, <strong>Olga Pan\u00e9,<\/strong> ante la comisi\u00f3n de Salud del Parlament para dar explicaciones sobre el suicidio de la paciente. Desde  Vox, su l\u00edder en Catalu\u00f1a, <strong>Ignacio Garriga<\/strong>, lamentaba en redes los hechos y recordaba que el partido reclam\u00f3 hace meses un <strong>pleno sobre las listas de espera<\/strong>. <\/p>\n<p class=\"voc-p\" style=\"\">\u00abUna mujer se suicida en el Hospital de Terrassa despu\u00e9s de esperar durante 48h en urgencias. El 18 de agosto Vox solicit\u00f3 un <strong>pleno monogr\u00e1fico<\/strong> sobre listas de espera. Nadie nos escuch\u00f3\u00bb, se\u00f1ala el l\u00edder de Vox. \u00abYa basta de despilfarrar el dinero p\u00fablico, los catalanes se mueren esperando ser atendidos mientras a<strong> Illa<\/strong> lo \u00fanico que le interesa es reunirse con el golpista y pr\u00f3fugo de Puigdemont\u00bb, a\u00f1ade Garriga. <\/p>\n<p class=\"voc-p\" style=\"\">Adem\u00e1s de la comparecencia de Pan\u00e9, Vox ha registrado la petici\u00f3n de comparecencia del director del Servei Catal\u00e0 de la Salud, <strong>Alfredo Garc\u00eda<\/strong>; el director general del Consorci de Salut i Social de Catalu\u00f1a, <strong>Francesc Jos\u00e9 Mar\u00eda,<\/strong> y el gerente del Consorci Sanitari de Terrassa, <strong>Ferran Garc\u00eda<\/strong>; y ERC pedir\u00e1 que comparezcan tambi\u00e9n representantes del comit\u00e9 de empresa.<\/p>\n<p class=\"voc-p\" style=\"\">El Partido Popular catal\u00e1n ha anunciado el registro en el Parlament de una bater\u00eda de preguntas al Govern tras conocerse la tr\u00e1gica noticia del suicidio. El portavoz de Salud en el Parlament, el diputado <strong>Hugo Manch\u00f3n<\/strong>, ha denunciado que \u00abes inadmisible que pacientes con alto riesgo de suicidio permanezcan d\u00edas enteros en unas urgencias no adaptadas, cuando deber\u00edan estar \u00fanicamente el tiempo indispensable antes de ser trasladados a psiquiatr\u00eda\u00bb.<\/p>\n<p class=\"voc-p\" style=\"\"> Seg\u00fan el diputado popular, este caso pone en evidencia una situaci\u00f3n cr\u00f3nica de saturaci\u00f3n: \u00abLos profesionales ya hab\u00edan alertado de que no se pod\u00eda garantizar la seguridad de los pacientes y que la <strong>falta de camas<\/strong> estaba llevando el sistema al l\u00edmite\u00bb.<\/p>\n<p>\nOtro incidente tres d\u00edas despu\u00e9s\n<\/p>\n<p class=\"voc-p\" style=\"\">Adem\u00e1s, seg\u00fan el PP, tambi\u00e9n se ha conocido que, apenas tres d\u00edas despu\u00e9s de este suicidio, otro paciente psiqui\u00e1trico se escap\u00f3 de las mismas urgencias, lo que confirma la falta de condiciones adecuadas. \u00abLa planta de psiquiatr\u00eda cuenta con medidas de protecci\u00f3n espec\u00edficas, pero urgencias no. Hay que solucionarlo\u00bb, ha a\u00f1adido.\u00abExigimos que se priorice la salud de los catalanes por encima de cualquier inter\u00e9s pol\u00edtico y derroche de dinero p\u00fablico en asuntos que solo interesan a Illa y a sus socios\u00bb, ha concluido <strong>Manch\u00f3n<\/strong>.<\/p>\n<p class=\"voc-p\" style=\"\">Los republicanos, por su parte, achacan la situaci\u00f3n a las largas listas de espera del hospital, <strong>de hasta cinco semanas,<\/strong> y sobre las que afirman que ha habido quejas de los trabajadores, y quieren preguntar al Govern si tomar\u00e1 medidas para revertir la \u00absituaci\u00f3n cr\u00edtica\u00bb del centro y los cambios que adoptar\u00e1 para que se repitan casos como estos.<\/p>\n<p>\nInvestigaci\u00f3n interna\n<\/p>\n<p class=\"voc-p\" style=\"\">Fuentes de la <strong>Consejer\u00eda de Salud<\/strong> han lamentado lo sucedido y han asegurado que han pedido al hospital una investigaci\u00f3n interna y que les \u00abpasen los detalles\u00bb de lo que ha ocurrido, informa Ep.<\/p>\n<p class=\"voc-p\" style=\"\">\u00abEstamos esperando la investigaci\u00f3n. Se est\u00e1 recopilando la informaci\u00f3n y estamos esperando recibir el informe\u00bb, han dicho, y a\u00f1aden que una vez lo tengan, si conviene, <strong>pedir\u00e1n m\u00e1s detalles<\/strong> para tener toda la informaci\u00f3n y a partir de ah\u00ed se estudiar\u00e1 lo que ha sucedido.<\/p>\n<p>Reportar un error<\/p>\n","protected":false},"excerpt":{"rendered":"05\/09\/2025 Actualizado 06\/09\/2025 a las 04:21h. Una paciente psiqui\u00e1trica se suicid\u00f3 el pasado d\u00eda 22 de agosto en&hellip;\n","protected":false},"author":2,"featured_media":96621,"comment_status":"","ping_status":"","sticky":false,"template":"","format":"standard","meta":{"footnotes":""},"categories":[8],"tags":[23399,17,18,25,24,18300,13,14,11,297,19,20,9,10,15,16,10066,34656,23,24734,34657,12,575,21,22,12353],"class_list":{"0":"post-96620","1":"post","2":"type-post","3":"status-publish","4":"format-standard","5":"has-post-thumbnail","7":"category-espana","8":"tag-box","9":"tag-breaking-news","10":"tag-breakingnews","11":"tag-es","12":"tag-espana","13":"tag-esperar","14":"tag-featured-news","15":"tag-featurednews","16":"tag-headlines","17":"tag-horas","18":"tag-latest-news","19":"tag-latestnews","20":"tag-news","21":"tag-noticias","22":"tag-noticias-destacadas","23":"tag-noticiasdestacadas","24":"tag-paciente","25":"tag-psiquiatriac","26":"tag-spain","27":"tag-suicida","28":"tag-tarrasa","29":"tag-titulares","30":"tag-tras","31":"tag-ultimas-noticias","32":"tag-ultimasnoticias","33":"tag-urgencias"},"share_on_mastodon":{"url":"","error":""},"_links":{"self":[{"href":"https:\/\/www.europesays.com\/es\/wp-json\/wp\/v2\/posts\/96620","targetHints":{"allow":["GET"]}}],"collection":[{"href":"https:\/\/www.europesays.com\/es\/wp-json\/wp\/v2\/posts"}],"about":[{"href":"https:\/\/www.europesays.com\/es\/wp-json\/wp\/v2\/types\/post"}],"author":[{"embeddable":true,"href":"https:\/\/www.europesays.com\/es\/wp-json\/wp\/v2\/users\/2"}],"replies":[{"embeddable":true,"href":"https:\/\/www.europesays.com\/es\/wp-json\/wp\/v2\/comments?post=96620"}],"version-history":[{"count":0,"href":"https:\/\/www.europesays.com\/es\/wp-json\/wp\/v2\/posts\/96620\/revisions"}],"wp:featuredmedia":[{"embeddable":true,"href":"https:\/\/www.europesays.com\/es\/wp-json\/wp\/v2\/media\/96621"}],"wp:attachment":[{"href":"https:\/\/www.europesays.com\/es\/wp-json\/wp\/v2\/media?parent=96620"}],"wp:term":[{"taxonomy":"category","embeddable":true,"href":"https:\/\/www.europesays.com\/es\/wp-json\/wp\/v2\/categories?post=96620"},{"taxonomy":"post_tag","embeddable":true,"href":"https:\/\/www.europesays.com\/es\/wp-json\/wp\/v2\/tags?post=96620"}],"curies":[{"name":"wp","href":"https:\/\/api.w.org\/{rel}","templated":true}]}}