{"id":96628,"date":"2025-09-06T04:34:09","date_gmt":"2025-09-06T04:34:09","guid":{"rendered":"https:\/\/www.europesays.com\/es\/96628\/"},"modified":"2025-09-06T04:34:09","modified_gmt":"2025-09-06T04:34:09","slug":"vingegaard-estoy-decepcionado-por-mi-equipo-y-mi-familia","status":"publish","type":"post","link":"https:\/\/www.europesays.com\/es\/96628\/","title":{"rendered":"Vingegaard: \u201cEstoy decepcionado por mi equipo y mi familia\u201d"},"content":{"rendered":"<p class=\"\">Hay dos formas de ver el vaso para <a href=\"https:\/\/as.com\/noticias\/jonas-vingegaard-rasmussen\/\" target=\"_self\" rel=\"nofollow noopener\" title=\"https:\/\/as.com\/noticias\/jonas-vingegaard-rasmussen\/\">Jonas Vingegaard<\/a> (28 a\u00f1os)<b> medio lleno, <\/b>sabiendo que ya el \u00fanico rival para ganar La Vuelta es Vingegaard una vez que corredores como Pidcock, que le puso al l\u00edmite en Bilbao, ya queda fuera de la lucha<b>, o medio vac\u00edo, <\/b>ya que el dan\u00e9s ten\u00eda el deseo, como repiti\u00f3 en d\u00edas anteriores, de ganar en el Angliru y dar un golpe de efecto a la carrera.<\/p>\n<p class=\"\"><a href=\"https:\/\/as.com\/ciclismo\/vuelta_espana\/vuelta-a-espana-2025-hoy-en-directo-etapa-13-cabezon-de-la-sal-langliru-en-vivo-online-n\/\" target=\"_self\" rel=\"nofollow noopener\" title=\"https:\/\/as.com\/ciclismo\/vuelta_espana\/vuelta-a-espana-2025-hoy-en-directo-etapa-13-cabezon-de-la-sal-langliru-en-vivo-online-n\/\">No pudo al encontrarse con un excelso Almeida<\/a> que, durante gran parte del puerto, fue en cabeza y as\u00ed cruz\u00f3 la l\u00ednea de meta con Vingegaard segundo, <b>como ya le ocurri\u00f3 en 2023 tras su compa\u00f1ero Primoz Roglic<\/b>. \u201cEstoy un poco decepcionado por no ganar la etapa, especialmente por mi equipo y por mi familia (en los d\u00edas previos fue el cumplea\u00f1os de su hijo y quer\u00eda dedicarle la victoria). <b>Me da pena tambi\u00e9n no poder rematar por el gran trabajo que hicieron<\/b> (en el Visma) durante todo el d\u00eda, incluido en la subida final\u201d, a\u00f1adi\u00f3 el doble ganador del Tour de Francia que cuenta con una renta de 46\u201d respecto a Almeida. <\/p>\n<p><img decoding=\"async\" src=\"https:\/\/www.europesays.com\/es\/wp-content\/uploads\/2025\/09\/V3EYTR474FKXNMP2GIOKWXU7IU.jpg\" alt=\"Vingegaard: \u201cEstoy decepcionado por mi equipo y mi familia\u201d\" height=\"4000\" width=\"6000\"   loading=\"lazy\"\/><br \/>\nPEPE ANDRES<\/p>\n<p class=\"\">\u201cClaro que me hubiera encantado ganar, <b>pero tambi\u00e9n estoy contento por haber podido seguir la rueda de Almeida<\/b>. Tambi\u00e9n es cierto que ahora el resto de rivales est\u00e1n m\u00e1s lejos y solo tendremos que centrarnos, principalmente, en uno de ellos.<b> Todav\u00eda queda mucha carrera con etapas muy dif\u00edciles por el camino\u201d<\/b>, a\u00f1adi\u00f3 un Vingegaard que se present\u00f3 en la salida de Cabez\u00f3n de la Sal sin el bigote que mostr\u00f3 en las jornadas previas<b>. \u201cNunca me importa la opini\u00f3n de la gente, pero s\u00ed de una persona y ella me dijo que mejor as\u00ed\u201d<\/b>, a\u00f1adi\u00f3 con humor Vingegaard haciendo referencia a su mujer. Jonas sigue siendo el rival a batir.<\/p>\n<p>Noticias relacionadas<\/p>\n<p class=\"\"><b>\u00a1Tus opiniones importan!<\/b> Comenta en los art\u00edculos y suscr\u00edbete gratis a nuestra <a href=\"https:\/\/asfan.as.com\/newsletters\/\" target=\"_blank\" rel=\"nofollow noopener\" title=\"https:\/\/asfan.as.com\/newsletters\/\">newsletter<\/a> y a las alertas informativas en la <a href=\"https:\/\/as.com\/aplicacion-de-as-n\/\" target=\"_blank\" rel=\"nofollow noopener\" title=\"https:\/\/as.com\/aplicacion-de-as-n\/\">App<\/a> o el canal de <a href=\"https:\/\/www.whatsapp.com\/channel\/0029VaAasdA7j6g745nz9M10\" target=\"_blank\" rel=\"nofollow noopener\" title=\"https:\/\/www.whatsapp.com\/channel\/0029VaAasdA7j6g745nz9M10\">WhatsApp<\/a>.<\/p>\n<p class=\"\">\u00bfBuscas licenciar contenido? Haz clic <a href=\"https:\/\/profesional.elpais.com\/soluciones-sindicacion?utm_medium=interno&amp;utm_source=crosslinking&amp;utm_campaign=sindicacion_as_pie_articulos\" target=\"_blank\" rel=\"nofollow noopener\" title=\"https:\/\/profesional.elpais.com\/soluciones-sindicacion?utm_medium=interno&amp;utm_source=crosslinking&amp;utm_campaign=sindicacion_as_pie_articulos\">aqu\u00ed<\/a><\/p>\n","protected":false},"excerpt":{"rendered":"Hay dos formas de ver el vaso para Jonas Vingegaard (28 a\u00f1os) medio lleno, sabiendo que ya el&hellip;\n","protected":false},"author":2,"featured_media":96629,"comment_status":"","ping_status":"","sticky":false,"template":"","format":"standard","meta":{"footnotes":""},"categories":[273],"tags":[313,312,168,25,24,23,167],"class_list":{"0":"post-96628","1":"post","2":"type-post","3":"status-publish","4":"format-standard","5":"has-post-thumbnail","7":"category-ciclismo","8":"tag-ciclismo","9":"tag-cycling","10":"tag-deportes","11":"tag-es","12":"tag-espana","13":"tag-spain","14":"tag-sports"},"share_on_mastodon":{"url":"","error":""},"_links":{"self":[{"href":"https:\/\/www.europesays.com\/es\/wp-json\/wp\/v2\/posts\/96628","targetHints":{"allow":["GET"]}}],"collection":[{"href":"https:\/\/www.europesays.com\/es\/wp-json\/wp\/v2\/posts"}],"about":[{"href":"https:\/\/www.europesays.com\/es\/wp-json\/wp\/v2\/types\/post"}],"author":[{"embeddable":true,"href":"https:\/\/www.europesays.com\/es\/wp-json\/wp\/v2\/users\/2"}],"replies":[{"embeddable":true,"href":"https:\/\/www.europesays.com\/es\/wp-json\/wp\/v2\/comments?post=96628"}],"version-history":[{"count":0,"href":"https:\/\/www.europesays.com\/es\/wp-json\/wp\/v2\/posts\/96628\/revisions"}],"wp:featuredmedia":[{"embeddable":true,"href":"https:\/\/www.europesays.com\/es\/wp-json\/wp\/v2\/media\/96629"}],"wp:attachment":[{"href":"https:\/\/www.europesays.com\/es\/wp-json\/wp\/v2\/media?parent=96628"}],"wp:term":[{"taxonomy":"category","embeddable":true,"href":"https:\/\/www.europesays.com\/es\/wp-json\/wp\/v2\/categories?post=96628"},{"taxonomy":"post_tag","embeddable":true,"href":"https:\/\/www.europesays.com\/es\/wp-json\/wp\/v2\/tags?post=96628"}],"curies":[{"name":"wp","href":"https:\/\/api.w.org\/{rel}","templated":true}]}}