{"id":96660,"date":"2025-09-06T04:57:08","date_gmt":"2025-09-06T04:57:08","guid":{"rendered":"https:\/\/www.europesays.com\/es\/96660\/"},"modified":"2025-09-06T04:57:08","modified_gmt":"2025-09-06T04:57:08","slug":"romain-gregoire-se-impone-en-burton-dassett-y-se-viste-de-lider-del-tour-de-gran-bretana-ciclismo","status":"publish","type":"post","link":"https:\/\/www.europesays.com\/es\/96660\/","title":{"rendered":"Romain Gr\u00e9goire se impone en Burton Dassett y se viste de l\u00edder del Tour de Gran Breta\u00f1a &#8211; Ciclismo"},"content":{"rendered":"<ol>\n<li><a href=\"https:\/\/news.google.com\/rss\/articles\/CBMiakFVX3lxTE5YN3l3WFJIWU5TVmFURzFsbjRNVmp1QmVMcnNJanFSS2lpaEZQejFjMDZEeFMxX2MwYnhnc1hTTUFRQ182dERLdWRMZVdUWGNIaXFfRndaZkg4T2E0Zl9KUjlubWhDTUdRbmc?oc=5\" target=\"_blank\" rel=\"nofollow noopener\">Romain Gr\u00e9goire se impone en Burton Dassett y se viste de l\u00edder del Tour de Gran Breta\u00f1a<\/a>&nbsp;&nbsp;Ciclismo<\/li>\n<li><a href=\"https:\/\/news.google.com\/rss\/articles\/CBMivAFBVV95cUxOSDB1SVptLUlueHBCblJ0NExhTXVhYnNNUjV5V3FGZmdLUk9iSWdtWEp2ZFRxUlhQU3F2OWxzbVdmUXpScENRUUZJVFQ0cTZHU013OHJUazdCZ080a1lxRGJ3N1phbmxXd3pFcGp4UTQ0d3JYdnpKbFA4THdWWUo0ZmNQN1ZqS3JxWmJLaVpIekNpSzNrbHM2QUM3eEhGTTNXcmYzSVVfQS1FVlYtYllDWXA5Sm81UHRYcWJ4VA?oc=5\" target=\"_blank\" rel=\"nofollow noopener\">Romain Gr\u00e9goire gana la cuarta etapa y lidera la Vuelta a Gran Breta\u00f1a<\/a>&nbsp;&nbsp;La Naci\u00f3n<\/li>\n<li><a href=\"https:\/\/news.google.com\/rss\/articles\/CBMizwFBVV95cUxPbXZkajdDUGl3V2ZSTHcxQW51aG5uWXNQV2VteER5c0NsdGYzeE80MXFvaEJ6ZW83aXRtcDdKLVliemtscVR2ZE9mVDBubDhWc3VrZW9HdTVESVl1c0dETC1ndXFKSmQta3c3ZDRLdXZfMTVRT0lmd2hQUE9lX2NxLWxUWlVnQjVSd2t1MlZleFFXelR1aDQ2dWFjcHkyYmgyX09vdGhBT3VteFhHN3gzM1JIdW9CelRaLWY3SHgyM0s2dGlVdlRoMThsUGR5RDg?oc=5\" target=\"_blank\" rel=\"nofollow noopener\">\u00abDetr\u00e1s estaban pasando cosas extra\u00f1as\u00bb: Remco Evenepoel cuestiona las t\u00e1cticas del UAE en Gran Breta\u00f1a<\/a>&nbsp;&nbsp;Ciclismoaldia.es<\/li>\n<li><a href=\"https:\/\/news.google.com\/rss\/articles\/CBMiakFVX3lxTFA2eFdjWjRfMnpUTHYwQUtSWVkxUnBXRTBDSkZrblFWZ042TkpjZWRMSHFjNTZiRF80ZXVycDZweGZaS1FrbWdmMV9hYzlzWGVvWnQ1YzlJTFQxOWxqRVYwVlZzR3JZZ0x2NEE?oc=5\" target=\"_blank\" rel=\"nofollow noopener\">Clasificaciones completas de la 4\u00aa etapa del Tour de Gran Breta\u00f1a 2025<\/a>&nbsp;&nbsp;Ciclismo<\/li>\n<li><a href=\"https:\/\/news.google.com\/rss\/articles\/CBMia0FVX3lxTE9pRm42ajNGQlg0Z29xNENYUFE3NGRjMU9QUDVxbWtlZ1U0U1JmQWhvZ0lHMDVhbE01U2pkOWtpNWRWcS1PaXZiMC1CRDc0cm5ENzJ1eFM4MG10OW5Hci1nYkpYNTh4dlNDUm13?oc=5\" target=\"_blank\" rel=\"nofollow noopener\">4\u00aa Tour Gran Breta\u00f1a: Gr\u00e9goire bate a Alaphilippe<\/a>&nbsp;&nbsp;Ciclo21<\/li>\n<\/ol>\n","protected":false},"excerpt":{"rendered":"Romain Gr\u00e9goire se impone en Burton Dassett y se viste de l\u00edder del Tour de Gran Breta\u00f1a&nbsp;&nbsp;Ciclismo Romain&hellip;\n","protected":false},"author":2,"featured_media":96661,"comment_status":"","ping_status":"","sticky":false,"template":"","format":"standard","meta":{"footnotes":""},"categories":[273],"tags":[313,1757,312,168,158,25,24,1820,1928,34666,23,167],"class_list":{"0":"post-96660","1":"post","2":"type-post","3":"status-publish","4":"format-standard","5":"has-post-thumbnail","7":"category-ciclismo","8":"tag-ciclismo","9":"tag-ciclista","10":"tag-cycling","11":"tag-deportes","12":"tag-el","13":"tag-es","14":"tag-espana","15":"tag-frances","16":"tag-joven","17":"tag-romain","18":"tag-spain","19":"tag-sports"},"share_on_mastodon":{"url":"","error":""},"_links":{"self":[{"href":"https:\/\/www.europesays.com\/es\/wp-json\/wp\/v2\/posts\/96660","targetHints":{"allow":["GET"]}}],"collection":[{"href":"https:\/\/www.europesays.com\/es\/wp-json\/wp\/v2\/posts"}],"about":[{"href":"https:\/\/www.europesays.com\/es\/wp-json\/wp\/v2\/types\/post"}],"author":[{"embeddable":true,"href":"https:\/\/www.europesays.com\/es\/wp-json\/wp\/v2\/users\/2"}],"replies":[{"embeddable":true,"href":"https:\/\/www.europesays.com\/es\/wp-json\/wp\/v2\/comments?post=96660"}],"version-history":[{"count":0,"href":"https:\/\/www.europesays.com\/es\/wp-json\/wp\/v2\/posts\/96660\/revisions"}],"wp:featuredmedia":[{"embeddable":true,"href":"https:\/\/www.europesays.com\/es\/wp-json\/wp\/v2\/media\/96661"}],"wp:attachment":[{"href":"https:\/\/www.europesays.com\/es\/wp-json\/wp\/v2\/media?parent=96660"}],"wp:term":[{"taxonomy":"category","embeddable":true,"href":"https:\/\/www.europesays.com\/es\/wp-json\/wp\/v2\/categories?post=96660"},{"taxonomy":"post_tag","embeddable":true,"href":"https:\/\/www.europesays.com\/es\/wp-json\/wp\/v2\/tags?post=96660"}],"curies":[{"name":"wp","href":"https:\/\/api.w.org\/{rel}","templated":true}]}}