{"id":96668,"date":"2025-09-06T05:01:10","date_gmt":"2025-09-06T05:01:10","guid":{"rendered":"https:\/\/www.europesays.com\/es\/96668\/"},"modified":"2025-09-06T05:01:10","modified_gmt":"2025-09-06T05:01:10","slug":"me-ha-venido-de-chiripa","status":"publish","type":"post","link":"https:\/\/www.europesays.com\/es\/96668\/","title":{"rendered":"M\ufeffe ha venido de chiripa"},"content":{"rendered":"<p data-journey-content=\"true\" data-node-id=\"0\" class=\"body-dropcap css-16svq0q emevuu60\">No le gusta mirar al pasado porque prefiere centrarse en el futuro, asegura que nunca se imagin\u00f3 que podr\u00eda ser una estrella de la televisi\u00f3n y se muestra agradecido por no haber tenido que transitar por ning\u00fan camino dif\u00edcil. Entre bromas, risas y comentarios ir\u00f3nicos, <strong data-node-id=\"0.1\">Marc Gir\u00f3<\/strong> suelta verdades como pu\u00f1os. Lo hace en esta entrevista del mismo modo que lo hace en Late Xou, el programa de entretenimiento que capitanea con \u00e9xito en TVE y regresar\u00e1 con una nueva temporada en las pr\u00f3ximas semanas. <\/p>\n<p data-journey-content=\"true\" data-node-id=\"1\" class=\"css-i9p093 emevuu60\"><strong data-node-id=\"1.0\">\u00bfQu\u00e9 es para ti ser un icono? <\/strong><\/p>\n<p data-journey-content=\"true\" data-node-id=\"2\" class=\"css-i9p093 emevuu60\">Yo no me hab\u00eda planteado nunca lo de ser icono, pero ahora que me lo hab\u00e9is dicho vosotras digo, &#8216;pues s\u00ed, mira&#8217;. Me veo de icono total. S\u00ed, s\u00ed, s\u00ed. Es que yo creo que es lo que me faltaba a esta edad. La persona que haya pensado que yo soy iconic, me cae bien. S\u00ed, me veo icono, a tomar por culo, claro que s\u00ed.<\/p>\n<p data-journey-content=\"true\" data-node-id=\"4\" class=\"css-i9p093 emevuu60\"><strong data-node-id=\"4.0\">\u00bfY qui\u00e9n es tu mayor icono? <\/strong><\/p>\n<p data-journey-content=\"true\" data-node-id=\"5\" class=\"css-i9p093 emevuu60\">Yo mismo. S\u00ed, yo soy masturbatorio, y punto. Es que yo ahora ya me veo icono total, claro que s\u00ed. Te preguntan a veces: &#8216;\u00bfc\u00f3mo lleva usted la fama con el \u00e9xito de Late Xou?&#8217; y yo dec\u00eda: &#8216;Tengo 50 a\u00f1os, no me ha afectado en nada. Soy el mismo gilipollas que era&#8217; y toda esta mierda de respuestas que se dan en estos casos. Pero ahora que soy icono para Harper&#8217;s Bazaar, ya voy a ser un gilipollas integral. \u00a1Tr\u00e1eme una copa de champ\u00e1n! [dice en tono imperativo] \u00a1Ah! No sab\u00e9is lo que hab\u00e9is hecho conmigo. I&#8217;m iconic. <\/p>\n<p data-journey-content=\"true\" data-node-id=\"6\" class=\"css-i9p093 emevuu60\">\u00bfSabes la ilusi\u00f3n que yo tengo? Me tengo que ir a renovar el carn\u00e9 de identidad en el 2032, pero voy a ir antes y voy a decir: \u00abSe\u00f1or oficial de polic\u00eda, he perdido el carn\u00e9 de identidad\u00bb. \u00bfSabes por qu\u00e9? Para as\u00ed poner en profesi\u00f3n icono, que me lo ha dicho Harper&#8217;s Bazaar.<\/p>\n<p data-journey-content=\"true\" data-node-id=\"7\" class=\"css-i9p093 emevuu60\"><strong data-node-id=\"7.0\">\u00bfQu\u00e9 recuerdas de tu paso por las revistas?<\/strong><\/p>\n<p data-journey-content=\"true\" data-node-id=\"8\" class=\"css-i9p093 emevuu60\">No recuerdo nada, hija m\u00eda. Nada. No miro al pasado. Solo miro al futuro.   <\/p>\n<p data-journey-content=\"true\" data-node-id=\"9\" class=\"css-i9p093 emevuu60\"><strong data-node-id=\"9.0\">Por si a\u00fan hay alg\u00fan marciano que no sepa qui\u00e9n es Marc Gir\u00f3, \u00bfc\u00f3mo te definir\u00edas?<\/strong><\/p>\n<p data-journey-content=\"true\" data-node-id=\"10\" class=\"css-i9p093 emevuu60\">Es imposible que llegue un marciano ahora y no sepa qui\u00e9n soy. Es que es imposible. Te lo digo yo, porque soy gal\u00e1ctico. Yo le dir\u00eda a un marciano: \u00abPues yo soy un icono. Anda, ahora vete a leer La Eneida, atontado\u00bb. Es que la gente se cree que los marcianos son m\u00e1s listos que nosotros. Ser\u00e1n m\u00e1s sensibles, pero m\u00e1s listos no.<\/p>\n<p data-journey-content=\"true\" data-node-id=\"11\" class=\"css-i9p093 emevuu60\"><strong data-node-id=\"11.0\">\u00bfEn qu\u00e9 otras cosas eres tan bueno como delante de una c\u00e1mara?<\/strong><\/p>\n<p data-journey-content=\"true\" data-node-id=\"12\" class=\"css-i9p093 emevuu60\">Pues f\u00edjate que no es lo mejor que hago yo, el estar delante de una c\u00e1mara. Yo creo que casi todo lo hago mejor que estar delante de una c\u00e1mara. Es que soy un genio. Ay, Dios m\u00edo. Yo creo que me van a dar a m\u00ed el Nobel de algo. O me van a dar tres Nobel. \u00bfTe imaginas? Nobel de Medicina, Nobel de F\u00edsica Cu\u00e1ntica y Nobel de tal, todo. Me he vuelto gilipollas. La fama me ha vuelto gilipollas&#8230; [se r\u00ede].<\/p>\n<p data-journey-content=\"true\" data-node-id=\"13\" class=\"css-i9p093 emevuu60\"><strong data-node-id=\"13.0\">\u00bfCu\u00e1l ha sido tu entrevista m\u00e1s dif\u00edcil? <\/strong><\/p>\n<p data-journey-content=\"true\" data-node-id=\"14\" class=\"css-i9p093 emevuu60\">Esta. Sin duda. Porque, claro, yo antes las hac\u00eda sin ser icono. Pero ya que soy icono, tengo que estar a la altura. Y, por supuesto, yo no estoy a tu altura, hija m\u00eda, que tambi\u00e9n eres muy ic\u00f3nica porque me est\u00e1s haciendo unas preguntas de la pera. <\/p>\n<p data-journey-content=\"true\" data-node-id=\"15\" class=\"css-i9p093 emevuu60\"><strong data-node-id=\"15.0\">\u00bfQu\u00e9 momento ha sido el m\u00e1s duro con el que te has encontrado en el camino? <\/strong><\/p>\n<p data-journey-content=\"true\" data-node-id=\"16\" class=\"css-i9p093 emevuu60\">Es que estas preguntas son como de psiquiatr\u00eda, tengo la sensaci\u00f3n de que si yo te contesto a esto, me vas a pedir al final de la sesi\u00f3n 50 euros. \u00bfLo m\u00e1s duro del camino? Eso te lo pueden contestar las modelos, que tienen un rollo patatero con &#8216;porque tal, porque cual, porque el esfuerzo&#8217;; pero yo&#8230; he estado aqu\u00ed en democracia, en una ciudad en paz. Levantas la mano, te pillas un taxi y si no coges un autob\u00fas, \u00bfsabes lo que te digo? Tampoco soy una persona que necesite mucho, porque luego est\u00e1n las ambiciosas, pero yo no soy de este tipo de persona. No soy tiquismiquis. Estoy en democracia y duro, duro no ha sido. He estado m\u00e1s o menos bien de salud, me he sacado las am\u00edgdalas cuando era peque\u00f1o y he tenido suerte. Creo que mi suerte tiene que ver con esto de estar en una sociedad en paz y ser una sociedad democr\u00e1tica. <\/p>\n<p data-journey-content=\"true\" data-node-id=\"17\" class=\"css-i9p093 emevuu60\"><strong data-node-id=\"17.0\">Conocemos al Marc Gir\u00f3 personaje pero, \u00bfc\u00f3mo eres en tu vida personal?  <\/strong><\/p>\n<p data-journey-content=\"true\" data-node-id=\"18\" class=\"css-i9p093 emevuu60\">\u00bfEn mi vida personal? Yo no tengo vida personal, estoy todo el rato entregado a mi p\u00fablico.<\/p>\n<p data-journey-content=\"true\" data-node-id=\"19\" class=\"css-i9p093 emevuu60\"><strong data-node-id=\"19.0\">\u00bfDir\u00edas que el \u00e9xito cambia?<\/strong><\/p>\n<p data-journey-content=\"true\" data-node-id=\"20\" class=\"css-i9p093 emevuu60\"> A m\u00ed el \u00e9xito no me ha cambiado. He sido igual de gilipollas ahora que a los cuatro a\u00f1os. Ya me lo dec\u00edan: &#8216;Mira este ni\u00f1o que gilipollas, la madre que lo pari\u00f3, \u00bfqui\u00e9n se ha cre\u00eddo que es?&#8217;. Pues un icono. <\/p>\n<p data-journey-content=\"true\" data-node-id=\"21\" class=\"css-i9p093 emevuu60\"><strong data-node-id=\"21.0\">\u00bfHay alguien que te haga especial ilusi\u00f3n tener en el programa?<\/strong><\/p>\n<p data-journey-content=\"true\" data-node-id=\"22\" class=\"css-i9p093 emevuu60\">Uy, no, no, qu\u00e9 va. Yo invitar\u00eda a todos. Todo el mundo invitado. <\/p>\n<p data-journey-content=\"true\" data-node-id=\"23\" class=\"css-i9p093 emevuu60\"><strong data-node-id=\"23.0\">\u00bfY alguna persona a la que nunca invitar\u00edas?  <\/strong><\/p>\n<p data-journey-content=\"true\" data-node-id=\"24\" class=\"css-i9p093 emevuu60\">Tampoco, eso tampoco, porque luego hay gente que dices &#8216;Ay, esta no me cae bien&#8217; y \u00a1pum! sale la entrevista y te ha ca\u00eddo bien. Yo, por ejemplo, no te ca\u00eda bien antes, pero ahora te estoy cayendo fenomenal despu\u00e9s de esta entrevista&#8230; O gente que dices &#8216;Ay, mira, este me hace una ilusi\u00f3n&#8217; y luego son unas sosas. A m\u00ed me encanta todo. Soy como el Papa que le gustan todos los humanos, soy como una santa. Aparte de icono, soy santa, creo que me van a beatificar. <\/p>\n<p data-journey-content=\"true\" data-node-id=\"25\" class=\"css-i9p093 emevuu60\"><strong data-node-id=\"25.0\">\u00bfAlguna vez imaginaste llegar a ser una de las estrellas de la televisi\u00f3n nacional?<\/strong><\/p>\n<p data-journey-content=\"true\" data-node-id=\"26\" class=\"css-i9p093 emevuu60\">Pues no, f\u00edjate. La verdad es que no porque, contrariamente a lo que la gente cree, yo tengo muy poca imaginaci\u00f3n. Y luego tambi\u00e9n que yo no soy egoc\u00e9ntrica. Yo no pienso en m\u00ed, estoy todo el rato pensando en los dem\u00e1s. Soy muy caritativa, muy emp\u00e1tica y todas estas mierdas, no soy de pensar en m\u00ed. Hombre, alguna paja de vez en cuando me hago, que yo estoy a favor de la masturbaci\u00f3n. Ah\u00ed s\u00ed voy a pensar en m\u00ed un poquito. Bastante es que tienes que estar todo el rato viendo que no te atropelle un patinete, tirar pa&#8217;lante de redactora, que yo he hecho much\u00edsimo tu trabajo, como para estar yo pensando que me iba a convertir en la estrella nacional de los cojones. Pues no lo pensaba, me ha venido de chiripa. <\/p>\n<p><strong data-node-id=\"26.3\">Y para terminar, \u00bfqu\u00e9 consejo le dar\u00edas a tu yo de los 20 a\u00f1os?<\/strong> <\/p>\n<p>Que follara m\u00e1s. Pero ese consejo me lo doy yo tambi\u00e9n ahora con 50. Hombre, con 20 yo me dir\u00eda, &#8216;venga, chaval, lo est\u00e1s haciendo muy bien&#8217;.<\/p>\n<p data-journey-content=\"true\" data-node-id=\"27\" class=\"css-i9p093 emevuu60\">Marc Gir\u00f3 lleva camisa y pantal\u00f3n de lana, ambos de DRIES VAN NOTEN, calcetines de algod\u00f3n de FALKE, zapatos de piel de BOSS y anillo Trinity de oro amarillo, blanco y rosa, y reloj Tank de oro y piel, ambos de CARTIER.<\/p>\n<p data-journey-content=\"true\" data-node-id=\"28\" class=\"body-tip css-1hqo1ws emevuu60\">Peluquer\u00eda y maquillaje: Vicky Marcos, Yos Baute (One-Off Artists), Mar\u00eda Tattaglia (One-Off Artists) y Rebecca Mart\u00edn (Cool Producciones). Producci\u00f3n: Itz\u00edar Saettone. Asistente de fotograf\u00eda: Pedro Urech. Asistente de estilismo: Natalia Mu\u00f1oz.<br data-node-id=\"28.1.0\"\/><\/p>\n","protected":false},"excerpt":{"rendered":"No le gusta mirar al pasado porque prefiere centrarse en el futuro, asegura que nunca se imagin\u00f3 que&hellip;\n","protected":false},"author":2,"featured_media":96669,"comment_status":"","ping_status":"","sticky":false,"template":"","format":"standard","meta":{"footnotes":""},"categories":[174],"tags":[255,253,146,147,25,24,256,23],"class_list":{"0":"post-96668","1":"post","2":"type-post","3":"status-publish","4":"format-standard","5":"has-post-thumbnail","7":"category-famosos","8":"tag-celebrities","9":"tag-discover","10":"tag-entertainment","11":"tag-entretenimiento","12":"tag-es","13":"tag-espana","14":"tag-famosos","15":"tag-spain"},"share_on_mastodon":{"url":"","error":""},"_links":{"self":[{"href":"https:\/\/www.europesays.com\/es\/wp-json\/wp\/v2\/posts\/96668","targetHints":{"allow":["GET"]}}],"collection":[{"href":"https:\/\/www.europesays.com\/es\/wp-json\/wp\/v2\/posts"}],"about":[{"href":"https:\/\/www.europesays.com\/es\/wp-json\/wp\/v2\/types\/post"}],"author":[{"embeddable":true,"href":"https:\/\/www.europesays.com\/es\/wp-json\/wp\/v2\/users\/2"}],"replies":[{"embeddable":true,"href":"https:\/\/www.europesays.com\/es\/wp-json\/wp\/v2\/comments?post=96668"}],"version-history":[{"count":0,"href":"https:\/\/www.europesays.com\/es\/wp-json\/wp\/v2\/posts\/96668\/revisions"}],"wp:featuredmedia":[{"embeddable":true,"href":"https:\/\/www.europesays.com\/es\/wp-json\/wp\/v2\/media\/96669"}],"wp:attachment":[{"href":"https:\/\/www.europesays.com\/es\/wp-json\/wp\/v2\/media?parent=96668"}],"wp:term":[{"taxonomy":"category","embeddable":true,"href":"https:\/\/www.europesays.com\/es\/wp-json\/wp\/v2\/categories?post=96668"},{"taxonomy":"post_tag","embeddable":true,"href":"https:\/\/www.europesays.com\/es\/wp-json\/wp\/v2\/tags?post=96668"}],"curies":[{"name":"wp","href":"https:\/\/api.w.org\/{rel}","templated":true}]}}