{"id":96688,"date":"2025-09-06T05:16:22","date_gmt":"2025-09-06T05:16:22","guid":{"rendered":"https:\/\/www.europesays.com\/es\/96688\/"},"modified":"2025-09-06T05:16:22","modified_gmt":"2025-09-06T05:16:22","slug":"guadalajara-acogera-una-extraordinaria-clase-practica-taurina-el-16-de-septiembre-nuevaalcarria","status":"publish","type":"post","link":"https:\/\/www.europesays.com\/es\/96688\/","title":{"rendered":"Guadalajara acoger\u00e1 una extraordinaria clase pr\u00e1ctica taurina el 16 de septiembre | NuevaAlcarria"},"content":{"rendered":"<p>La Plaza de Toros de Guadalajara ser\u00e1 el escenario de una\u00a0<strong>extraordinaria clase pr\u00e1ctica<\/strong>\u00a0el pr\u00f3ximo\u00a0<strong>16 de septiembre a las 19:00 horas<\/strong>, en un evento que reunir\u00e1 a j\u00f3venes promesas de distintas escuelas taurinas de Espa\u00f1a.<\/p>\n<p>La jornada contar\u00e1 con\u00a0<strong>4 novillos de la prestigiosa Finca Valtaja<\/strong>, que ser\u00e1n lidiados por alumnos de diferentes escuelas taurinas:<\/p>\n<p>\u00b7\u00a0\u00a0\u00a0\u00a0\u00a0\u00a0\u00a0 <strong>Pedro de la Hermosa<\/strong>\u00a0\u2013 Escuela Taurina de Guadalajara<\/p>\n<p>\u00b7\u00a0\u00a0\u00a0\u00a0\u00a0\u00a0\u00a0 <strong>Antonio Arias<\/strong>\u00a0\u2013 Escuela Taurina de M\u00e1laga<\/p>\n<p>\u00b7\u00a0\u00a0\u00a0\u00a0\u00a0\u00a0\u00a0 <strong>H\u00e9ctor Morales<\/strong>\u00a0\u2013 Escuela Taurina de Almer\u00eda<\/p>\n<p>\u00b7\u00a0\u00a0\u00a0\u00a0\u00a0\u00a0\u00a0 <strong>Izan Alonso<\/strong>\u00a0\u2013 Escuela Taurina de Guadalajara<\/p>\n<p>Este encuentro busca fomentar el aprendizaje, la pr\u00e1ctica y la difusi\u00f3n de la tauromaquia entre las nuevas generaciones, ofreciendo al p\u00fablico la oportunidad de presenciar en directo el progreso de los futuros toreros.<\/p>\n<p>La entrada ser\u00e1\u00a0<strong>gratuita<\/strong>, lo que convierte esta cita en una ocasi\u00f3n perfecta para disfrutar de una tarde de cultura y tradici\u00f3n taurina en familia.<\/p>\n<p>El evento est\u00e1 organizado por la\u00a0<strong>Escuela Taurina de Guadalajara<\/strong>, reafirmando su compromiso con la formaci\u00f3n de los j\u00f3venes talentos y con la preservaci\u00f3n de la fiesta de los toros<\/p>\n","protected":false},"excerpt":{"rendered":"La Plaza de Toros de Guadalajara ser\u00e1 el escenario de una\u00a0extraordinaria clase pr\u00e1ctica\u00a0el pr\u00f3ximo\u00a016 de septiembre a las&hellip;\n","protected":false},"author":2,"featured_media":96689,"comment_status":"","ping_status":"","sticky":false,"template":"","format":"standard","meta":{"footnotes":""},"categories":[277],"tags":[442,373,168,25,24,439,441,443,440,23,167,374,444],"class_list":{"0":"post-96688","1":"post","2":"type-post","3":"status-publish","4":"format-standard","5":"has-post-thumbnail","7":"category-toreo","8":"tag-actualidad-guadalajara","9":"tag-bullfighting","10":"tag-deportes","11":"tag-es","12":"tag-espana","13":"tag-guadalajara","14":"tag-informacion-guadalajara","15":"tag-noticias-guadalajara","16":"tag-nueva-alcarria","17":"tag-spain","18":"tag-sports","19":"tag-toreo","20":"tag-toros"},"share_on_mastodon":{"url":"","error":""},"_links":{"self":[{"href":"https:\/\/www.europesays.com\/es\/wp-json\/wp\/v2\/posts\/96688","targetHints":{"allow":["GET"]}}],"collection":[{"href":"https:\/\/www.europesays.com\/es\/wp-json\/wp\/v2\/posts"}],"about":[{"href":"https:\/\/www.europesays.com\/es\/wp-json\/wp\/v2\/types\/post"}],"author":[{"embeddable":true,"href":"https:\/\/www.europesays.com\/es\/wp-json\/wp\/v2\/users\/2"}],"replies":[{"embeddable":true,"href":"https:\/\/www.europesays.com\/es\/wp-json\/wp\/v2\/comments?post=96688"}],"version-history":[{"count":0,"href":"https:\/\/www.europesays.com\/es\/wp-json\/wp\/v2\/posts\/96688\/revisions"}],"wp:featuredmedia":[{"embeddable":true,"href":"https:\/\/www.europesays.com\/es\/wp-json\/wp\/v2\/media\/96689"}],"wp:attachment":[{"href":"https:\/\/www.europesays.com\/es\/wp-json\/wp\/v2\/media?parent=96688"}],"wp:term":[{"taxonomy":"category","embeddable":true,"href":"https:\/\/www.europesays.com\/es\/wp-json\/wp\/v2\/categories?post=96688"},{"taxonomy":"post_tag","embeddable":true,"href":"https:\/\/www.europesays.com\/es\/wp-json\/wp\/v2\/tags?post=96688"}],"curies":[{"name":"wp","href":"https:\/\/api.w.org\/{rel}","templated":true}]}}