{"id":96690,"date":"2025-09-06T05:17:08","date_gmt":"2025-09-06T05:17:08","guid":{"rendered":"https:\/\/www.europesays.com\/es\/96690\/"},"modified":"2025-09-06T05:17:08","modified_gmt":"2025-09-06T05:17:08","slug":"alex-pereira-confiesa-que-no-fue-hackeado-y-sus-amenazas-de-retirada-eran-reales","status":"publish","type":"post","link":"https:\/\/www.europesays.com\/es\/96690\/","title":{"rendered":"Alex Pereira confiesa que no fue hackeado y sus amenazas de retirada eran reales"},"content":{"rendered":"<p data-mrf-recirculation=\"Links P\u00e1rrafos\" class=\"ue-c-article__paragraph paragraph ue-c-article--first-letter-highlighted\">Hace unos meses, antes del<strong> UFC 317<\/strong> en el que Ilia Topuria se convirti\u00f3 en doble campe\u00f3n al noquear a Charles Oliveira, <strong>saltaron las alarmas<\/strong> en la compa\u00f1\u00eda dirigida por Dana White. <strong>Alex Pereira<\/strong>, una de sus mayores superestrellas, escribi\u00f3 un tuit mostr\u00e1ndose bastante <strong>molesto<\/strong>, y amenazando a la promotora con una posible <strong>retirada<\/strong>. Sin embargo, &#8216;Poatan&#8217; afirm\u00f3 a las horas que hab\u00eda sido v\u00edctima de un <strong>hackeo.<\/strong> Recientemente, en una entrevista con Ariel Helwani, el peleador brasile\u00f1o ha reconocido que ese tuit lo escribi\u00f3 \u00e9l debido a un <strong>malentendido<\/strong>, ya que est\u00e1 concentrado en la revancha con <strong>Magomed Ankalaev <\/strong>que se disputar\u00e1 en el UFC 320.<\/p>\n<p data-mrf-recirculation=\"Links P\u00e1rrafos\" class=\"ue-c-article__paragraph paragraph\">El <strong>ex campe\u00f3n<\/strong> de peso medio y peso semipesado perdi\u00f3 el cintur\u00f3n de las 205 libras ante Ankalaev el pasado marzo en el <strong>UFC 313.<\/strong> A pesar de que Pereira quer\u00eda optar a una <strong>revancha inmediata,<\/strong> prefer\u00eda tomarse un tiempo de descanso, y para el UFC 317 de la <strong>International Fight Week<\/strong> la compa\u00f1\u00eda todav\u00eda no ten\u00eda un evento estelar. Antes de cerrar el <strong>Topuria vs Oliveira,<\/strong> el propio Ankalaev afirm\u00f3 que le hab\u00edan ofrecido defender el cintur\u00f3n en esta fecha ante &#8216;Poatan&#8217; y el brasile\u00f1o lo hab\u00eda <strong>rechazado.<\/strong><\/p>\n<blockquote class=\"ue-c-article__blockquote\">\n<p>Fue una especie de malentendido entre mi representante y la UFC<\/p>\n<p>Alex Pereira, doble campe\u00f3n de la UFC<\/p><\/blockquote>\n<p data-mrf-recirculation=\"Links P\u00e1rrafos\" class=\"ue-c-article__paragraph paragraph\">Al rechazar est\u00e1 propuesta, seg\u00fan el peleador daguestani la UFC tambi\u00e9n le pregunt\u00f3 a <strong>Jiri Prochazka<\/strong>, algo que no sent\u00f3 nada bien a &#8216;Poatan&#8217;. De ah\u00ed vino el <strong>famoso tuit<\/strong>. \u00abSiempre respond\u00ed a las llamadas de la UFC, pero si quieren jugar conmigo, podemos hacerlo. <strong>Nunca<\/strong> he hablado mal de la UFC, pero con lo que he escuchado estoy<strong> desanimado<\/strong>. Ya he pensado en no pelear m\u00e1s, y despu\u00e9s de lo que me acaban de decir, esto podr\u00eda ser <strong>el comienzo<\/strong>\u00ab. Al rato, vino la excusa del \u00abhackeo\u00bb.<\/p>\n<p data-mrf-recirculation=\"Links P\u00e1rrafos\" class=\"ue-c-article__paragraph paragraph\">Meses despu\u00e9s, Pereira ha querido <strong>aclarar<\/strong> lo sucedido, reconociendo que ese mensaje lo escribi\u00f3 \u00e9l debido a todo lo que hab\u00eda le\u00eddo por redes. \u00abHubo un peque\u00f1o <strong>malentendido<\/strong>, me enter\u00e9 por las redes sociales. Estaba molesto en ese momento, por eso lo publiqu\u00e9 en Twitter, pero <strong>me arrepiento<\/strong>. Me equivoqu\u00e9 porque no sab\u00eda qu\u00e9 estaba pasando. Fue una especie de malentendido entre mi representante y la UFC. <strong>No fue culpa de la UFC<\/strong>\u00ab, sentenci\u00f3.<\/p>\n<p><img decoding=\"async\" width=\"1980\" height=\"1320\" class=\"ue-c-article__image lazyload\" alt=\"Alex Pereira ante Ankalaev.\" loading=\"lazy\" src=\"https:\/\/www.europesays.com\/es\/wp-content\/uploads\/2025\/09\/6880b9082f2ac.jpeg\"\/><\/p>\n<p>Alex Pereira ante Ankalaev.UFC.<\/p>\n<p>Ankalaev, preparado para noquearle<\/p>\n<p data-mrf-recirculation=\"Links P\u00e1rrafos\" class=\"ue-c-article__paragraph paragraph\">Esta <strong>recogida de cable<\/strong> de Pereira se debe a varios factores, entre los que destaca que finalmente <strong>ser\u00e1 \u00e9l <\/strong>quien se enfrente de nuevo a Ankalaev el pr\u00f3ximo <strong>5 de octubre <\/strong>en el UFC 320. Siete meses despu\u00e9s de la primera pelea entre ambos, &#8216;Poatan&#8217; tendr\u00e1 la oportunidad de <strong>redimirse<\/strong> de su <strong>primera derrota<\/strong> en las 205 libras. Al contrario de lo que la mayor\u00eda pensaba, el peleador daguestan\u00ed no necesit\u00f3 usar su <strong>grappling <\/strong>aquella ocasi\u00f3n para superar al brasile\u00f1o, y en la revancha planea <strong>lo mismo.<\/strong><\/p>\n<blockquote class=\"ue-c-article__blockquote\">\n<p>No necesitas preocuparte por la lucha, voy a encontrar esa gran cabeza de nuevo<\/p>\n<p>Magomed Ankalaev, campe\u00f3n de peso semipesado de la UFC<\/p><\/blockquote>\n<p data-mrf-recirculation=\"Links P\u00e1rrafos\" class=\"ue-c-article__paragraph paragraph\">En los \u00faltimos d\u00edas se ha podido ver a Pereira entrenando la <strong>defensa de derribos<\/strong> y el grappling, lo que ha provocado la reacci\u00f3n de Magomed por redes sociales. \u00abNo necesitas preocuparte por la<strong> lucha<\/strong>, voy a encontrar esa <strong>gran cabeza<\/strong> de nuevo\u00bb, reconoci\u00f3. Antes del primer combate, el nuevo campe\u00f3n de peso semipesado ya adelant\u00f3 que ir\u00eda al<strong> t\u00fa por t\u00fa<\/strong> al striking ante Alex, y <strong>cumpli\u00f3<\/strong> con lo prometido. Est\u00e1 por ver si en esta ocasi\u00f3n har\u00e1 lo mismo o llevar\u00e1 la pelea al <strong>suelo.<\/strong><\/p>\n<p data-mrf-recirculation=\"Links P\u00e1rrafos\" class=\"ue-c-article__paragraph paragraph\">No hay que olvidar que &#8216;Poatan&#8217; era la <strong>mayor superestrella <\/strong>de la UFC hasta que Ankalaev <strong>le destron\u00f3<\/strong> aquella noche. Despu\u00e9s de sus <strong>tres defensas <\/strong>de cintur\u00f3n en 2024, salvando varios eventos importantes como el <strong>UFC 300<\/strong> o el UFC 303, todo el mundo quer\u00eda ver a Pereira pelear. Si consigue redimirse volver\u00eda a recuperar el<strong> hype<\/strong>, e incluso podr\u00eda intentar subir a peso pesado a por el <strong>tercer cintur\u00f3n<\/strong>. De hecho, hace unas semanas el brasile\u00f1o revel\u00f3 que estaba pesando <strong>110 kilos<\/strong>, cuando el l\u00edmite para el peso semipesado son <strong>93.<\/strong><\/p>\n","protected":false},"excerpt":{"rendered":"Hace unos meses, antes del UFC 317 en el que Ilia Topuria se convirti\u00f3 en doble campe\u00f3n al&hellip;\n","protected":false},"author":2,"featured_media":96691,"comment_status":"","ping_status":"","sticky":false,"template":"","format":"standard","meta":{"footnotes":""},"categories":[276],"tags":[168,25,24,23,167,343],"class_list":{"0":"post-96690","1":"post","2":"type-post","3":"status-publish","4":"format-standard","5":"has-post-thumbnail","7":"category-ufc","8":"tag-deportes","9":"tag-es","10":"tag-espana","11":"tag-spain","12":"tag-sports","13":"tag-ufc"},"share_on_mastodon":{"url":"","error":""},"_links":{"self":[{"href":"https:\/\/www.europesays.com\/es\/wp-json\/wp\/v2\/posts\/96690","targetHints":{"allow":["GET"]}}],"collection":[{"href":"https:\/\/www.europesays.com\/es\/wp-json\/wp\/v2\/posts"}],"about":[{"href":"https:\/\/www.europesays.com\/es\/wp-json\/wp\/v2\/types\/post"}],"author":[{"embeddable":true,"href":"https:\/\/www.europesays.com\/es\/wp-json\/wp\/v2\/users\/2"}],"replies":[{"embeddable":true,"href":"https:\/\/www.europesays.com\/es\/wp-json\/wp\/v2\/comments?post=96690"}],"version-history":[{"count":0,"href":"https:\/\/www.europesays.com\/es\/wp-json\/wp\/v2\/posts\/96690\/revisions"}],"wp:featuredmedia":[{"embeddable":true,"href":"https:\/\/www.europesays.com\/es\/wp-json\/wp\/v2\/media\/96691"}],"wp:attachment":[{"href":"https:\/\/www.europesays.com\/es\/wp-json\/wp\/v2\/media?parent=96690"}],"wp:term":[{"taxonomy":"category","embeddable":true,"href":"https:\/\/www.europesays.com\/es\/wp-json\/wp\/v2\/categories?post=96690"},{"taxonomy":"post_tag","embeddable":true,"href":"https:\/\/www.europesays.com\/es\/wp-json\/wp\/v2\/tags?post=96690"}],"curies":[{"name":"wp","href":"https:\/\/api.w.org\/{rel}","templated":true}]}}