{"id":96692,"date":"2025-09-06T05:20:13","date_gmt":"2025-09-06T05:20:13","guid":{"rendered":"https:\/\/www.europesays.com\/es\/96692\/"},"modified":"2025-09-06T05:20:13","modified_gmt":"2025-09-06T05:20:13","slug":"como-consigue-un-ciclista-el-patrocinio-de-red-bull","status":"publish","type":"post","link":"https:\/\/www.europesays.com\/es\/96692\/","title":{"rendered":"\u00bfC\u00f3mo consigue un ciclista el patrocinio de Red Bull?"},"content":{"rendered":"<p class=\"\">Convertirse en atleta de Red Bull es el sue\u00f1o de muchos riders de deportes extremos. <b>Matt Jones, mountain biker brit\u00e1nico y referente del slopestyle y freeride, <\/b>ha celebrado recientemente su d\u00e9cimo aniversario con la marca y ha compartido <b>c\u00f3mo logr\u00f3 conseguir el codiciado patrocinio.<\/b><\/p>\n<p class=\"\">Jones, quien comenz\u00f3 montando en los bosques cercanos a su casa en el Reino Unido<b>, fue escalando posiciones en el circuito internacional <\/b>gracias a su habilidad para los trucos, su constancia y su creatividad en la construcci\u00f3n de saltos. Sin embargo, su entrada en la \u00e9lite no fue un camino f\u00e1cil.<\/p>\n<p class=\"\">Despu\u00e9s de destacar en <b>competiciones<\/b> europeas como Vienna Air King y Farm Jam en Nueva Zelanda, fue invitado al evento Red Bull Phenom en los X Games de M\u00fanich. A pesar de una dura ca\u00edda en la final, la competici\u00f3n le abri\u00f3 las puertas a nuevas oportunidades. Fue Darren Berrecloth, leyenda del freeride, quien le extendi\u00f3 la invitaci\u00f3n al Bearclaw Invitational en Canad\u00e1, donde logr\u00f3 un d\u00e9cimo puesto que le otorg\u00f3 valiosos puntos en el ranking mundial.<\/p>\n<p class=\"\">El verdadero <b>punto de inflexi\u00f3n lleg\u00f3 en 2014<\/b>, cuando particip\u00f3 en el evento 26TRIX en Austria. All\u00ed, con la presi\u00f3n de destacar, decidi\u00f3 arriesgar con un <b>backflip Superman seat grab<\/b>, un truco que nunca antes hab\u00eda completado en competici\u00f3n. Contra todo pron\u00f3stico,<b> lo aterriz\u00f3 con \u00e9xito y se llev\u00f3 el segundo puesto,<\/b> un resultado que lo catapult\u00f3 al top 16 del mundo y lo hizo visible para Red Bull.<\/p>\n<p class=\"\">Poco despu\u00e9s, <b>la marca lo invit\u00f3 al Festival de Velocidad de Goodwood<\/b>, donde l<b>e entregaron su ic\u00f3nico casco con el logotipo de Red Bull. <\/b>\u201cFue el momento en el que todo vali\u00f3 la pena\u201d, recuerda Jones.<\/p>\n<p>Noticias relacionadas<a href=\"https:\/\/as.com\/deportes_accion\/surf\/matt-etxebarne-el-hombre-que-vuela-sobre-las-olas-gigantes-n\/\" class=\"s_m_w\" title=\"El joven surfista de Bidarte protagoniza la pel\u00edcula \u201cEsperando la ola\u201d, que narra su conquista de olas tan imponentes como Belharra o Nazar\u00e9 con foil.\" data-tb-link=\"\" rel=\"nofollow noopener\" target=\"_blank\"><img decoding=\"async\" src=\"https:\/\/www.europesays.com\/es\/wp-content\/uploads\/2025\/09\/WAYVDNJVSNGVPM22MLBUOPDVRI.png\" alt=\"Matt Etxebarne, el hombre que vuela sobre las olas gigantes\" class=\"\" height=\"1\" width=\"1\"   loading=\"lazy\" data-tb-thumbnail=\"\"\/><\/a><a href=\"https:\/\/as.com\/deportes_accion\/urbano\/green-day-y-monster-aunan-fuerzas-para-un-video-de-skate-n\/\" class=\"s_m_w\" title=\"Monsters &amp; Saviors es un cortometraje con temazos de Green Day como American Idiot y legendarios skaters de Monster Energy como Nyjah Huston.\" data-tb-link=\"\" rel=\"nofollow noopener\" target=\"_blank\"><img decoding=\"async\" src=\"https:\/\/www.europesays.com\/es\/wp-content\/uploads\/2025\/09\/CZMTE3QEBBESXNG3E7I5VGPPFY.png\" alt=\"Green Day y Monster a\u00fanan fuerzas para un v\u00eddeo de skate\" class=\"\" height=\"1\" width=\"1\"   loading=\"lazy\" data-tb-thumbnail=\"\"\/><\/a><\/p>\n<p class=\"\">Desde entonces, su carrera ha evolucionado m\u00e1s all\u00e1 de la competici\u00f3n, <b>destacando tambi\u00e9n en la producci\u00f3n de contenido para YouTube y en la creaci\u00f3n de proyectos innovadores en el mundo del MTB, factores que Red Bull tiene muy en cuenta. <\/b>Su historia demuestra que, m\u00e1s all\u00e1 del talento, la perseverancia y la capacidad de aprovechar cada oportunidad son clave para alcanzar el patrocinio de una marca tan exclusiva como la del toro rojo. <\/p>\n<p class=\"\">\u00a1Tus opiniones importan! Comenta en los art\u00edculos, <a href=\"http:\/\/instagram.com\/asaccion\" rel=\"nofollow noopener\" title=\"http:\/\/instagram.com\/asaccion\" target=\"_blank\"><b>s\u00edguenos en el Instagram de AS Acci\u00f3n<\/b><\/a> y suscr\u00edbete gratis a nuestra <a href=\"https:\/\/asfan.as.com\/newsletters\/\" target=\"_self\" rel=\"nofollow noopener\" title=\"https:\/\/asfan.as.com\/newsletters\/\">newsletter<\/a>, a las alertas informativas en la <a href=\"https:\/\/as.com\/aplicacion-de-as-n\/\" target=\"_self\" rel=\"nofollow noopener\" title=\"https:\/\/as.com\/aplicacion-de-as-n\/\">App<\/a> o el canal de <a href=\"https:\/\/www.whatsapp.com\/channel\/0029VaAasdA7j6g745nz9M10\" target=\"_self\" rel=\"nofollow noopener\" title=\"https:\/\/www.whatsapp.com\/channel\/0029VaAasdA7j6g745nz9M10\">WhatsApp<\/a>. \u00bfBuscas licenciar contenido? Haz clic <a href=\"https:\/\/profesional.elpais.com\/landing-sindicacion\" target=\"_self\" rel=\"nofollow noopener\" title=\"https:\/\/profesional.elpais.com\/landing-sindicacion\">aqu\u00ed<\/a><\/p>\n<p><script async src=\"\/\/www.instagram.com\/embed.js\"><\/script><\/p>\n","protected":false},"excerpt":{"rendered":"Convertirse en atleta de Red Bull es el sue\u00f1o de muchos riders de deportes extremos. Matt Jones, mountain&hellip;\n","protected":false},"author":2,"featured_media":96693,"comment_status":"","ping_status":"","sticky":false,"template":"","format":"standard","meta":{"footnotes":""},"categories":[273],"tags":[313,312,168,25,24,23,167],"class_list":{"0":"post-96692","1":"post","2":"type-post","3":"status-publish","4":"format-standard","5":"has-post-thumbnail","7":"category-ciclismo","8":"tag-ciclismo","9":"tag-cycling","10":"tag-deportes","11":"tag-es","12":"tag-espana","13":"tag-spain","14":"tag-sports"},"share_on_mastodon":{"url":"","error":""},"_links":{"self":[{"href":"https:\/\/www.europesays.com\/es\/wp-json\/wp\/v2\/posts\/96692","targetHints":{"allow":["GET"]}}],"collection":[{"href":"https:\/\/www.europesays.com\/es\/wp-json\/wp\/v2\/posts"}],"about":[{"href":"https:\/\/www.europesays.com\/es\/wp-json\/wp\/v2\/types\/post"}],"author":[{"embeddable":true,"href":"https:\/\/www.europesays.com\/es\/wp-json\/wp\/v2\/users\/2"}],"replies":[{"embeddable":true,"href":"https:\/\/www.europesays.com\/es\/wp-json\/wp\/v2\/comments?post=96692"}],"version-history":[{"count":0,"href":"https:\/\/www.europesays.com\/es\/wp-json\/wp\/v2\/posts\/96692\/revisions"}],"wp:featuredmedia":[{"embeddable":true,"href":"https:\/\/www.europesays.com\/es\/wp-json\/wp\/v2\/media\/96693"}],"wp:attachment":[{"href":"https:\/\/www.europesays.com\/es\/wp-json\/wp\/v2\/media?parent=96692"}],"wp:term":[{"taxonomy":"category","embeddable":true,"href":"https:\/\/www.europesays.com\/es\/wp-json\/wp\/v2\/categories?post=96692"},{"taxonomy":"post_tag","embeddable":true,"href":"https:\/\/www.europesays.com\/es\/wp-json\/wp\/v2\/tags?post=96692"}],"curies":[{"name":"wp","href":"https:\/\/api.w.org\/{rel}","templated":true}]}}