{"id":96696,"date":"2025-09-06T05:26:14","date_gmt":"2025-09-06T05:26:14","guid":{"rendered":"https:\/\/www.europesays.com\/es\/96696\/"},"modified":"2025-09-06T05:26:14","modified_gmt":"2025-09-06T05:26:14","slug":"lloro-porque-sin-padre-y-sin-dios-el-cielo-esta-vacio","status":"publish","type":"post","link":"https:\/\/www.europesays.com\/es\/96696\/","title":{"rendered":"Lloro porque sin padre y sin dios el cielo est\u00e1 vac\u00edo"},"content":{"rendered":"<p><b>Hay un latido en las novelas de Sara Jaramillo Klinkert (Medell\u00edn, 1979) \u00fanico.<\/b> Un trasiego entre fantas\u00eda y realidad despampanante y enriquecedor, que turba y despabila a quien lee en un equilibrio inusual y magn\u00e9tico. Adem\u00e1s, a todas estas habilidades que posee la narrativa de la escritora colombiana hay que a\u00f1adirle, tras leer <b>su \u00faltima novela, \u2018El cielo est\u00e1 vac\u00edo\u2019, <\/b>la forma en que revaloriza la inocencia humana pese al tema que trata en sus p\u00e1ginas.\u00a0 Jaramillo Klinkert ha escrito <b>una historia fascinante,<\/b> arraigada a sus predecesoras, pero con un aire nuevo que la distingue y la convierte en el artefacto m\u00e1s perfecto de su universo literario. <b>Un viaje desde la naturaleza colombiana a Londres;<\/b> una obra mucho m\u00e1s veloz, libre y natural que todo lo escrito con anterioridad. Klinkert destrona con esta novela su propia perfecci\u00f3n.\u00a0<\/p>\n<p>No imagina el lector cuando recibe o compra este libro la pureza con que la autora cuenta el dolor, la precariedad, el miedo, el desasosiego en esta nueva novela de la admirable Jaramillo Klinkert.\u00a0<\/p>\n<p>No tiene miedo a desvelar que la vida es un para\u00edso t\u00f3xico. Y lo hace con una precisi\u00f3n visual valios\u00edsima, hay p\u00e1rrafos que arden como lo hace el bosque que escoge un pir\u00f3mano. Pero el fuego que desprenden es sanador y cualitativo.\u00a0<\/p>\n<p><a href=\" https:\/\/entradas.museothyssen.org\/es\/232-visita-libre\/10518-entrada-con-audioguia?&amp;utm_source=asombrario&amp;utm_medium=display&amp;utm_campaign=terrafilia&amp;utm_group=medios-online\"> <img decoding=\"async\" src=\"https:\/\/www.europesays.com\/es\/wp-content\/uploads\/2025\/08\/Thyssen-Terrafilia-Digital-00116-300x300-24SEP.gif\"\/><\/a><a href=\"https:\/\/www.uik.eus\/es\/cursos\/area-sostenibilidad&#013;&#010;\" rel=\"nofollow noopener\" target=\"_blank\"> <img decoding=\"async\" src=\"https:\/\/www.europesays.com\/es\/wp-content\/uploads\/2025\/08\/Ihobe-Escuelas-UIK-15s.gif\"\/><\/a><\/p>\n<p>\u201c\u00bfA qu\u00e9 va un ingl\u00e9s a Colombia si no es a hacer todo lo que aqu\u00ed est\u00e1 prohibido? Se creen m\u00e1s civilizados, pero en el fondo, lo que pasa es que en sus pa\u00edses viven bajo mayor vigilancia y los rige una autoridad que s\u00ed hace cumplir las leyes, en los pa\u00edses tercermundistas, en cambio, tienen v\u00eda libre para hacer todo lo que quieran sin gastar mucho dinero y sin afrontar las consecuencias. La gente no se comporta bien o mal, la gente est\u00e1 bien o mal vigilada\u201d.<\/p>\n<p><a href=\"https:\/\/elasombrario.publico.es\/category\/el-asombrario-recicla\/\" rel=\"nofollow noopener\" target=\"_blank\"> <img decoding=\"async\" src=\"https:\/\/www.europesays.com\/es\/wp-content\/uploads\/2025\/08\/1754284712_399_Banner-animado_Ecovidrio_El-Asombrario_23_300x300.gif\"\/><\/a><\/p>\n<p>\u201cHacia las nueve de la noche termin\u00e9 de limpiar, hice cuentas y me sorprend\u00ed de mi haza\u00f1a. Llevaba once horas arrodillada frente a un drag\u00f3n viejo, ni ante Dios me hab\u00eda postrado tanto tiempo seguido\u201d.<\/p>\n<p>Klinkert habla de la violencia, de la precariedad, del abuso, de la xenofobia, de las malas artes que escupen los supuestos pa\u00edses desarrollados. Y hace de El cielo est\u00e1 vac\u00edo una novela pol\u00edtica profunda y necesaria. Hay confesiones de la protagonista que provocan escalofr\u00edos. Klinkert abunda en la violencia piramidal que golpea el mundo. Y lo hace sin recurrir a la provocaci\u00f3n, pero tambi\u00e9n sin olvidar la necesidad de la denuncia, del canto extremo que para ser eficaz ella reclama. Su discurso es un r\u00edo de agua limpia que cae sobre los pies heridos de los desheredados como la m\u00e1s hermosa y po\u00e9tica de las advertencias.\u00a0<\/p>\n<p>\u201cEse es tan solo otro de los problemas de los citadinos en los pa\u00edses desarrollados: se preocupan m\u00e1s por la emisi\u00f3n de di\u00f3xido de carbono de las plantas de interior que por los combustibles f\u00f3siles\u201d.<\/p>\n<p>El amor por la naturaleza de la protagonista es tan ejemplar que no busca ser ejemplarizante. Es tan vivificante y regenerador, que late y late hasta convertirse en el personaje m\u00e1s importante de esta novela. Es impresionante c\u00f3mo escenifica Klinkert la redenci\u00f3n ante el abuso continuado del que es objeto.<\/p>\n<p>\u201cComprendo que hasta la naturaleza puede ser domesticada, la sola idea me sacude por dentro\u201d.<\/p>\n<p>Klinkert arma una batalla equitativa en la que convoca a todas las mujeres del mundo para hacer de la autobiograf\u00eda una reinvenci\u00f3n auspiciada por los vicios y la fragilidad humana. Y aniquila de manera magistral la virtud y su monstruosa omnipotencia contra la individualidad de la mujer.<\/p>\n<p>\u201cLa imagen del beb\u00e9 acude cada noche y se me roba el sue\u00f1o. Es m\u00e1s real que un bebe real. Amanezco con los ojos llenos de caminitos rojos que van a todas partes y a ninguna\u201d.<\/p>\n<p>Jaramillo usa las met\u00e1foras con la fuerza arrolladora de quien sabe sustituir la verdad por una sustanciosa dependencia de la fantas\u00eda y de lo fantasmag\u00f3rico. De esta forma consigue que sus verdades mantengan la frescura, que no sean especies invasoras, sino actuaciones humanistas llenas de relevancia. Klinkert posee una racionalidad interceptada por lo on\u00edrico.<\/p>\n<p>Los giros fant\u00e1sticos de esta narraci\u00f3n son piruetas extremas que hacen comprender la magnitud de la novela y de lo contado. Una novela atravesada de principio a fin por la tragedia del padre muerto, pero con una entereza que dispara la imaginaci\u00f3n de quien la sufre.\u00a0<\/p>\n<p>El cielo est\u00e1 vac\u00edo es un claro homenaje a Silvia Plath, en el que ambas autoras lloran al padre y reciben al hacerlo un futuro lleno de calles cortadas.\u00a0<\/p>\n<p>\u201cLloro porque, sin padre y sin dios, el cielo est\u00e1 vac\u00edo\u201d.<\/p>\n<p>La \u00faltima novela de Klinkert es una novela ultra sensorial. Todo lo narrado se siente como propio. Te sumerge en una realidad cuya vocaci\u00f3n es jugar con la carne de quien lee.<\/p>\n<p>\u201cA\u00fan est\u00e1 oscuro cuando salgo a la calle, recibo el fr\u00edo como un castigo que merezco.\u201d<\/p>\n<p>El cielo est\u00e1 vac\u00edo certifica la fuerza que poseen la imaginaci\u00f3n y la justicia de su autora, siempre comprometida con la gran literatura.<\/p>\n<p>En El cielo est\u00e1 vac\u00edo, Klinkert es otra y es la misma. Es la maestra de ceremonias que ofrece lo ancestral como b\u00e1lsamo, como un juego libertario.\u00a0<\/p>\n<p>El cielo est\u00e1 vac\u00edo sorprende por su carnalidad y por la densidad del deseo derramado, mucho menos velado que en trabajos anteriores. En esta novela la fuerza de lo humano es descomunal.\u00a0<\/p>\n<p>Todas las p\u00e1ginas de esta novela miran a la violencia como pocas veces se ha mirado en la literatura. Sin miedo, sin prudencia, de esa forma en que la p\u00f3lvora se encara con quien est\u00e1 dispuesto a prender la mecha para devorarla y, sin embargo, no implora a Dios para que levante el viento y deshaga su naturaleza.<\/p>\n<p>Klinkert ha escrito una novela insolente y desacomplejada, una oda ardiente al origen.\u00a0<\/p>\n<p>Pens\u00e9 que despu\u00e9s de tres novelas Sara Jaramillo Klinkert no podr\u00eda volver a sorprenderme, a desarmarme; por fortuna, me equivoqu\u00e9 y ha limpiado mi memoria de historias pasadas y ahora es El cielo est\u00e1 vac\u00edo quien posee su patria potestad.<\/p>\n<p><b>\u2018El cielo est\u00e1 vac\u00edo\u2019. Sara Jaramillo Klinkert. Lumen. 311 p\u00e1ginas.<\/b><\/p>\n<p><strong>La autora presenta su novela hoy, 6 de septiembre, en la librer\u00eda Alberti de Madrid. A las 13.00 h junto a In\u00e9s Mart\u00edn Rodrigo.<\/strong><\/p>\n<p>\n\tRelacionado\n<\/p>\n<p class=\"entry__author-title\">Sobre el autor<\/p>\n<p>\t\t\t\t\t\t\t\t<a href=\"https:\/\/elasombrario.publico.es\/author\/soniafides\/\" rel=\"nofollow noopener\" target=\"_blank\"><br \/>\n\t\t\t\t\t\t\t\t\t<img loading=\"lazy\" alt=\"\" src=\"https:\/\/www.europesays.com\/es\/wp-content\/uploads\/2025\/09\/sonia-fides_avatar-96x96.jpg\"  class=\"avatar avatar-96 photo\" height=\"96\" width=\"96\" decoding=\"async\"\/>\t\t\t\t\t\t\t\t<\/a><\/p>\n<p><a href=\"https:\/\/elasombrario.publico.es\/author\/soniafides\/\" rel=\"nofollow noopener\" target=\"_blank\"><strong>Sonia Fides<\/strong><\/a><\/p>\n<p>Con &#8216;Mirar y ser mirada&#8217;, obtuvo el X Premio Nacional de Poes\u00eda Nicol\u00e1s del Hierro. Fue finalista en el Premio Internacional Ciudad de Melilla. El a\u00f1o 2011 le trajo dos antolog\u00edas de relatos: &#8216;Viscerales&#8217;, en Ediciones del Viento y &#8216;Narrando a contracorriente&#8217;, en Ediciones Escalera. Colabora como cr\u00edtica literaria en el suplemento Artes &amp; letras del Heraldo de Arag\u00f3n. Ha publicado su primera novela &#8216;La inequ\u00edvoca fragilidad de los mosquitos&#8217; en Libros.com.<\/p>\n<p>\t\t\t\t\t\t\t\t<a href=\"https:\/\/elasombrario.publico.es\/author\/soniafides\/\" rel=\"nofollow noopener\" target=\"_blank\">\u00bfQuieres leer m\u00e1s art\u00edculos de este autor?<\/a><\/p>\n","protected":false},"excerpt":{"rendered":"Hay un latido en las novelas de Sara Jaramillo Klinkert (Medell\u00edn, 1979) \u00fanico. Un trasiego entre fantas\u00eda y&hellip;\n","protected":false},"author":2,"featured_media":96697,"comment_status":"","ping_status":"","sticky":false,"template":"","format":"standard","meta":{"footnotes":""},"categories":[172],"tags":[224,34669,146,147,25,24,225,1645,34670,23],"class_list":{"0":"post-96696","1":"post","2":"type-post","3":"status-publish","4":"format-standard","5":"has-post-thumbnail","7":"category-libros","8":"tag-books","9":"tag-el-cielo-esta-vacio","10":"tag-entertainment","11":"tag-entretenimiento","12":"tag-es","13":"tag-espana","14":"tag-libros","15":"tag-novela","16":"tag-sara-jaramillo","17":"tag-spain"},"share_on_mastodon":{"url":"","error":""},"_links":{"self":[{"href":"https:\/\/www.europesays.com\/es\/wp-json\/wp\/v2\/posts\/96696","targetHints":{"allow":["GET"]}}],"collection":[{"href":"https:\/\/www.europesays.com\/es\/wp-json\/wp\/v2\/posts"}],"about":[{"href":"https:\/\/www.europesays.com\/es\/wp-json\/wp\/v2\/types\/post"}],"author":[{"embeddable":true,"href":"https:\/\/www.europesays.com\/es\/wp-json\/wp\/v2\/users\/2"}],"replies":[{"embeddable":true,"href":"https:\/\/www.europesays.com\/es\/wp-json\/wp\/v2\/comments?post=96696"}],"version-history":[{"count":0,"href":"https:\/\/www.europesays.com\/es\/wp-json\/wp\/v2\/posts\/96696\/revisions"}],"wp:featuredmedia":[{"embeddable":true,"href":"https:\/\/www.europesays.com\/es\/wp-json\/wp\/v2\/media\/96697"}],"wp:attachment":[{"href":"https:\/\/www.europesays.com\/es\/wp-json\/wp\/v2\/media?parent=96696"}],"wp:term":[{"taxonomy":"category","embeddable":true,"href":"https:\/\/www.europesays.com\/es\/wp-json\/wp\/v2\/categories?post=96696"},{"taxonomy":"post_tag","embeddable":true,"href":"https:\/\/www.europesays.com\/es\/wp-json\/wp\/v2\/tags?post=96696"}],"curies":[{"name":"wp","href":"https:\/\/api.w.org\/{rel}","templated":true}]}}