{"id":96710,"date":"2025-09-06T05:35:03","date_gmt":"2025-09-06T05:35:03","guid":{"rendered":"https:\/\/www.europesays.com\/es\/96710\/"},"modified":"2025-09-06T05:35:03","modified_gmt":"2025-09-06T05:35:03","slug":"las-incognitas-sobre-la-salud-de-mohamed-vi-condicionan-la-vida-politica-en-marruecos-internacional","status":"publish","type":"post","link":"https:\/\/www.europesays.com\/es\/96710\/","title":{"rendered":"Las inc\u00f3gnitas sobre la salud de Mohamed VI condicionan la vida pol\u00edtica en Marruecos | Internacional"},"content":{"rendered":"<p class=\"\">Una inusual campa\u00f1a de la prensa marroqu\u00ed de encendida indignaci\u00f3n, tras la publicaci\u00f3n en el <a href=\"https:\/\/www.lemonde.fr\/l-enigme-mohammed-vi\/\" target=\"_self\" rel=\"nofollow noopener\" title=\"https:\/\/www.lemonde.fr\/l-enigme-mohammed-vi\/\">diario franc\u00e9s Le Monde<\/a> de una serie de art\u00edculos sobre el estado de salud de Mohamed VI y la monarqu\u00eda alau\u00ed, ha agitado la calma veraniega de Rabat. Tras el tradicional discurso televisado de la <a href=\"https:\/\/elpais.com\/internacional\/2025-07-29\/mohamed-vi-indulta-a-cerca-de-20000-condenados-en-su-26-aniversario-en-el-trono.html\" target=\"_self\" rel=\"nofollow noopener\" title=\"https:\/\/elpais.com\/internacional\/2025-07-29\/mohamed-vi-indulta-a-cerca-de-20000-condenados-en-su-26-aniversario-en-el-trono.html\">Fiesta del Trono<\/a> en julio, el rey prosigui\u00f3 su estancia estival en la costa de Tetu\u00e1n, iniciada al t\u00e9rmino de la primavera. All\u00ed presidi\u00f3 en p\u00fablico una extra\u00f1a <a href=\"https:\/\/elpais.com\/internacional\/2025-06-07\/marruecos-vive-una-fiesta-del-cordero-sin-cordero-por-primera-vez-en-tres-decadas.html\" target=\"_self\" rel=\"nofollow noopener\" title=\"https:\/\/elpais.com\/internacional\/2025-06-07\/marruecos-vive-una-fiesta-del-cordero-sin-cordero-por-primera-vez-en-tres-decadas.html\">Fiesta del Cordero sin sacrificio de corderos,<\/a> suspendido este a\u00f1o a causa de la sequ\u00eda, y degoll\u00f3, sentado en una banqueta, un carnero en nombre de todos los cabezas de familia masculinos.<\/p>\n<p class=\"\">Aunque un v\u00eddeo difundido en las redes sociales pareci\u00f3 mostrarle en ba\u00f1ador a bordo de una moto acu\u00e1tica en su lugar de veraneo, el monarca no ha vuelto a comparecer formalmente en p\u00fablico hasta la noche del jueves, cuando presidi\u00f3 en la hist\u00f3rica mezquita Hassan de Rabat la <a href=\"https:\/\/www.youtube.com\/watch?v=VyDhIpspovs\" target=\"_self\" rel=\"nofollow noopener\" title=\"https:\/\/www.youtube.com\/watch?v=VyDhIpspovs\">ceremonia del aniversario del natalicio del profeta Mahoma <\/a>que se conmemoraba este viernes.<\/p>\n<p class=\"\">La Asociaci\u00f3n Nacional de Medios y Editores ha clamado al cielo contra la publicaci\u00f3n en Le Monde de \u201cunos art\u00edculos al servicio de una agenda abiertamente hostil a la instituci\u00f3n mon\u00e1rquica, base de la naci\u00f3n marroqu\u00ed\u201d. Entre otras cuestiones, el diario franc\u00e9s ha descrito una \u201catm\u00f3sfera de fin de reinado\u201d, en medio del aparente declive f\u00edsico del soberano, que acaba de cumplir 62 a\u00f1os, y de supuestas <a href=\"https:\/\/elpais.com\/internacional\/2025-07-26\/la-pugna-por-el-poder-hace-aflorar-acusaciones-de-corrupcion-en-el-gobierno-de-marruecos.html\" target=\"_self\" rel=\"nofollow noopener\" title=\"https:\/\/elpais.com\/internacional\/2025-07-26\/la-pugna-por-el-poder-hace-aflorar-acusaciones-de-corrupcion-en-el-gobierno-de-marruecos.html\">pugnas internas dentro del aparato de poder <\/a>ante un eventual proceso de sucesi\u00f3n.<\/p>\n<p class=\"\">Tras indultar a cerca de 700 condenados en la Fiesta del Profeta, y algo menos \u00e1gil que en abril, en la puesta en marcha de las obras de una nueva l\u00ednea ferroviaria de alta velocidad, <a href=\"https:\/\/www.youtube.com\/watch?v=VyDhIpspovs\" target=\"_self\" rel=\"nofollow noopener\" title=\"https:\/\/www.youtube.com\/watch?v=VyDhIpspovs\">el rey ha reaparecido en la escena p\u00fablica <\/a>con aparente normalidad. Desde el coche oficial, Mohamed VI lleg\u00f3 por su propio pie a la ceremonia del jueves flanqueado por su hijo, el pr\u00edncipe heredero Mulay Has\u00e1n, y su hermano, Mulay Rachid, segundo en la l\u00ednea din\u00e1stica. <\/p>\n<p class=\"\">Fue saludado por decenas de dignatarios civiles, militares y religiosos en un continuo besamanos. Atendi\u00f3 al rezo entre salmodias isl\u00e1micas, y sigui\u00f3 el discurso anual del ministro de Asuntos Religiosos antes de entregar los galardones del a\u00f1o al almu\u00e9dano que mejor entona la llamada a la oraci\u00f3n o al campe\u00f3n de recitadores memor\u00edsticos del Cor\u00e1n. Como <a href=\"https:\/\/elpais.com\/internacional\/2023-09-17\/mohamed-vi-un-rey-silencioso-con-plenos-poderes.html\" target=\"_self\" rel=\"nofollow noopener\" title=\"https:\/\/elpais.com\/internacional\/2023-09-17\/mohamed-vi-un-rey-silencioso-con-plenos-poderes.html\">Comendador de los Creyentes<\/a> de su pueblo, el rey de Marruecos se ve reforzado con el aura de l\u00edder religioso en el trono de una monarqu\u00eda con poderes ejecutivos. <\/p>\n<p class=\"\">Desde los medios estatales m\u00e1s encuadrados por la Administraci\u00f3n hasta las publicaciones privadas que intentan explorar mayores m\u00e1rgenes de independencia informativa, la narrativa del desagravio se ha expresado con una rara unanimidad en apoyo al rey. Con excepciones aisladas.<\/p>\n<p class=\"\">\u201cMientras no hayamos reconstruido una prensa digna del tal nombre, editorial y econ\u00f3micamente, mientras los responsables [p\u00fablicos] reh\u00fayan todo debate y se prefiera el confort del silencio a la incomodidad de la transparencia, seguiremos siendo rehenes de las miradas ajenas\u201d, argumentaba Yas\u00edn Majdi, director del <a href=\"https:\/\/telquel.ma\/sommaire\/medias-quand-le-monde-parle-a-notre-place-et-se-trompe\" target=\"_self\" rel=\"nofollow noopener\" title=\"https:\/\/telquel.ma\/sommaire\/medias-quand-le-monde-parle-a-notre-place-et-se-trompe\">semanario Tel Quel,<\/a> en su art\u00edculo editorial de este viernes.<\/p>\n<p><img alt=\"Captura de v\u00eddeo del discurso de Mohammed VI del 29 de julio, con motivo de la Fiesta del Trono. Los pr\u00edncipes Mulay Has\u00e1n (izquierda) y Mulay Rachid ayudan al rey a sentarse.\" decoding=\"auto\" class=\"_re lazyload a_m-h\" height=\"212\"  width=\"414\"  src=\"https:\/\/www.europesays.com\/es\/wp-content\/uploads\/2025\/09\/GKUYKEVUOJD4RMO6B6UD3FJNUA.jpg\" loading=\"lazy\"\/>Captura de v\u00eddeo del discurso de Mohammed VI del 29 de julio, con motivo de la Fiesta del Trono. Los pr\u00edncipes Mulay Has\u00e1n (izquierda) y Mulay Rachid ayudan al rey a sentarse.Al Aoula TV<\/p>\n<p class=\"\">El <a href=\"https:\/\/elpais.com\/internacional\/2025-04-29\/mohamed-vi-retoma-la-actividad-de-gobierno-en-publico-tras-una-larga-ausencia.html\" target=\"_self\" rel=\"nofollow noopener\" title=\"https:\/\/elpais.com\/internacional\/2025-04-29\/mohamed-vi-retoma-la-actividad-de-gobierno-en-publico-tras-una-larga-ausencia.html\">banderazo dado por el rey<\/a> a finales de abril en la estaci\u00f3n de Agdal de Rabat para poner en marcha las obras de ampliaci\u00f3n de alta velocidad ferroviaria marc\u00f3 el retorno de Mohamed VI a la actividad de gobierno en p\u00fablico tras un largo periodo de ausencias de la vida oficial. La pausa de las largas vacaciones veraniegas parece haber frenado la marcha de la locomotora real en un pa\u00eds donde la figura del soberano es la clave que culmina la b\u00f3veda de poder.<\/p>\n<p class=\"\">El monarca de la dinast\u00eda alau\u00ed sufri\u00f3 un accidente el pasado diciembre que le ocasion\u00f3 una <a href=\"https:\/\/elpais.com\/internacional\/2024-12-08\/mohamed-vi-es-operado-tras-sufrir-una-fractura-en-un-hombro-mientras-practicaba-deporte.html\" target=\"_self\" rel=\"nofollow noopener\" title=\"https:\/\/elpais.com\/internacional\/2024-12-08\/mohamed-vi-es-operado-tras-sufrir-una-fractura-en-un-hombro-mientras-practicaba-deporte.html\">fractura de h\u00famero,<\/a> con inmovilizaci\u00f3n del hombro y el brazo izquierdo durante cerca de dos meses, y le mantuvo apartado de los actos con presencia multitudinaria.<\/p>\n<p class=\"\">A pie de escalerilla en el aeropuerto de Rabat, aunque apoyado en un bast\u00f3n, hab\u00eda recibido en octubre con gran boato la visita de Emmanuel Macron. Al margen de al presidente franc\u00e9s, el a\u00f1o pasado solo dio audiencia a otro mandatario occidental: el espa\u00f1ol <a href=\"https:\/\/elpais.com\/espana\/2024-02-21\/marruecos-asegura-a-sanchez-que-abrira-pronto-las-aduanas-de-ceuta-y-melilla-pero-sin-fijar-una-fecha.html\" target=\"_self\" rel=\"nofollow noopener\" title=\"https:\/\/elpais.com\/espana\/2024-02-21\/marruecos-asegura-a-sanchez-que-abrira-pronto-las-aduanas-de-ceuta-y-melilla-pero-sin-fijar-una-fecha.html\">Pedro S\u00e1nchez,<\/a> en febrero, tras haberle dado plant\u00f3n en Rabat 12 meses antes.<\/p>\n<p class=\"\">El soberano se deja ver en escasas ocasiones en actos multitudinarios. En im\u00e1genes distribuidas pocos d\u00edas antes de la visita de Macron, tras la toma de posesi\u00f3n de nuevos ministros, el rey presentaba s\u00edntomas aparentes de deterioro f\u00edsico, con el cuerpo y la cabeza ladeados hacia su izquierda. Su foto junto al Gabinete en pleno represent\u00f3 entonces un gesto de continuidad al tim\u00f3n del poder ejecutivo. En los \u00faltimos dos a\u00f1os, Mohamed VI se ha mostrado visiblemente m\u00e1s delgado <a href=\"https:\/\/elpais.com\/noticias\/mohamed-vi-de-marruecos\/\" target=\"_self\" rel=\"nofollow noopener\" title=\"https:\/\/elpais.com\/noticias\/mohamed-vi-de-marruecos\/\">tras una d\u00e9cada de perfil marcadamente obeso.<\/a> En 2018 y 2020 se someti\u00f3 a sendas intervenciones de cirug\u00eda card\u00edaca.<\/p>\n<p>Amenaza de ciberseguridad<\/p>\n<p class=\"\">Para marcar el inicio del curso pol\u00edtico, el soberano design\u00f3 el lunes al <a href=\"https:\/\/fr.hespress.com\/439457-cybersecurite-le-roi-mohammed-vi-nomme-un-nouveau-directeur-general-a-la-dgssi.html\" target=\"_self\" rel=\"nofollow noopener\" title=\"https:\/\/fr.hespress.com\/439457-cybersecurite-le-roi-mohammed-vi-nomme-un-nouveau-directeur-general-a-la-dgssi.html\">general de divisi\u00f3n Abdel\u00e1 Butrik <\/a>al frente de la Direcci\u00f3n General de Seguridad de los Sistemas de Informaci\u00f3n. Bajo control de las Fuerzas Armadas, el nuevo jefe de la ciberseguridad marroqu\u00ed tiene como misi\u00f3n resta\u00f1ar las brechas abiertas en los bancos de datos oficiales por una reciente <a href=\"https:\/\/elpais.com\/internacional\/2025-06-12\/guerra-de-hackers-en-el-magreb-con-millones-de-datos-robados-entre-marruecos-y-argelia.html\" target=\"_self\" rel=\"nofollow noopener\" title=\"https:\/\/elpais.com\/internacional\/2025-06-12\/guerra-de-hackers-en-el-magreb-con-millones-de-datos-robados-entre-marruecos-y-argelia.html\">ola de ataques masivos de piratas inform\u00e1ticos.<\/a><\/p>\n<p class=\"\">Despu\u00e9s de airear en las redes sociales en junio miles de datos confidenciales de la Administraci\u00f3n, un grupo de piratas inform\u00e1ticos denominado Jabaroot, de supuesto origen argelino, difundi\u00f3 el mes pasado los registros de negocios inmobiliarios del <a href=\"https:\/\/elpais.com\/internacional\/2025-07-26\/la-pugna-por-el-poder-hace-aflorar-acusaciones-de-corrupcion-en-el-gobierno-de-marruecos.html\" target=\"_self\" rel=\"nofollow noopener\" title=\"https:\/\/elpais.com\/internacional\/2025-07-26\/la-pugna-por-el-poder-hace-aflorar-acusaciones-de-corrupcion-en-el-gobierno-de-marruecos.html\">ministro de Justicia, Abdelatif Uahbi,<\/a> y de la alcaldesa de Marrakech y ministra de Urbanismo, F\u00e1tima Mansuri. Ambos ha sido se\u00f1alados por los hackers, que han difundido en las redes escrituras notariales de sus propiedades. La plataforma Jabaroot tambi\u00e9n ha amenazado con publicar filtraciones sobre los tent\u00e1culos de los servicios de inteligencia.<\/p>\n<p class=\"\">Incluso el l\u00edder islamista, el ex primer ministro <a href=\"https:\/\/elpais.com\/noticias\/abdelilah-benkirane\/\" target=\"_self\" rel=\"nofollow noopener\" title=\"https:\/\/elpais.com\/noticias\/abdelilah-benkirane\/\">Abdelil\u00e1 Benkir\u00e1n,<\/a> ha arremetido contra Le Monde y contra los piratas digitales de Jabaroot, sum\u00e1ndose as\u00ed a la cruzada nacional frente a la injerencia extranjera \u201ccontra una monarqu\u00eda que rige Marruecos desde hace 12 siglos\u201d. Los cr\u00edticos m\u00e1s moderados del espectro pol\u00edtico se limitan a cuestionar por ahora la deriva \u201corientalista y poscolonial\u201d con la que algunos observadores externos analizan la compleja realidad de pa\u00eds magreb\u00ed. <\/p>\n<p class=\"\">Mohamed VI ha mantenido la tradici\u00f3n de dejarse ver en las grandes celebraciones isl\u00e1micas en su condici\u00f3n de Comendador de los Creyentes, y tambi\u00e9n se muestra puntualmente en julio en la Fiesta del Trono, que ocupa desde hace 26 a\u00f1os; en la inauguraci\u00f3n anual de las sesiones del Parlamento, en octubre, y en la conmemoraci\u00f3n en noviembre de la Marcha Verde marroqu\u00ed sobre el S\u00e1hara Occidental de 1975, entonces bajo administraci\u00f3n colonial espa\u00f1ola.<\/p>\n<p class=\"\">El soberano limit\u00f3 por razones de salud su presencia en los numerosos actos de beneficencia, sesiones teol\u00f3gicas o rezos isl\u00e1micos de Ramad\u00e1n (en marzo pasado). Al principio, <a href=\"https:\/\/elpais.com\/noticias\/mohamed-vi-de-marruecos\/\" target=\"_self\" rel=\"nofollow noopener\" title=\"https:\/\/elpais.com\/noticias\/mohamed-vi-de-marruecos\/\">sus hijos Mulay Has\u00e1n y Lala Jadiya <\/a>ocuparon su lugar para representarle en la tradicional entrega de ayuda a las familias m\u00e1s desfavorecidas al inicio del mes sagrado musulm\u00e1n. Pero el monarca pudo retomar sus actividades posteriormente.<\/p>\n<p class=\"\">El debate sobre la presencia de Mohamed VI se reaviv\u00f3 en el pa\u00eds magreb\u00ed despu\u00e9s de que pasara m\u00e1s de seis meses en el extranjero en 2022 (en Gab\u00f3n, las islas Seychelles y Francia) y otros tres meses en los mismos pa\u00edses al a\u00f1o siguiente. En la madrugada del 8 de septiembre de 2023, el monarca disfrutaba de una estancia privada en su residencia privada de Par\u00eds cuando el fuerte <a href=\"https:\/\/elpais.com\/noticias\/terremoto-marruecos-2023\/\" target=\"_self\" rel=\"nofollow noopener\" title=\"https:\/\/elpais.com\/noticias\/terremoto-marruecos-2023\/\">terremoto que sacudi\u00f3 la regi\u00f3n del Atlas <\/a>caus\u00f3 cerca de 3.000 muertos y da\u00f1\u00f3 m\u00e1s de 60.000 viviendas. Su ausencia contribuy\u00f3 a generar un retraso inicial en la toma de decisiones frente a la cat\u00e1strofe hasta su retorno a Rabat, ya en la tarde del d\u00eda siguiente.<\/p>\n","protected":false},"excerpt":{"rendered":"Una inusual campa\u00f1a de la prensa marroqu\u00ed de encendida indignaci\u00f3n, tras la publicaci\u00f3n en el diario franc\u00e9s Le&hellip;\n","protected":false},"author":2,"featured_media":96711,"comment_status":"","ping_status":"","sticky":false,"template":"","format":"standard","meta":{"footnotes":""},"categories":[42],"tags":[5404,17,18,34674,1293,13,14,34675,11,61,62,63,64,19,20,4485,34673,6041,9,10,15,16,1620,166,12,21,22,65,66,67],"class_list":{"0":"post-96710","1":"post","2":"type-post","3":"status-publish","4":"format-standard","5":"has-post-thumbnail","7":"category-internacional","8":"tag-africa","9":"tag-breaking-news","10":"tag-breakingnews","11":"tag-ciberactivismo","12":"tag-enfermedades","13":"tag-featured-news","14":"tag-featurednews","15":"tag-filtracion-documentos","16":"tag-headlines","17":"tag-internacional","18":"tag-international","19":"tag-international-news","20":"tag-internationalnews","21":"tag-latest-news","22":"tag-latestnews","23":"tag-marruecos","24":"tag-mohamed-vi-de-marruecos","25":"tag-monarquia","26":"tag-news","27":"tag-noticias","28":"tag-noticias-destacadas","29":"tag-noticiasdestacadas","30":"tag-relaciones-internacionales","31":"tag-salud","32":"tag-titulares","33":"tag-ultimas-noticias","34":"tag-ultimasnoticias","35":"tag-world","36":"tag-world-news","37":"tag-worldnews"},"share_on_mastodon":{"url":"","error":""},"_links":{"self":[{"href":"https:\/\/www.europesays.com\/es\/wp-json\/wp\/v2\/posts\/96710","targetHints":{"allow":["GET"]}}],"collection":[{"href":"https:\/\/www.europesays.com\/es\/wp-json\/wp\/v2\/posts"}],"about":[{"href":"https:\/\/www.europesays.com\/es\/wp-json\/wp\/v2\/types\/post"}],"author":[{"embeddable":true,"href":"https:\/\/www.europesays.com\/es\/wp-json\/wp\/v2\/users\/2"}],"replies":[{"embeddable":true,"href":"https:\/\/www.europesays.com\/es\/wp-json\/wp\/v2\/comments?post=96710"}],"version-history":[{"count":0,"href":"https:\/\/www.europesays.com\/es\/wp-json\/wp\/v2\/posts\/96710\/revisions"}],"wp:featuredmedia":[{"embeddable":true,"href":"https:\/\/www.europesays.com\/es\/wp-json\/wp\/v2\/media\/96711"}],"wp:attachment":[{"href":"https:\/\/www.europesays.com\/es\/wp-json\/wp\/v2\/media?parent=96710"}],"wp:term":[{"taxonomy":"category","embeddable":true,"href":"https:\/\/www.europesays.com\/es\/wp-json\/wp\/v2\/categories?post=96710"},{"taxonomy":"post_tag","embeddable":true,"href":"https:\/\/www.europesays.com\/es\/wp-json\/wp\/v2\/tags?post=96710"}],"curies":[{"name":"wp","href":"https:\/\/api.w.org\/{rel}","templated":true}]}}