{"id":96721,"date":"2025-09-06T05:43:07","date_gmt":"2025-09-06T05:43:07","guid":{"rendered":"https:\/\/www.europesays.com\/es\/96721\/"},"modified":"2025-09-06T05:43:07","modified_gmt":"2025-09-06T05:43:07","slug":"etapa-14-de-la-vuelta-a-espana-aviles-la-farrapona-1359-km-ciclismo","status":"publish","type":"post","link":"https:\/\/www.europesays.com\/es\/96721\/","title":{"rendered":"Etapa 14 de la Vuelta a Espa\u00f1a, Avil\u00e9s &#8211; La Farrapona \/ 135,9 km &#8211; Ciclismo"},"content":{"rendered":"<ol>\n<li><a href=\"https:\/\/news.google.com\/rss\/articles\/CBMiakFVX3lxTE9zM1FfU2dDYUZxOTRuVEYwdkZSbTZHUlhzZWNLSWJmRVd3MG5hUFFPZmVSS250MVFqTGMzXzlNQ0U1NEVxMExwU3ZaS2F6enFfTlVTYXhEcTFXVkFFR3F4SG1sV0MtM1l3c2c?oc=5\" target=\"_blank\" rel=\"nofollow noopener\">Etapa 14 de la Vuelta a Espa\u00f1a, Avil\u00e9s &#8211; La Farrapona \/ 135,9 km<\/a>&nbsp;&nbsp;Ciclismo<\/li>\n<li><a href=\"https:\/\/news.google.com\/rss\/articles\/CBMipgFBVV95cUxNNVJwbFJBeHRfWjBhd3pGREVwRVhlRVR4YjFlM3ZpaDVjVnBoa3c2Q2M0ekd1MjVqd0dWM2hlOUdiN2FDbEFyVF9LSno4TmY0TWVvYVBlckJJVGYzWDNwUlhsQ3N1VlBxMEIwbUZPRVlKTXRIUVZHa1NDeGJhTmRhTzlYQmdwQ2hJREdTazhnVllCaXB3bjk2MXFkUnlMaGVpNU5rNFdR?oc=5\" target=\"_blank\" rel=\"nofollow noopener\">Avil\u00e9s acoge este s\u00e1bado la salida de la 14\u00aa etapa de La Vuelta 2025<\/a>&nbsp;&nbsp;Ayuntamiento de Avil\u00e9s<\/li>\n<li><a href=\"https:\/\/news.google.com\/rss\/articles\/CBMimAFBVV95cUxNTkJaR2d6MWctcjRFQzh1SWNlMWlpdkp3WDg5aHJXeWJYNXBFR1hTU18zVXVYMk9sVldSenIxV3RxUmZhbWZzOHcxbHJPcExoTF96U1ZwWHhrcUNyVV9MY29MUXVyS2VUUlIzcTBHZnRsVGtfZ2dWWGlxSWpDN01HeU9HZndkT2Iyc2RHaHozWnlwNDFWNDJvWg?oc=5\" target=\"_blank\" rel=\"nofollow noopener\">Vuelta a Espa\u00f1a 2025 hoy, etapa 14: perfil y recorrido<\/a>&nbsp;&nbsp;Diario AS<\/li>\n<li><a href=\"https:\/\/news.google.com\/rss\/articles\/CBMi4gFBVV95cUxOa2VDajJyZ3lIdEROM1EyRFR0eE1nSERiel8xNXVMNXJFZ180M25kZWxEeDdhc0FCUklBd1ZEempHV2kzcUxodmtSOFdKMlZ3Rmp4VUs3d2pBYTlZdFJjUXo2c3JLNGQyVkVlWTJ5RHI3X045RjdyTWNJM21EVEljcHdYNWVhVGQzTVhyd1VOWmg5OVVxUEozQXB6bTcxSTFua1JfbVNucTExY2pRdmpOUVMyblY3akhtS2VNT2JPT25TSUo1Z0tDZC1mU1JmN3dVYUNDcXpLRzdCY2l0QXpaN1hn0gH2AUFVX3lxTE9VaTVRSmxuSzlKNldRQXJac1Zzb1hGUjI1eWlIN1FqVDRraWNsVjczU3VBRlJKVGxuWmFSR1U3TGd5bDNVT1RMcWhocExRTkJuQ29KbVF1MVJUdFUyaDlSYkRFeTZ0M2NMR0JMX0t3QUZKYjJKM29fakZOYUE5QVdjeDc1WG5sd3dzYmNQb3I4SUgwd1lfRG11ZktscTVid3VsVDdGMmhxd1IzSHBzb3ppd05jOUhFM2NGd2w1LXE4QzNBdFFWLTd1UW1qMjdEc1RpZkxzT1Nfanl5WXVYT3lVU05QQnF5ODVIbjlxek9yZWxCWUs5QQ?oc=5\" target=\"_blank\" rel=\"nofollow noopener\">\u00bfC\u00f3mo son las etapas asturianas de La Vuelta? Nos las detalla el oro ol\u00edmpico Samuel S\u00e1nchez<\/a>&nbsp;&nbsp;Cadena SER<\/li>\n<li><a href=\"https:\/\/news.google.com\/rss\/articles\/CBMisgFBVV95cUxQN3FoOTRTSFV6LTltSmVzeFkyZlpzWnVmSU5FQVFRdmtvTjMtM21uSktGTnVMMEx3eml5Q0JRTng5aFBZaURHYlQ0dDRZME1CWHIzLWFZQnhhOHNMNE53RVRPbm40cnVSc2J4cWxNaHdSa0hNYW9DR1BGaVR1RDE1WW5kY2xmRGtYeWZ5Tm1QLXRQbDlMTnItS0l1MTBqaHJaTjQwTWs3MnZkODZxZUs2QVNB0gGyAUFVX3lxTFA2QWpvRmtSVnBxb3RkTWJqSGI5dG9nZmlVNzEwVmxvaGNabU5RQ1lJS214Z3RqVXRuQVhOT0xLUUc5Sml0OWJKWHEzTUZIcXJHZkxEWTZVVERtcFhKUUlnRGhxeDIwVzc3RmlUd05oUEg5SzN0Vkd2dWU3T0tWajdBTzlsSnpiOE9yeG5vd2ZyaXlKaVA5OV94MVZFaEVxTFZsdUxyOWV3dW1lNEdVdVpDTlE?oc=5\" target=\"_blank\" rel=\"nofollow noopener\">Perfil, recorrido, hora y d\u00f3nde ver la Etapa 14 de la Vuelta a Espa\u00f1a entre Avil\u00e9s y La Farrapona<\/a>&nbsp;&nbsp;RTVE.es<\/li>\n<\/ol>\n","protected":false},"excerpt":{"rendered":"Etapa 14 de la Vuelta a Espa\u00f1a, Avil\u00e9s &#8211; La Farrapona \/ 135,9 km&nbsp;&nbsp;Ciclismo Avil\u00e9s acoge este s\u00e1bado&hellip;\n","protected":false},"author":2,"featured_media":96722,"comment_status":"","ping_status":"","sticky":false,"template":"","format":"standard","meta":{"footnotes":""},"categories":[273],"tags":[11803,1399,5593,3196,13849,313,12554,4835,4708,312,34678,168,11802,34679,1376,2197,25,24,314,5807,25278,1058,293,10101,5215,1783,23979,1179,915,5329,30888,7204,5993,2464,3479,3397,1768,23,167,1357],"class_list":{"0":"post-96721","1":"post","2":"type-post","3":"status-publish","4":"format-standard","5":"has-post-thumbnail","7":"category-ciclismo","8":"tag-acumulado","9":"tag-afronta","10":"tag-alta","11":"tag-alto","12":"tag-aviles","13":"tag-ciclismo","14":"tag-clave","15":"tag-corazon","16":"tag-corta","17":"tag-cycling","18":"tag-decimocuarta","19":"tag-deportes","20":"tag-desnivel","21":"tag-diferenci","22":"tag-disputa","23":"tag-edicion","24":"tag-es","25":"tag-espana","26":"tag-etapa","27":"tag-exigente","28":"tag-farrapona","29":"tag-final","30":"tag-jornada","31":"tag-jornadas","32":"tag-kilometros","33":"tag-la","34":"tag-marcar","35":"tag-mas","36":"tag-metros","37":"tag-montana","38":"tag-muy","39":"tag-natural","40":"tag-parque","41":"tag-pleno","42":"tag-podria","43":"tag-sabado","44":"tag-somiedo","45":"tag-spain","46":"tag-sports","47":"tag-vuelta"},"share_on_mastodon":{"url":"","error":""},"_links":{"self":[{"href":"https:\/\/www.europesays.com\/es\/wp-json\/wp\/v2\/posts\/96721","targetHints":{"allow":["GET"]}}],"collection":[{"href":"https:\/\/www.europesays.com\/es\/wp-json\/wp\/v2\/posts"}],"about":[{"href":"https:\/\/www.europesays.com\/es\/wp-json\/wp\/v2\/types\/post"}],"author":[{"embeddable":true,"href":"https:\/\/www.europesays.com\/es\/wp-json\/wp\/v2\/users\/2"}],"replies":[{"embeddable":true,"href":"https:\/\/www.europesays.com\/es\/wp-json\/wp\/v2\/comments?post=96721"}],"version-history":[{"count":0,"href":"https:\/\/www.europesays.com\/es\/wp-json\/wp\/v2\/posts\/96721\/revisions"}],"wp:featuredmedia":[{"embeddable":true,"href":"https:\/\/www.europesays.com\/es\/wp-json\/wp\/v2\/media\/96722"}],"wp:attachment":[{"href":"https:\/\/www.europesays.com\/es\/wp-json\/wp\/v2\/media?parent=96721"}],"wp:term":[{"taxonomy":"category","embeddable":true,"href":"https:\/\/www.europesays.com\/es\/wp-json\/wp\/v2\/categories?post=96721"},{"taxonomy":"post_tag","embeddable":true,"href":"https:\/\/www.europesays.com\/es\/wp-json\/wp\/v2\/tags?post=96721"}],"curies":[{"name":"wp","href":"https:\/\/api.w.org\/{rel}","templated":true}]}}