{"id":96731,"date":"2025-09-06T05:49:08","date_gmt":"2025-09-06T05:49:08","guid":{"rendered":"https:\/\/www.europesays.com\/es\/96731\/"},"modified":"2025-09-06T05:49:08","modified_gmt":"2025-09-06T05:49:08","slug":"la-demanda-de-libros-de-segunda-mano-para-2o-de-eso-crece-un-74-por-ciento-ante-el-inicio-del-curso-2025-2026","status":"publish","type":"post","link":"https:\/\/www.europesays.com\/es\/96731\/","title":{"rendered":"La demanda de libros de segunda mano para 2\u00ba de ESO crece un 74 por ciento ante el inicio del curso 2025-2026"},"content":{"rendered":"<p class=\"paragraph-atom &#10;        A-500-300-700-N A-550-300-700-N--md  \">La demanda de libros de texto de segunda mano para <strong>2\u00ba de Educaci\u00f3n Secundaria Obligatoria (ESO)<\/strong> ha experimentado un crecimiento del <strong>74%<\/strong> en las semanas previas al inicio del curso 2025-2026, seg\u00fan ha explicado <strong>Europa Press<\/strong> a partir de un an\u00e1lisis reciente.<\/p>\n<p class=\"paragraph-atom &#10;        A-500-300-700-N A-550-300-700-N--md  \">El informe apunta a que las b\u00fasquedas de material escolar de segunda mano contin\u00faan en aumento con la llegada de septiembre y el regreso de miles de estudiantes a las aulas. En concreto, durante las \u00faltimas semanas de agosto, las consultas relacionadas con <strong>libros de texto<\/strong> crecieron un <strong>50%<\/strong>, mientras que la b\u00fasqueda de <strong>dispositivos electr\u00f3nicos<\/strong>, como el iPad, se increment\u00f3 en un <strong>21%<\/strong>.<\/p>\n<p class=\"paragraph-atom &#10;        A-500-300-700-N A-550-300-700-N--md  \">Junto a estos datos, una encuesta elaborada con la plataforma de estudios Appinio refleja la <strong>preocupaci\u00f3n mayoritaria de las familias<\/strong>: el <strong>89%<\/strong> teme el incremento del precio del material escolar y un <strong>77%<\/strong> reconoce que la vuelta al cole supone un esfuerzo econ\u00f3mico significativo.<\/p>\n<p class=\"paragraph-atom &#10;        A-500-300-700-N A-550-300-700-N--md  \">En cuanto al gasto medio, el <strong>45% de los encuestados<\/strong> afirma que invertir\u00e1 m\u00e1s de <strong>200 euros<\/strong> en material escolar este curso. Ante esta situaci\u00f3n, el <strong>mercado de segunda mano<\/strong> se ha convertido en una alternativa recurrente: el <strong>69% de las familias<\/strong> asegura haber vendido material escolar que ya no utiliza, y un <strong>25%<\/strong> se plantea hacerlo en el futuro. Entre los productos m\u00e1s demandados destacan <strong>libros, uniformes y mochilas<\/strong>, que se consolidan como opciones clave para aliviar los gastos de septiembre.<\/p>\n","protected":false},"excerpt":{"rendered":"La demanda de libros de texto de segunda mano para 2\u00ba de Educaci\u00f3n Secundaria Obligatoria (ESO) ha experimentado&hellip;\n","protected":false},"author":2,"featured_media":96732,"comment_status":"","ping_status":"","sticky":false,"template":"","format":"standard","meta":{"footnotes":""},"categories":[172],"tags":[34681,224,6386,146,147,25,24,225,3238,3745,23],"class_list":{"0":"post-96731","1":"post","2":"type-post","3":"status-publish","4":"format-standard","5":"has-post-thumbnail","7":"category-libros","8":"tag-2o","9":"tag-books","10":"tag-demanda","11":"tag-entertainment","12":"tag-entretenimiento","13":"tag-es","14":"tag-espana","15":"tag-libros","16":"tag-mano","17":"tag-segunda","18":"tag-spain"},"share_on_mastodon":{"url":"","error":""},"_links":{"self":[{"href":"https:\/\/www.europesays.com\/es\/wp-json\/wp\/v2\/posts\/96731","targetHints":{"allow":["GET"]}}],"collection":[{"href":"https:\/\/www.europesays.com\/es\/wp-json\/wp\/v2\/posts"}],"about":[{"href":"https:\/\/www.europesays.com\/es\/wp-json\/wp\/v2\/types\/post"}],"author":[{"embeddable":true,"href":"https:\/\/www.europesays.com\/es\/wp-json\/wp\/v2\/users\/2"}],"replies":[{"embeddable":true,"href":"https:\/\/www.europesays.com\/es\/wp-json\/wp\/v2\/comments?post=96731"}],"version-history":[{"count":0,"href":"https:\/\/www.europesays.com\/es\/wp-json\/wp\/v2\/posts\/96731\/revisions"}],"wp:featuredmedia":[{"embeddable":true,"href":"https:\/\/www.europesays.com\/es\/wp-json\/wp\/v2\/media\/96732"}],"wp:attachment":[{"href":"https:\/\/www.europesays.com\/es\/wp-json\/wp\/v2\/media?parent=96731"}],"wp:term":[{"taxonomy":"category","embeddable":true,"href":"https:\/\/www.europesays.com\/es\/wp-json\/wp\/v2\/categories?post=96731"},{"taxonomy":"post_tag","embeddable":true,"href":"https:\/\/www.europesays.com\/es\/wp-json\/wp\/v2\/tags?post=96731"}],"curies":[{"name":"wp","href":"https:\/\/api.w.org\/{rel}","templated":true}]}}