{"id":96761,"date":"2025-09-06T06:08:07","date_gmt":"2025-09-06T06:08:07","guid":{"rendered":"https:\/\/www.europesays.com\/es\/96761\/"},"modified":"2025-09-06T06:08:07","modified_gmt":"2025-09-06T06:08:07","slug":"ibon-navarro-el-tercer-cuarto-ha-sido-bueno-pero-lo-de-dani-nos-deja-muy-tocados","status":"publish","type":"post","link":"https:\/\/www.europesays.com\/es\/96761\/","title":{"rendered":"Ibon Navarro: \u00abEl tercer cuarto ha sido bueno, pero lo de Dani nos deja muy tocados\u00bb"},"content":{"rendered":"<p>            <a href=\"https:\/\/www.merchanendirecto.es\/wp-content\/uploads\/2025\/09\/ibon-navarro-unicaja-alba-berlin-scaled.webp\" data-caption=\"\" rel=\"nofollow noopener\" target=\"_blank\"><img loading=\"lazy\" decoding=\"async\" width=\"696\" height=\"464\" class=\"entry-thumb td-modal-image\" src=\"https:\/\/www.europesays.com\/es\/wp-content\/uploads\/2025\/09\/ibon-navarro-unicaja-alba-berlin-696x464.webp.webp\"   alt=\"\" title=\"ibon navarro unicaja alba berlin\"\/><\/a><\/p>\n<p>El entrenador del Unicaja, <strong>Ibon Navarro<\/strong>, analiz\u00f3 tras el amistoso entre el Unicaja y el Alba Berl\u00edn de pretemporada las sensaciones que dej\u00f3 su equipo y la dura lesi\u00f3n sufrida por el joven Dani, que oblig\u00f3 a retirarlo en ambulancia. <strong>\u201cSe lo llevan en ambulancia y no tenemos nada definitivo, pero pinta muy mal. Ahora mismo hablar de estar contento o no me cuesta mucho<\/strong>\u201d, se\u00f1al\u00f3 un visiblemente afectado Navarro, que lament\u00f3 especialmente que la lesi\u00f3n llegara en un jugador con todo el futuro por delante.<\/p>\n<p>En cuanto al partido, el t\u00e9cnico reconoci\u00f3 la dureza de la semana de entrenamientos: \u201cDesde noviembre de 2023 no hab\u00edamos tenido una semana tan dura de carga, y eso se ha notado en la primera parte, con las piernas muy pesadas y muchas p\u00e9rdidas\u201d. Sin embargo, destac\u00f3 la reacci\u00f3n de los suyos tras el descanso: \u201c<strong>El tercer cuarto defensivamente ha sido muy bueno. A partir de ah\u00ed pudimos correr y hacer nuestro juego, y el partido cambi\u00f3\u201d<\/strong>. Sobre los m\u00e1s j\u00f3venes, Navarro valor\u00f3 el car\u00e1cter mostrado: \u201cDani estaba siendo valiente, muy vertical, sobre todo en campo abierto. Manu ha tenido m\u00e1s problemas ante un rival muy serio, y Buti ha hecho lo que hace todos los d\u00edas. Estoy contento con c\u00f3mo nos han ayudado\u201d.<\/p>\n<p>De cara a lo que viene, el t\u00e9cnico record\u00f3 que la pretemporada sigue su curso y que en apenas ocho d\u00edas el equipo viajar\u00e1 a Singapur: \u201cHoy pr\u00e1cticamente hemos sido el equipo del a\u00f1o pasado, m\u00e1s James y Sule que van entrando. Nos faltan piezas importantes como un jugador interior de referencia y Xavi, que debe ser clave en la generaci\u00f3n y defensa. A\u00fan nos falta mucho\u201d.<strong> En el plano individual, tambi\u00e9n tuvo palabras para James Webb: \u201cTiene la dificultad de aprender en dos posiciones, pero va poco a poco y bien<\/strong>. Su movilidad en el tres y el cuatro genera muchos problemas a los rivales. Tanto \u00e9l como Sule nos est\u00e1n dejando muy contentos\u201d.<\/p>\n<p>Finalmente, Navarro pidi\u00f3 calma con los jugadores tocados: \u201c<strong>Xavi Casta\u00f1eda ha estado enfermo, Alberto D\u00edaz va avanzando y la semana que viene podr\u00e1 tener m\u00e1s intensidad, <\/strong>y Chris Duarte est\u00e1 pendiente de pruebas para asegurarnos que todo est\u00e1 consolidado. Confiamos en que pronto est\u00e9n listos para incorporarse al grupo\u201d.<\/p>\n","protected":false},"excerpt":{"rendered":"El entrenador del Unicaja, Ibon Navarro, analiz\u00f3 tras el amistoso entre el Unicaja y el Alba Berl\u00edn de&hellip;\n","protected":false},"author":2,"featured_media":96762,"comment_status":"","ping_status":"","sticky":false,"template":"","format":"standard","meta":{"footnotes":""},"categories":[269],"tags":[299,298,168,25,24,34705,23,167,9231],"class_list":{"0":"post-96761","1":"post","2":"type-post","3":"status-publish","4":"format-standard","5":"has-post-thumbnail","7":"category-baloncesto","8":"tag-baloncesto","9":"tag-basketball","10":"tag-deportes","11":"tag-es","12":"tag-espana","13":"tag-ibon-navarro","14":"tag-spain","15":"tag-sports","16":"tag-unicaja-malaga"},"share_on_mastodon":{"url":"","error":""},"_links":{"self":[{"href":"https:\/\/www.europesays.com\/es\/wp-json\/wp\/v2\/posts\/96761","targetHints":{"allow":["GET"]}}],"collection":[{"href":"https:\/\/www.europesays.com\/es\/wp-json\/wp\/v2\/posts"}],"about":[{"href":"https:\/\/www.europesays.com\/es\/wp-json\/wp\/v2\/types\/post"}],"author":[{"embeddable":true,"href":"https:\/\/www.europesays.com\/es\/wp-json\/wp\/v2\/users\/2"}],"replies":[{"embeddable":true,"href":"https:\/\/www.europesays.com\/es\/wp-json\/wp\/v2\/comments?post=96761"}],"version-history":[{"count":0,"href":"https:\/\/www.europesays.com\/es\/wp-json\/wp\/v2\/posts\/96761\/revisions"}],"wp:featuredmedia":[{"embeddable":true,"href":"https:\/\/www.europesays.com\/es\/wp-json\/wp\/v2\/media\/96762"}],"wp:attachment":[{"href":"https:\/\/www.europesays.com\/es\/wp-json\/wp\/v2\/media?parent=96761"}],"wp:term":[{"taxonomy":"category","embeddable":true,"href":"https:\/\/www.europesays.com\/es\/wp-json\/wp\/v2\/categories?post=96761"},{"taxonomy":"post_tag","embeddable":true,"href":"https:\/\/www.europesays.com\/es\/wp-json\/wp\/v2\/tags?post=96761"}],"curies":[{"name":"wp","href":"https:\/\/api.w.org\/{rel}","templated":true}]}}