{"id":96767,"date":"2025-09-06T06:11:11","date_gmt":"2025-09-06T06:11:11","guid":{"rendered":"https:\/\/www.europesays.com\/es\/96767\/"},"modified":"2025-09-06T06:11:11","modified_gmt":"2025-09-06T06:11:11","slug":"un-colegio-en-las-afueras-de-lisboa-esconde-obras-de-barcelo-lootz-y-tapies","status":"publish","type":"post","link":"https:\/\/www.europesays.com\/es\/96767\/","title":{"rendered":"Un colegio en las afueras de Lisboa esconde obras de Barcel\u00f3, Lootz y T\u00e0pies"},"content":{"rendered":"\n<p class=\"hero__tag hero__tag--show\">Actualidad<\/p>\n<p class=\"signature\">Por Arantxa Neyra. Sintra<\/p>\n<p><img decoding=\"async\" class=\"hero__img--img\" src=\"https:\/\/www.europesays.com\/es\/wp-content\/uploads\/2025\/09\/6e29998e58ef3bddadb0d531b02e590d.jpg\" alt=\"\"\/><\/p>\n<p>Una ciudad palaciega, un pu\u00f1ado de obras de arte y una dolorosa p\u00e9rdida. As\u00ed fue c\u00f3mo la colecci\u00f3n de B\u00e1rbara de Rueda, expuesta en la \u00faltima edici\u00f3n de ARCO Lisboa, acab\u00f3 en un centro escolar a 25 kil\u00f3metros de la capital portuguesa<\/p>\n<p>A priori, un colegio no est\u00e1 entre los diez primeros lugares donde uno esperar\u00eda encontrar una colecci\u00f3n de arte contempor\u00e1neo rebosante de piezas de <strong>T\u00e0pies, Barcel\u00f3, Eva Lootz o Jim Dine<\/strong>, entre otros artistas. Pero, contra todo pron\u00f3stico, puede llegar a serlo.<\/p>\n<p>Es el caso de <strong>Tasis<\/strong>, en Sintra (Portugal), un centro escolar al que la coleccionista espa\u00f1ola <strong>Barbara de Rueda<\/strong> leg\u00f3 m\u00e1s de <strong>150 piezas de arte contempor\u00e1neo<\/strong>. Una colecci\u00f3n que construy\u00f3 durante d\u00e9cadas junto a su marido, el Ingeniero Alfonso Corral L\u00f3pez-D\u00f3riga.<\/p>\n<p>Apasionado de la escultura y uno de los primeros coleccionistas en Espa\u00f1a, Alfonso falleci\u00f3 en 2008, y algunos a\u00f1os despu\u00e9s morir\u00eda tambi\u00e9n su hijo Salvador, dejando a B\u00e1rbara sumida en una profunda crisis existencial. Entre las muchas preguntas y dudas que habitaron su cabeza durante aquellos momentos, flotaba la de qu\u00e9 hacer ahora con esa colecci\u00f3n creada con tanto amor y dedicaci\u00f3n que alg\u00fan d\u00eda heredar\u00e1 su nieta.<\/p>\n<p>Fue entonces cuando su amigo Fernando Gonz\u00e1lez, fundador del colegio Tasis School en Puerto Rico, que estaba a punto de abrir sede en Portugal, quien le dio la idea de guardarla all\u00ed. La escuela todav\u00eda no estaba en funcionamiento. Es m\u00e1s, por aquel entonces, a\u00fan no hab\u00edan acabado las obras del edificio, lo que permiti\u00f3 construir ad hoc un espacio amplio y di\u00e1fano donde, adem\u00e1s de hacer los ex\u00e1menes, se pudiera albergar una buena parte de los m\u00e1s de 150 cuadros y esculturas que estaban ya prepar\u00e1ndose para viajar a una de las ciudades m\u00e1s aristocr\u00e1ticas de Portugal.<\/p>\n<p><img decoding=\"async\" src=\"https:\/\/www.europesays.com\/es\/wp-content\/uploads\/2025\/09\/bb3ab627cf6c90ddc190cc409fea12fe.jpg\" alt=\"\"\/><img decoding=\"async\" src=\"https:\/\/www.europesays.com\/es\/wp-content\/uploads\/2025\/09\/6ff216fb298ffe15317fd3687a614dbc.jpg\" alt=\"\"\/><\/p>\n<p>No se trataba \u00fanicamente de construir una sala a la que se pudiera acceder bajo petici\u00f3n y en ocasiones contadas. Piezas de <strong>Fernanda Fragateiro, Pello Irazu, Concha Jerez, Cristina Lucas, Susana Solano o Elena Asins<\/strong> entre otros artistas han colonizado todo el colegio: est\u00e1n en la galer\u00eda y por los dos pisos, se cuelan en el comedor, suben las escaleras y aparecen, cuando menos te lo esperas, en los pasillos, en las aulas, e incluso en la puerta de los ba\u00f1os.<\/p>\n<p>Los chicos se codean con ellos con naturalidad. \u201cSi ense\u00f1as arte es por una cuesti\u00f3n de educaci\u00f3n y es precisamente eso lo que estamos haciendo. Abriendo la mente de esos ni\u00f1os que est\u00e1n viendo cuadros del siglo XX y XXI. Mi mayor ilusi\u00f3n es que las mil personas que circulan por ah\u00ed cada d\u00eda puedan ver las obras y que eso entre en sus cabecitas\u201d, reconoce a El Grito B\u00e1rbara.<\/p>\n<p>A diferencia de una galer\u00eda, aqu\u00ed no hay un criterio muse\u00edstico ni un hilo argumental en la disposici\u00f3n de las obras, sino algo mucho m\u00e1s azaroso, marcado por el propio edificio. <strong>\u201c\u00bfAqu\u00ed hay una pared buena? Pues cabe este<\/strong>. \u00bfEsta es m\u00e1s peque\u00f1a? Entonces este otro no vale\u201d a\u00f1ade mientras recuerda c\u00f3mo las distribuy\u00f3 junto con M\u00f3nica Careaga, con la que ya hab\u00eda hecho exposiciones en el L\u00e1zaro Galdiano.<\/p>\n<p>\u201cHay algunos cuadros que no son para ni\u00f1os. <strong>El Barcel\u00f3 por ejemplo, como est\u00e1 fumando, lo escondimos en la parte de atr\u00e1s<\/strong>. Igual que un torso desnudo. Me gusta mucho que a <strong>Aitor Ortiz<\/strong> tengas que ir a buscarlo, porque est\u00e1 al lado de una puerta y no se ve. Me gusta mucho tambi\u00e9n c\u00f3mo est\u00e1 colocada la parte americana confrontada con la parte espa\u00f1ola de obra gr\u00e1fica, porque es como ponerlas al mismo nivel\u201d.<\/p>\n<p><img decoding=\"async\" src=\"https:\/\/www.europesays.com\/es\/wp-content\/uploads\/2025\/09\/35ccd7c15ecc7267ff48320e2c271ea5.jpg\" alt=\"\"\/>El rayo que no cesa, Cristina Lucas, 2017<img decoding=\"async\" src=\"https:\/\/www.europesays.com\/es\/wp-content\/uploads\/2025\/09\/6f9f5ca4f8df0b313146770a43e4100c.jpg\" alt=\"\"\/>Imagen de uno de los pasillos del colegio con la obra 2 x 3 Dreaming Around<img decoding=\"async\" src=\"https:\/\/www.europesays.com\/es\/wp-content\/uploads\/2025\/09\/bdac21061225e0c41088ddf7e6337fe9.jpg\" alt=\"\"\/>2 x 3 Dreaming Around, Pello Irazu, 1992<img decoding=\"async\" src=\"https:\/\/www.europesays.com\/es\/wp-content\/uploads\/2025\/09\/6252c2c8262610be882eaa4e18f85b23.png\" alt=\"\"\/>Sin t\u00edtulo, Nino Longobardi, 1984<img decoding=\"async\" src=\"https:\/\/www.europesays.com\/es\/wp-content\/uploads\/2025\/09\/437f93d5681371dcd69a9cb7ef1622b3.jpg\" alt=\"\"\/>Manolo Millares, Coleccion ACB Barbara de Rueda<img decoding=\"async\" src=\"https:\/\/www.europesays.com\/es\/wp-content\/uploads\/2025\/09\/fe9ce8db903fb86398f2c95077942c34.jpg\" alt=\"\"\/>Genitales orientales, Luis Gordillo, 1986<img decoding=\"async\" src=\"https:\/\/www.europesays.com\/es\/wp-content\/uploads\/2025\/09\/5e85881a823a592e228ef1d0aa85e540.jpg\" alt=\"\"\/>Water Lilies with Cloud, Roy Lichtenstein, 1992<img decoding=\"async\" src=\"https:\/\/www.europesays.com\/es\/wp-content\/uploads\/2025\/09\/78a4fe95790507ac3d8e95fc4a12cf6c.jpg\" alt=\"\"\/>Convergencia, Jos\u00e9 Guerrero, 1976<\/p>\n<p>B\u00e1rbara es consciente de los riesgos inherentes de exponer en un lugar donde las carreras, los juegos y los rotuladores est\u00e1n a la orden del d\u00eda. \u201cYo vigilo a \u2018mis ni\u00f1os\u2019. Hay tres que est\u00e1n en malas condiciones y por eso he contratado a un restaurador portugu\u00e9s. Uno de ellos, de hecho, se ha ca\u00eddo. Es el peligro de estar en un colegio, que a lo mejor se acercan demasiado o lo tocan con las manos sucias. Pero eso tambi\u00e9n ocurre en los museos\u201d, responde.<\/p>\n<p>Por supuesto, tiene sus favoritos: \u201cTengo bastantes obras de mujeres artistas como <strong>Susana Solano<\/strong> o <strong>Cristina Lucas<\/strong>, no porque sea feminista, sino porque me gustan sus trabajos. Tambi\u00e9n me encanta el Chomin Badiola o el de Dis Berl\u00edn que, por cierto, lo tengo que cambiar de sitio porque lo est\u00e1n toqueteando\u201d.<\/p>\n<p><strong>No sabe (o no quiere saber) cu\u00e1nto podr\u00eda costar lo que tiene<\/strong>. \u201cNo me interesa el valor, tengo desde el principio de los 60 una colecci\u00f3n de gr\u00e1fica interesante, un Barcel\u00f3 interesante, un Pedro Cabrita Reis&#8230;, tengo cosas interesantes que pueden valer lo que quieran pagar, pero no es mi inter\u00e9s venderlo\u201d.<\/p>\n<p>Aunque la colecci\u00f3n se present\u00f3 oficialmente durante ARCO Lisboa el pasado mes de mayo, esta aventura no ha hecho m\u00e1s que comenzar. A d\u00eda de hoy el colegio sigue ampli\u00e1ndose, por lo que espera poder enviar pronto nuevas piezas, que tiene en un almac\u00e9n en Madrid y en su residencia, y con las que, como en todas las relaciones, va viviendo apasionadas lunas de miel, picos y valles. \u201cTanto las que he llevado a Portugal como las que tengo en casa, a mi me gustan casi todas, porque he convivido con casi todas. Andas con una serie de cuadros y esculturas porque lo hacen al mismo tiempo que t\u00fa, pero en un momento dado unas se quedan atrasadas porque van a otro ritmo, y ya no les muestras tanta admiraci\u00f3n como al principio. Adem\u00e1s, tambi\u00e9n he tenido equivocaciones\u201d, reconoce mirando atr\u00e1s con perspectiva. No ser\u00e1 esta. De eso no tiene duda.<\/p>\n","protected":false},"excerpt":{"rendered":"Actualidad Por Arantxa Neyra. Sintra Una ciudad palaciega, un pu\u00f1ado de obras de arte y una dolorosa p\u00e9rdida.&hellip;\n","protected":false},"author":2,"featured_media":96768,"comment_status":"","ping_status":"","sticky":false,"template":"","format":"standard","meta":{"footnotes":""},"categories":[173],"tags":[229,233,231,230,232,234,146,147,25,24,23],"class_list":{"0":"post-96767","1":"post","2":"type-post","3":"status-publish","4":"format-standard","5":"has-post-thumbnail","7":"category-arte-y-diseno","8":"tag-arte","9":"tag-arte-y-diseno","10":"tag-arts","11":"tag-arts-and-design","12":"tag-design","13":"tag-diseno","14":"tag-entertainment","15":"tag-entretenimiento","16":"tag-es","17":"tag-espana","18":"tag-spain"},"share_on_mastodon":{"url":"","error":""},"_links":{"self":[{"href":"https:\/\/www.europesays.com\/es\/wp-json\/wp\/v2\/posts\/96767","targetHints":{"allow":["GET"]}}],"collection":[{"href":"https:\/\/www.europesays.com\/es\/wp-json\/wp\/v2\/posts"}],"about":[{"href":"https:\/\/www.europesays.com\/es\/wp-json\/wp\/v2\/types\/post"}],"author":[{"embeddable":true,"href":"https:\/\/www.europesays.com\/es\/wp-json\/wp\/v2\/users\/2"}],"replies":[{"embeddable":true,"href":"https:\/\/www.europesays.com\/es\/wp-json\/wp\/v2\/comments?post=96767"}],"version-history":[{"count":0,"href":"https:\/\/www.europesays.com\/es\/wp-json\/wp\/v2\/posts\/96767\/revisions"}],"wp:featuredmedia":[{"embeddable":true,"href":"https:\/\/www.europesays.com\/es\/wp-json\/wp\/v2\/media\/96768"}],"wp:attachment":[{"href":"https:\/\/www.europesays.com\/es\/wp-json\/wp\/v2\/media?parent=96767"}],"wp:term":[{"taxonomy":"category","embeddable":true,"href":"https:\/\/www.europesays.com\/es\/wp-json\/wp\/v2\/categories?post=96767"},{"taxonomy":"post_tag","embeddable":true,"href":"https:\/\/www.europesays.com\/es\/wp-json\/wp\/v2\/tags?post=96767"}],"curies":[{"name":"wp","href":"https:\/\/api.w.org\/{rel}","templated":true}]}}