{"id":96775,"date":"2025-09-06T06:16:09","date_gmt":"2025-09-06T06:16:09","guid":{"rendered":"https:\/\/www.europesays.com\/es\/96775\/"},"modified":"2025-09-06T06:16:09","modified_gmt":"2025-09-06T06:16:09","slug":"alcaraz-pulveriza-a-djokovic-y-alcanza-la-final-del-us-open-el-pais-expres","status":"publish","type":"post","link":"https:\/\/www.europesays.com\/es\/96775\/","title":{"rendered":"Alcaraz pulveriza a Djokovic y alcanza la final del US Open | El PA\u00cdS Expr\u00e9s"},"content":{"rendered":"<p><img fetchpriority=\"high\" alt=\"Sep 5, 2025; Flushing, NY, USA; Carlos Alcaraz (ESP) celebrates after his match against Novak Djokovic (SRB) (not pictured) in a men's singles semifinal on day thirteen of the 2025 US Open tennis championships at USTA Billie Jean King National Tennis Center. Mandatory Credit: Geoff Burke-Imagn Images\" decoding=\"auto\" class=\"_re  a_m-h\" height=\"414\"  width=\"414\"  src=\"https:\/\/www.europesays.com\/es\/wp-content\/uploads\/2025\/09\/RNNW6P4B7NHLVMAAR3AV5KOADQ.JPG\" loading=\"eager\"\/>Sep 5, 2025; Flushing, NY, USA; Carlos Alcaraz (ESP) celebrates after his match against Novak Djokovic (SRB) (not pictured) in a men&#8217;s singles semifinal on day thirteen of the 2025 US Open tennis championships at USTA Billie Jean King National Tennis Center. Mandatory Credit: Geoff Burke-Imagn ImagesFoto: Geoff Burke (IMAGN IMAGES via Reuters Connect)<\/p>\n<p class=\"\">Carlos Alcaraz logra avanzar a la final del US Open tras ganarle al serbio Novak Djokovic en tres sets (6-4, 7-6(4), 6-2). Era el \u00fanico Grand Slam en el que todav\u00eda no se hab\u00edan visto las caras.<\/p>\n<ul>\n<li>Es la segunda final en New York para el espa\u00f1ol, que el domingo luchar\u00e1 por su sexto Grand Slam.<\/li>\n<\/ul>\n<p class=\"\"><b>Las claves del encuentro<\/b><\/p>\n<ul>\n<li>El murciano, 16 a\u00f1os m\u00e1s joven que el serbio, llegaba lanzado: no hab\u00eda perdido ning\u00fan set en lo que llevamos de torneo. <\/li>\n<li>No fue diferente la historia este viernes. Alcaraz super\u00f3 al mito de Belgrado, ganador de 24 Grand Slams, y se llev\u00f3 el choque sin ceder una sola manga. <\/li>\n<\/ul>\n<p class=\"\"><b>\u00bfCu\u00e1ndo es la final? <\/b>Este domingo, contra el italiano Jannik Sinner. El duelo podr\u00e1 verse a partir de las 20.00 en Movistar Plus+ o puedes seguir la narraci\u00f3n en directo de EL PA\u00cdS.<\/p>\n<p class=\"\">\u00a9Foto: Geoff Burke (Reuters)<\/p>\n<p class=\"\"><a href=\"https:\/\/elpais.com\/deportes\/tenis\/2025-09-05\/bandera-blanca-de-djokovic-final-para-alcaraz.html\" target=\"_self\" rel=\"nofollow noopener\" title=\"https:\/\/elpais.com\/deportes\/tenis\/2025-09-05\/bandera-blanca-de-djokovic-final-para-alcaraz.html\">Si quieres saber m\u00e1s, puedes leer aqu\u00ed.<\/a><\/p>\n","protected":false},"excerpt":{"rendered":"Sep 5, 2025; Flushing, NY, USA; Carlos Alcaraz (ESP) celebrates after his match against Novak Djokovic (SRB) (not&hellip;\n","protected":false},"author":2,"featured_media":96776,"comment_status":"","ping_status":"","sticky":false,"template":"","format":"standard","meta":{"footnotes":""},"categories":[93],"tags":[545,1540,168,25,24,544,547,23,167,327,11759,541],"class_list":{"0":"post-96775","1":"post","2":"type-post","3":"status-publish","4":"format-standard","5":"has-post-thumbnail","7":"category-deportes","8":"tag-carlos-alcaraz","9":"tag-competiciones","10":"tag-deportes","11":"tag-es","12":"tag-espana","13":"tag-jannik-sinner","14":"tag-novak-djokovic","15":"tag-spain","16":"tag-sports","17":"tag-tenis","18":"tag-tenistas","19":"tag-us-open"},"share_on_mastodon":{"url":"","error":""},"_links":{"self":[{"href":"https:\/\/www.europesays.com\/es\/wp-json\/wp\/v2\/posts\/96775","targetHints":{"allow":["GET"]}}],"collection":[{"href":"https:\/\/www.europesays.com\/es\/wp-json\/wp\/v2\/posts"}],"about":[{"href":"https:\/\/www.europesays.com\/es\/wp-json\/wp\/v2\/types\/post"}],"author":[{"embeddable":true,"href":"https:\/\/www.europesays.com\/es\/wp-json\/wp\/v2\/users\/2"}],"replies":[{"embeddable":true,"href":"https:\/\/www.europesays.com\/es\/wp-json\/wp\/v2\/comments?post=96775"}],"version-history":[{"count":0,"href":"https:\/\/www.europesays.com\/es\/wp-json\/wp\/v2\/posts\/96775\/revisions"}],"wp:featuredmedia":[{"embeddable":true,"href":"https:\/\/www.europesays.com\/es\/wp-json\/wp\/v2\/media\/96776"}],"wp:attachment":[{"href":"https:\/\/www.europesays.com\/es\/wp-json\/wp\/v2\/media?parent=96775"}],"wp:term":[{"taxonomy":"category","embeddable":true,"href":"https:\/\/www.europesays.com\/es\/wp-json\/wp\/v2\/categories?post=96775"},{"taxonomy":"post_tag","embeddable":true,"href":"https:\/\/www.europesays.com\/es\/wp-json\/wp\/v2\/tags?post=96775"}],"curies":[{"name":"wp","href":"https:\/\/api.w.org\/{rel}","templated":true}]}}