{"id":96777,"date":"2025-09-06T06:18:09","date_gmt":"2025-09-06T06:18:09","guid":{"rendered":"https:\/\/www.europesays.com\/es\/96777\/"},"modified":"2025-09-06T06:18:09","modified_gmt":"2025-09-06T06:18:09","slug":"eugenia-martinez-de-irujo-deslumbra-con-el-conjunto-de-dos-piezas-elegante-y-favorecedor-que-van-a-querer-las-invitadas-de-otono","status":"publish","type":"post","link":"https:\/\/www.europesays.com\/es\/96777\/","title":{"rendered":"Eugenia Mart\u00ednez de Irujo deslumbra con el conjunto de dos piezas, elegante y favorecedor, que van a querer las invitadas de oto\u00f1o"},"content":{"rendered":"<p data-journey-content=\"true\" data-node-id=\"0\" class=\"body-dropcap css-16svq0q emevuu60\"><strong data-node-id=\"0.0\">El desfile del quinto aniversario de IQ Collection,<\/strong><a href=\"https:\/\/www.harpersbazaar.com\/es\/famosas\/el-estilo-de\/a65057610\/carmen-lomana-conjunto-azul-amarino-iq-collection-70-anos\/\" target=\"_blank\" data-vars-ga-outbound-link=\"https:\/\/www.harpersbazaar.com\/es\/famosas\/el-estilo-de\/a65057610\/carmen-lomana-conjunto-azul-amarino-iq-collection-70-anos\/\" data-vars-ga-ux-element=\"Hyperlink\" data-vars-ga-call-to-action=\" la firma fundada por In\u00e9s Domecq\" data-node-id=\"0.1\" class=\"body-link css-156jt4g emevuu60\" rel=\"nofollow noopener\"> la firma fundada por In\u00e9s Domecq<\/a> y una de las m\u00e1s exitosas del panorama nacional, reuni\u00f3 ayer en el Palacio de Liria en Madrid a algunos de los rostros de la alta sociedad espa\u00f1ola, arist\u00f3cratas y figura de renombre de la industria de la moda, que pudieron disfrutar en primera fila de los dise\u00f1os de la <strong data-node-id=\"0.3\">colecci\u00f3n <\/strong><strong data-node-id=\"0.4.0\">Goya<\/strong>, de edici\u00f3n limitada. <\/p>\n<p data-journey-content=\"true\" data-node-id=\"1\" class=\"css-i9p093 emevuu60\"><a href=\"https:\/\/www.harpersbazaar.com\/es\/famosas\/el-estilo-de\/a39088029\/isabel-preysler-estilo-mejores-looks-tendencias-71-anos\/\" target=\"_blank\" data-vars-ga-outbound-link=\"https:\/\/www.harpersbazaar.com\/es\/famosas\/el-estilo-de\/a39088029\/isabel-preysler-estilo-mejores-looks-tendencias-71-anos\/\" data-vars-ga-ux-element=\"Hyperlink\" data-vars-ga-call-to-action=\"Isabel Preysler\" data-node-id=\"1.0\" class=\"body-link css-156jt4g emevuu60\" rel=\"nofollow noopener\">Isabel Preysler<\/a>, Victoria Federica, Cari Lapique y Carla Goyanes, Isabelle Junot o<strong data-node-id=\"1.2\"> Eugenia Mart\u00ednez de Irujo<\/strong>, que acudi\u00f3 en compa\u00f1\u00eda de su hija,<a href=\"https:\/\/www.harpersbazaar.com\/es\/famosas\/el-estilo-de\/a65910268\/eugenia-martinez-de-irujo-vestido-largo-zapatillas-mujeres-todas-edades\/\" target=\"_blank\" data-vars-ga-outbound-link=\"https:\/\/www.harpersbazaar.com\/es\/famosas\/el-estilo-de\/a65910268\/eugenia-martinez-de-irujo-vestido-largo-zapatillas-mujeres-todas-edades\/\" data-vars-ga-ux-element=\"Hyperlink\" data-vars-ga-call-to-action=\" Tana Rivera.\" data-node-id=\"1.4\" class=\"body-link css-156jt4g emevuu60\" rel=\"nofollow noopener\"> Tana Rivera.<\/a> Ambas volvieron a acaparar los flashes con looks bajo el sello de la marca made in Spain que las convirtieron en grandes destacadas del desfile.<\/p>\n<p data-journey-content=\"true\" data-node-id=\"2\" class=\"css-i9p093 emevuu60\">Pese a que alude la etiqueta de icono, tal y como <a href=\"https:\/\/www.harpersbazaar.com\/es\/famosas\/el-estilo-de\/a65828826\/eugenia-martinez-irujo-herencia-dejo-duquesa-alba-viene-madre\/\" target=\"_blank\" data-vars-ga-outbound-link=\"https:\/\/www.harpersbazaar.com\/es\/famosas\/el-estilo-de\/a65828826\/eugenia-martinez-irujo-herencia-dejo-duquesa-alba-viene-madre\/\" data-vars-ga-ux-element=\"Hyperlink\" data-vars-ga-call-to-action=\"relataba recientemente a Harper&#039;s Bazaar.\" data-node-id=\"2.1\" class=\"body-link css-156jt4g emevuu60\" rel=\"nofollow noopener\">relataba recientemente a Harper&#8217;s Bazaar.<\/a> Eugenia Mart\u00ednez de Irujo ha logrado erigirse como un verdadero referente en cuestiones de moda y estilismos como el elegido para esta nueva presentaci\u00f3n as\u00ed lo dictaminan. La duquesa de Montoro deslumbr\u00f3 con un <strong data-node-id=\"2.3\">dos piezas<\/strong> que combinaba un top r\u00edgido de manga larga con detalles de lentejuelas, <strong data-node-id=\"2.5\">estampado<\/strong><strong data-node-id=\"2.6.0\"> toile du joey<\/strong> y espalda al aire, bautizado como Coloso en la web, y una larga falda entallada de tiro alto y corte recto en un delicado color azul marino. Unas altas <a href=\"https:\/\/www.harpersbazaar.com\/es\/famosas\/el-estilo-de\/a65980722\/eugenia-martinez-de-irujo-vestido-camisero-colores-cinturon-mujeres-estiliza\/\" target=\"_blank\" data-vars-ga-outbound-link=\"https:\/\/www.harpersbazaar.com\/es\/famosas\/el-estilo-de\/a65980722\/eugenia-martinez-de-irujo-vestido-camisero-colores-cinturon-mujeres-estiliza\/\" data-vars-ga-ux-element=\"Hyperlink\" data-vars-ga-call-to-action=\"sandalias de plataforma\" data-node-id=\"2.10\" class=\"body-link css-156jt4g emevuu60\" rel=\"nofollow noopener\">sandalias de plataforma<\/a>, como es habitual, completaban la propuesta.<\/p>\n<p><img draggable=\"true\" alt=\"eugenia\" title=\"eugenia\" loading=\"lazy\" width=\"808\" height=\"1350\" decoding=\"async\" data-nimg=\"1\" style=\"color:transparent;width:100%;height:auto;\"   src=\"https:\/\/www.europesays.com\/es\/wp-content\/uploads\/2025\/09\/captura-de-pantalla-2025-09-05-a-las-14-49-53-68bb0a48a2e6c.png\" class=\"css-0 e1g79fud0\"\/><\/p>\n<p>Instagram @eugeniamartinezdeirujo<\/p>\n<p data-journey-content=\"true\" data-node-id=\"5\" class=\"css-i9p093 emevuu60\"><strong data-node-id=\"5.0\">Tana Rivera optaba<\/strong> por una elecci\u00f3n m\u00e1s atrevida y original, dando pinceladas del estilo tan personal que ha ido confeccionado y que est\u00e1 lejos del de su madre. En esta ocasi\u00f3n,<a href=\"https:\/\/www.harpersbazaar.com\/es\/famosas\/el-estilo-de\/a63797723\/tana-rivera-hija-de-eugenia-martinez-de-irujo-moda-disenadora-coleccion-invitadas-sevilla\/\" target=\"_blank\" data-vars-ga-outbound-link=\"https:\/\/www.harpersbazaar.com\/es\/famosas\/el-estilo-de\/a63797723\/tana-rivera-hija-de-eugenia-martinez-de-irujo-moda-disenadora-coleccion-invitadas-sevilla\/\" data-vars-ga-ux-element=\"Hyperlink\" data-vars-ga-call-to-action=\" la joven dise\u00f1adora \" data-node-id=\"5.2\" class=\"body-link css-156jt4g emevuu60\" rel=\"nofollow noopener\"> la joven dise\u00f1adora <\/a>presumi\u00f3 de figura con un <strong data-node-id=\"5.4\">traje sastre<\/strong> de americana con gran solapa en color negro (modelo Alc\u00e1ntara en la colecci\u00f3n Goya)y pantal\u00f3n de talle alto y corte recto (Balboa)  confeccionados en guipur con estampado de flores en color negro y cinturilla marcada en el que destacaba un forro color carne. Para un resultado m\u00e1s atractivo, Tana opt\u00f3 por llevar la chaqueta abierta dejando a la vista el top estilo bralette bajo las mismas caracter\u00edsticas que hab\u00eda elegido.<\/p>\n<p>Contenidos relacionados<\/p>\n","protected":false},"excerpt":{"rendered":"El desfile del quinto aniversario de IQ Collection, la firma fundada por In\u00e9s Domecq y una de las&hellip;\n","protected":false},"author":2,"featured_media":96778,"comment_status":"","ping_status":"","sticky":false,"template":"","format":"standard","meta":{"footnotes":""},"categories":[91],"tags":[253,146,147,25,24,23],"class_list":{"0":"post-96777","1":"post","2":"type-post","3":"status-publish","4":"format-standard","5":"has-post-thumbnail","7":"category-entretenimiento","8":"tag-discover","9":"tag-entertainment","10":"tag-entretenimiento","11":"tag-es","12":"tag-espana","13":"tag-spain"},"share_on_mastodon":{"url":"","error":""},"_links":{"self":[{"href":"https:\/\/www.europesays.com\/es\/wp-json\/wp\/v2\/posts\/96777","targetHints":{"allow":["GET"]}}],"collection":[{"href":"https:\/\/www.europesays.com\/es\/wp-json\/wp\/v2\/posts"}],"about":[{"href":"https:\/\/www.europesays.com\/es\/wp-json\/wp\/v2\/types\/post"}],"author":[{"embeddable":true,"href":"https:\/\/www.europesays.com\/es\/wp-json\/wp\/v2\/users\/2"}],"replies":[{"embeddable":true,"href":"https:\/\/www.europesays.com\/es\/wp-json\/wp\/v2\/comments?post=96777"}],"version-history":[{"count":0,"href":"https:\/\/www.europesays.com\/es\/wp-json\/wp\/v2\/posts\/96777\/revisions"}],"wp:featuredmedia":[{"embeddable":true,"href":"https:\/\/www.europesays.com\/es\/wp-json\/wp\/v2\/media\/96778"}],"wp:attachment":[{"href":"https:\/\/www.europesays.com\/es\/wp-json\/wp\/v2\/media?parent=96777"}],"wp:term":[{"taxonomy":"category","embeddable":true,"href":"https:\/\/www.europesays.com\/es\/wp-json\/wp\/v2\/categories?post=96777"},{"taxonomy":"post_tag","embeddable":true,"href":"https:\/\/www.europesays.com\/es\/wp-json\/wp\/v2\/tags?post=96777"}],"curies":[{"name":"wp","href":"https:\/\/api.w.org\/{rel}","templated":true}]}}