{"id":96918,"date":"2025-09-06T08:31:10","date_gmt":"2025-09-06T08:31:10","guid":{"rendered":"https:\/\/www.europesays.com\/es\/96918\/"},"modified":"2025-09-06T08:31:10","modified_gmt":"2025-09-06T08:31:10","slug":"tendremos-que-vivir-con-esta-incertidumbre","status":"publish","type":"post","link":"https:\/\/www.europesays.com\/es\/96918\/","title":{"rendered":"Tendremos que vivir con esta incertidumbre"},"content":{"rendered":"<p class=\"ft-text ft-helper-closenews\">Un <strong>\u00aburbanita plet\u00f3rico\u00bb,<\/strong> un mundo en crisis y en precario equilibrio sobre el abismo y una ciudad, Barcelona nada menos, a la que le han salido canales venecianos mientras intr\u00e9pidos <strong>&#8216;vaporettos&#8217;<\/strong> circulan por el centro de la capital. Ah\u00ed est\u00e1, en su salsa, o casi, <strong>Sim\u00f3 Diarte,<\/strong> experto en comunicaci\u00f3n y publicidad que <a class=\"ft-link ft-link--decoration\" href=\"https:\/\/www.elperiodico.com\/es\/ocio-y-cultura\/20220305\/melcior-comes-novela-tots-mecanismes-13206310\" rel=\"nofollow noopener\" target=\"_blank\"><strong>Melcior Comes <\/strong><\/a>(Sa Pobla, Mallorca, 1980) convierte en <a class=\"ft-link ft-link--decoration\" href=\"https:\/\/www.grup62.cat\/llibre-lhome-que-va-vendre-el-mon\/421462\" rel=\"nofollow noopener\" target=\"_blank\">&#8216;L\u2019home que va vendre el m\u00f3n&#8217;<\/a> (Proa). Pura fachada y luces brillantes para desviar la atenci\u00f3n.\u00a0<\/p>\n<p class=\"ft-text\">\u00abEncarna la confusi\u00f3n colectiva y la confusi\u00f3n personal. En un personaje en crisis que, al mismo tiempo, quiere describir una crisis colectiva, una crisis de ciudad y tambi\u00e9n una <strong>crisis de las sociedades medianamente ricas<\/strong> de Occidente\u00bb, detalla el autor mallorqu\u00edn mientras despliega la tarjeta de presentaci\u00f3n del protagonista de su \u00faltima novela. \u00abSe siente un triunfador, pero sentirse un triunfador ah\u00ed en medio es un completo delirio que no hace m\u00e1s que incrementar la sensaci\u00f3n de que es un falsario, un estafador\u00bb, remata.\u00a0<\/p>\n<blockquote class=\"ft-mol-quote\" data-aida-quote=\"\"><p>Para escribir el libro me quit\u00e9 todas las redes sociales. Hab\u00eda notado un cambio en mi manera de leer y escribir derivada de estar colgado de lo que pasaba en Twitter y de tuitear 30 veces al d\u00eda\u00bb<\/p><\/blockquote>\n<p class=\"ft-text\">Diarte, por cierto, patent\u00f3 en su d\u00eda una serie de ideas y an\u00e1lisis de la cultura contempor\u00e1nea que su empresa utiliza ahora para impulsar la campa\u00f1a electoral de Rosa Dorca,<strong> candidata a la alcald\u00eda de Barcelona de talante \u00abagriamente populista\u00bb.<\/strong> \u00abHay una cierta cultura del &#8216;trumpismo&#8217; que impregna la pol\u00edtica a todos los niveles. Esta manera de gestionar el discurso p\u00fablico basado en la difamaci\u00f3n, en el miedo, en la exageraci\u00f3n y en la consigna llamativa pero al mismo tiempo vac\u00eda ya la tenemos aqu\u00ed\u00bb, reflexiona el novelista. \u00a0<\/p>\n<p>Pol\u00edtica con novela <\/p>\n<p class=\"ft-text\">Hechas las presentaciones, el meollo. <strong>\u00abNo es una novela pol\u00edtica, pero s\u00ed que es una novela con pol\u00edtica\u00bb,<\/strong> aclara Comes. Una ficci\u00f3n atornillada a una realidad social plenamente reconocible\u00a0que el autor de &#8216;<strong>Tots els mecanismes&#8217;<\/strong> y &#8216;<a class=\"ft-link ft-link--decoration\" href=\"https:\/\/www.elperiodico.com\/es\/ocio-y-cultura\/20181016\/critica-sobre-la-terra-impura-novela-melcior-comes-7071252\" rel=\"nofollow noopener\" target=\"_blank\">Sobre la terra impura&#8217; <\/a>deforma entre sarcasmo afilado, tejemanejes pol\u00edticos y un cad\u00e1ver que Sim\u00f3 cree ver en el maletero de un coche. Entre peces el\u00e9ctricos, caretas de animales y cuerpos a la deriva que aparecen d\u00eda s\u00ed d\u00eda tambi\u00e9n flotando en los nuevos canales que atraviesan Passeig de Gr\u00e0cia y la Diagonal.\u00a0\u00ab<strong>A veces hay que ir a lo m\u00e1s delirante porque la realidad ya se ha convertido en puro delirio\u00bb,<\/strong>\u00a0relativiza.\u00a0<\/p>\n<p class=\"ft-text\">En &#8216;L\u2019home que va vendre el m\u00f3n&#8217;, la realidad con la que juega Comes es la de la atenci\u00f3n secuestrada, el insulto y la difamaci\u00f3n como dialecto administrativo y la <a class=\"ft-link ft-link--decoration\" href=\"https:\/\/www.elperiodico.com\/es\/internacional\/20240406\/venecia-experimento-5-euros-triquinuelas-100656572\" rel=\"nofollow noopener\" target=\"_blank\">\u00abvenecizaci\u00f3n\u00bb galopante<\/a> de la capital catalana. <strong>\u00abEs que estamos a un palmo de eso <\/strong>-asegura-.<strong> Despu\u00e9s de ver que cerraban Passeig de Gr\u00e0cia para hacer una cursa de F\u00f3rmula 1, el trabajo que yo tengo que hacer para inventarme algo es m\u00ednimo\u00bb.<\/strong>\u00a0Su Barcelona, a\u00f1ade el mallorqu\u00edn, es una \u00abcreaci\u00f3n literaria\u00bb que intenta reflejar un estado de \u00e1nimo y marcar distancias con el retrato de la ciudad prodigiosa y encantada que se ha venido repitiendo durante los \u00faltimos dos siglos. \u00abHe querido no hacer lo que incluso la Inteligencia Artificial har\u00eda\u00bb, ironiza.\u00a0\u00a0<\/p>\n<p><img decoding=\"async\" src=\"https:\/\/www.europesays.com\/es\/wp-content\/uploads\/2025\/09\/7e16f1de-49b1-4b43-bb44-2a01b2e4c061_alta-libre-aspect-ratio_default_0.jpg\" width=\"1200\" height=\"800\" alt=\"BARCELONA, 04\/09\/2025.- El escritor Melcior Comes presenta la novela 'L'home que va vendre el m\u00f3n', este jueves en la Llibreria Ona Claris en Barcelona.-EFE\/ Enric Fontcuberta\" class=\"ft-helper-img-rd\" loading=\"lazy\" hasdataaida=\"true\"\/><\/p>\n<p class=\"ft-helper-fontColor-quaternary ft-helper-fontSize-body-S ft-helper-spacer-t-xxs\">Melcior Comes presenta la novela &#8216;L&#8217;home que va vendre el m\u00f3n&#8217;  \/ EFE<\/p>\n<p class=\"ft-text\">Siguiendo a Diarte por ese escenario quiz\u00e1-no-tan-dist\u00f3pico y cruzando los caminos de la f\u00e1bula contempor\u00e1nea y la tragicomedia negra, Comes se interroga sobre el \u00e9xito y el fracaso, explora las relaciones paternofiliales y ahonda en las miserias de una \u00e9poca de est\u00edmulos arrolladores, estr\u00e9s desmadrado y certezas dinamitadas. <strong>\u00abEstamos esperando una cosa que no vendr\u00e1. Estamos esperando a Godot, esperando a que pasen cosas, pero no vendr\u00e1 nada nuevo. La angustia y la desesperaci\u00f3n se convertir\u00e1n en algo cr\u00f3nico. No vendr\u00e1 nada a sustituir a las viejas ciertas. Tendremos que vivir siempre con esta incertidumbre\u00bb,<\/strong> teoriza.<\/p>\n<p class=\"ft-text\">En la novela, Diarte vive en un estado permanente de <strong>\u00abatenci\u00f3n rota, sobreexcitaci\u00f3n\u00bb<\/strong> y adicci\u00f3n casi por imposici\u00f3n laboral a las redes sociales, rasgos que, en cierto modo, Comes tambi\u00e9n comparte con su personaje. \u00abPara escribir el libro me quit\u00e9 todas las redes sociales y notificaciones -explica-. Hab\u00eda notado un cambio en mi manera de leer y de escribir derivada de estar colgado de lo que pasaba en Twitter y de tuitear 30 veces al d\u00eda. Me levantaba y dec\u00eda: &#8216;voy a crear la pol\u00e9mica del d\u00eda'\u00bb.<\/p>\n<p class=\"ft-text\">Y, en efecto, muchas veces lo consegu\u00eda. <strong>\u00abEs muy adictivo. Tienes la extra\u00f1a necesidad de intervenir en cosas que ni te van ni te vienen. Llega un punto en que es triste, pero tambi\u00e9n innegociable, porque sientes la obligaci\u00f3n de hacerlo. En el fondo, en Twitter estamos todos trabajando gratis para el hombre m\u00e1s rico del mundo. Es literalmente eso\u00bb.<\/strong>\u00a0<\/p>\n<p data-close=\"closedContent\" class=\"subscribeHideForDisplay\">Suscr\u00edbete para seguir leyendo<\/p>\n","protected":false},"excerpt":{"rendered":"Un \u00aburbanita plet\u00f3rico\u00bb, un mundo en crisis y en precario equilibrio sobre el abismo y una ciudad, Barcelona&hellip;\n","protected":false},"author":2,"featured_media":96919,"comment_status":"","ping_status":"","sticky":false,"template":"","format":"standard","meta":{"footnotes":""},"categories":[172],"tags":[210,224,34745,146,147,25,1598,24,6523,225,21744,34744,34747,23,6052,34746,9490],"class_list":{"0":"post-96918","1":"post","2":"type-post","3":"status-publish","4":"format-standard","5":"has-post-thumbnail","7":"category-libros","8":"tag-barcelona","9":"tag-books","10":"tag-comes","11":"tag-entertainment","12":"tag-entretenimiento","13":"tag-es","14":"tag-escritores","15":"tag-espana","16":"tag-home","17":"tag-libros","18":"tag-literatura-catalana","19":"tag-melcior","20":"tag-mon","21":"tag-spain","22":"tag-twitter","23":"tag-vendre","24":"tag-venecia"},"share_on_mastodon":{"url":"","error":""},"_links":{"self":[{"href":"https:\/\/www.europesays.com\/es\/wp-json\/wp\/v2\/posts\/96918","targetHints":{"allow":["GET"]}}],"collection":[{"href":"https:\/\/www.europesays.com\/es\/wp-json\/wp\/v2\/posts"}],"about":[{"href":"https:\/\/www.europesays.com\/es\/wp-json\/wp\/v2\/types\/post"}],"author":[{"embeddable":true,"href":"https:\/\/www.europesays.com\/es\/wp-json\/wp\/v2\/users\/2"}],"replies":[{"embeddable":true,"href":"https:\/\/www.europesays.com\/es\/wp-json\/wp\/v2\/comments?post=96918"}],"version-history":[{"count":0,"href":"https:\/\/www.europesays.com\/es\/wp-json\/wp\/v2\/posts\/96918\/revisions"}],"wp:featuredmedia":[{"embeddable":true,"href":"https:\/\/www.europesays.com\/es\/wp-json\/wp\/v2\/media\/96919"}],"wp:attachment":[{"href":"https:\/\/www.europesays.com\/es\/wp-json\/wp\/v2\/media?parent=96918"}],"wp:term":[{"taxonomy":"category","embeddable":true,"href":"https:\/\/www.europesays.com\/es\/wp-json\/wp\/v2\/categories?post=96918"},{"taxonomy":"post_tag","embeddable":true,"href":"https:\/\/www.europesays.com\/es\/wp-json\/wp\/v2\/tags?post=96918"}],"curies":[{"name":"wp","href":"https:\/\/api.w.org\/{rel}","templated":true}]}}