{"id":96938,"date":"2025-09-06T08:45:09","date_gmt":"2025-09-06T08:45:09","guid":{"rendered":"https:\/\/www.europesays.com\/es\/96938\/"},"modified":"2025-09-06T08:45:09","modified_gmt":"2025-09-06T08:45:09","slug":"caio-borralho-en-einstein-ajedrez-poker-y-pateado-con-nerds-de-batalla-mas-cipolletti","status":"publish","type":"post","link":"https:\/\/www.europesays.com\/es\/96938\/","title":{"rendered":"Caio Borralho en Einstein, ajedrez, p\u00f3ker y \u2018pateado\u2019 con nerds de batalla \u2013 M\u00e1s Cipolletti"},"content":{"rendered":"<p class=\"ssrcss-1q0x1qg-Paragraph e1jhz7w10\">Los libros de batalla est\u00e1n logrando un gran \u00e9xito en UFC, con los compa\u00f1eros de equipo de Borralho Mauricio Ruffy que emprenden a Benoit Saint-Denis en caso de cooperaci\u00f3n en Par\u00eds.<\/p>\n<p class=\"ssrcss-1q0x1qg-Paragraph e1jhz7w10\">Ruffy, como Borralho, tuvo un comienzo invicto en su carrera en UFC, gan\u00f3 sus primeras tres batallas y derrot\u00f3 a Bobby Green con una patada espectacular en marzo.<\/p>\n<p class=\"ssrcss-1q0x1qg-Paragraph e1jhz7w10\">Mientras tanto, Carlos Prates est\u00e1 creando presumir despu\u00e9s de derrotar a Geoff Neal el mes pasado. Se enfrent\u00f3 a Leon Edwards en noviembre.<\/p>\n<p class=\"ssrcss-1q0x1qg-Paragraph e1jhz7w10\">Borralho dijo que su \u00e9xito se debi\u00f3 a su inteligencia y planificaci\u00f3n estrat\u00e9gica en lugar de su f\u00edsico.<\/p>\n<p class=\"ssrcss-1q0x1qg-Paragraph e1jhz7w10\">\u201cCreo que es lo m\u00e1s importante: tu coeficiente intelectual de combate, inteligencia, tu capacidad para mantener tus t\u00e1cticas incluso en situaciones estresantes y precarias\u201d, dijo Borralho.<\/p>\n<p class=\"ssrcss-1q0x1qg-Paragraph e1jhz7w10\">\u201cLo que la gente a menudo ve es algo f\u00edsico, pero lo que la gente a menudo no ve es la forma en que la mente participa en este juego y creo que es mucho\u201d.<\/p>\n<p class=\"ssrcss-1q0x1qg-Paragraph e1jhz7w10\">Borralho se\u00f1al\u00f3 una victoria sobre Paul Craig en mayo pasado, cuando esper\u00f3 a que el escoc\u00e9s recuperara los pies en lugar de unirse a \u00e9l en el suelo, un ejemplo cuando su inteligencia le brinda una ventaja.<\/p>\n<p class=\"ssrcss-1q0x1qg-Paragraph e1jhz7w10\">Borralho dijo: \u201cS\u00e9 que tengo un buen jiu-jitsu para comerciar con \u00e9l, pero soy lo suficientemente inteligente como para que se ponga de pie y quiero derrotarlo\u201d. <\/p>\n<p class=\"ssrcss-1q0x1qg-Paragraph e1jhz7w10\">\u201cNo por el ego, sino porque sab\u00eda que era la mejor manera de hacerlo. Y luego lo hice\u201d.<\/p>\n<p class=\"ssrcss-1q0x1qg-Paragraph e1jhz7w10\">Una victoria sobre IMAVOV puede llevar a Borralho a una posici\u00f3n extrema para una oportunidad por el t\u00edtulo mediano en Khamzat Chimaev.<\/p>\n<p class=\"ssrcss-1q0x1qg-Paragraph e1jhz7w10\">Borralho tuvo un ojo en el campeonato de oro, pero esperaba, quer\u00eda escribir su nombre en el libro de historia de UFC.<\/p>\n<p class=\"ssrcss-1q0x1qg-Paragraph e1jhz7w10\">\u201cQuiero convertirme en el guerrero m\u00e1s inteligente en la historia de UFC\u201d, dijo Borralho.<\/p>\n<p class=\"ssrcss-1q0x1qg-Paragraph e1jhz7w10\">\u201cCuando las personas piensan en IQ para luchar, piensan en Georges St-Pierre, piensan en Jon Jones y pensar\u00e1n en Caio Borralho. As\u00ed es como quiero hacerlo\u201d.<\/p>\n","protected":false},"excerpt":{"rendered":"Los libros de batalla est\u00e1n logrando un gran \u00e9xito en UFC, con los compa\u00f1eros de equipo de Borralho&hellip;\n","protected":false},"author":2,"featured_media":96939,"comment_status":"","ping_status":"","sticky":false,"template":"","format":"standard","meta":{"footnotes":""},"categories":[276],"tags":[168,25,24,23,167,343],"class_list":{"0":"post-96938","1":"post","2":"type-post","3":"status-publish","4":"format-standard","5":"has-post-thumbnail","7":"category-ufc","8":"tag-deportes","9":"tag-es","10":"tag-espana","11":"tag-spain","12":"tag-sports","13":"tag-ufc"},"share_on_mastodon":{"url":"","error":""},"_links":{"self":[{"href":"https:\/\/www.europesays.com\/es\/wp-json\/wp\/v2\/posts\/96938","targetHints":{"allow":["GET"]}}],"collection":[{"href":"https:\/\/www.europesays.com\/es\/wp-json\/wp\/v2\/posts"}],"about":[{"href":"https:\/\/www.europesays.com\/es\/wp-json\/wp\/v2\/types\/post"}],"author":[{"embeddable":true,"href":"https:\/\/www.europesays.com\/es\/wp-json\/wp\/v2\/users\/2"}],"replies":[{"embeddable":true,"href":"https:\/\/www.europesays.com\/es\/wp-json\/wp\/v2\/comments?post=96938"}],"version-history":[{"count":0,"href":"https:\/\/www.europesays.com\/es\/wp-json\/wp\/v2\/posts\/96938\/revisions"}],"wp:featuredmedia":[{"embeddable":true,"href":"https:\/\/www.europesays.com\/es\/wp-json\/wp\/v2\/media\/96939"}],"wp:attachment":[{"href":"https:\/\/www.europesays.com\/es\/wp-json\/wp\/v2\/media?parent=96938"}],"wp:term":[{"taxonomy":"category","embeddable":true,"href":"https:\/\/www.europesays.com\/es\/wp-json\/wp\/v2\/categories?post=96938"},{"taxonomy":"post_tag","embeddable":true,"href":"https:\/\/www.europesays.com\/es\/wp-json\/wp\/v2\/tags?post=96938"}],"curies":[{"name":"wp","href":"https:\/\/api.w.org\/{rel}","templated":true}]}}