{"id":96956,"date":"2025-09-06T08:55:04","date_gmt":"2025-09-06T08:55:04","guid":{"rendered":"https:\/\/www.europesays.com\/es\/96956\/"},"modified":"2025-09-06T08:55:04","modified_gmt":"2025-09-06T08:55:04","slug":"preguntan-a-miguel-campos-de-la-revuelta-si-son-un-programa-politico-y-dice-esto-de-el-hormiguero","status":"publish","type":"post","link":"https:\/\/www.europesays.com\/es\/96956\/","title":{"rendered":"Preguntan a Miguel Campos, de &#8216;La Revuelta&#8217;, si son un programa pol\u00edtico y dice esto de &#8216;El Hormiguero&#8217;"},"content":{"rendered":"<p>El c\u00f3mico Miguel Campos, uno de los componentes y rostros habituales de La Revuelta que presenta David Broncano, ha concedido una <a href=\"https:\/\/elpais.com\/television\/2025-09-06\/miguel-campos-la-revuelta-que-seamos-la-punta-de-lanza-del-progresismo-indica-lo-huerfana-que-esta-la-gente-de-izquierdas.html\" target=\"_blank\" rel=\"nofollow noopener\">entrevista al diario El Pa\u00eds<\/a>\u00a0en la que ha hablado sin ning\u00fan tapujo sobre si se consideran un programa pol\u00edtico.<\/p>\n<p>Aprovechando su gira por Espa\u00f1a con el mon\u00f3logo \u00bfD\u00f3nde est\u00e1 la gracia?, ha hablado de c\u00f3mo ser\u00e1 el inicio de la temporada y ha destacado que \u00ablo importante, lo hemos hablado, es la audiencia\u00bb, ha se\u00f1alado, en tono ir\u00f3nico.\u00a0<\/p>\n<p>\u00abDa igual el servicio p\u00fablico o hacerlo bien. Va a haber cebos, chantaje emocional, todos los trucos viejos de la televisi\u00f3n&#8230;<b> \u00a1Se acab\u00f3 ser un programa del que la gente se sienta orgullosa!<\/b>\u00ab, ha se\u00f1alado, en claro tono de humor, en su charla con la periodista Eva Baroja.<\/p>\n<p>Respecto a si se avivar\u00e1 <a href=\"https:\/\/www.huffingtonpost.es\/virales\/broncano-revela-mas-rabia-le-dado-trifulca-el-hormiguero-invitado.html\" rel=\"nofollow noopener\" target=\"_blank\">la pol\u00e9mica que surgi\u00f3 con El Hormiguero<\/a>, ha confesado que \u00ab<b>ya se ha agotado<\/b>\u00bb y que le gustar\u00eda tener \u00abpol\u00e9mica\u00a0con otros como Pasapalabra, First dates, incluso con gente de la propia cadena\u00bb, nombrando a la periodista Silvia Intxaurrondo.<\/p>\n<p>Pero al ser preguntado sobre si La Revuelta es un programa pol\u00edtico, no ha dudado ni un segundo en nombrar al programa que conduce Pablo Motos en Antena 3. \u00ab<b>No, El Hormiguero es mucho m\u00e1s pol\u00edtico que La Revuelta<\/b>\u00ab, ha expresado.<\/p>\n<p>\u00ab<b>Hacemos comedia, pero hoy el baremo est\u00e1 muy bajo<\/b>. Dices: &#8216;Ey, \u00a1viva la Sanidad p\u00fablica!&#8217;. Y la gente contesta: &#8216;Vaya, \u00a1otro rojo!&#8217;. Joder, t\u00edo, \u00bfde verdad?\u00bb, ha cuestionado el c\u00f3mico.<\/p>\n<p>Miguel Campos ha confesado que es \u00abgracioso\u00bb que La Revuelta se haya convertido en \u00abla\u00a0punta de lanza del progresismo\u00bb. \u00ab<b>Es un indicio de lo hu\u00e9rfana que est\u00e1 la gente de izquierdas de l\u00edderes y proyectos que les ilusionen<\/b>\u00ab, ha razonado.<\/p>\n<p>\u00abDe repente, aparece un programa de televisi\u00f3n que toca el bombo y tira croquetas a la boca de <a href=\"\">Grison<\/a>, y la gente dice: &#8216;\u00a1Son ellos!&#8217;. <b>Si la victoria que tiene la izquierda sobre la derecha es que La Revuelta le gane un par de veces en audiencia a El Hormiguero, algo tiene que cambiar en el proyecto ideol\u00f3gico<\/b>\u00ab, ha sentenciado.<\/p>\n","protected":false},"excerpt":{"rendered":"El c\u00f3mico Miguel Campos, uno de los componentes y rostros habituales de La Revuelta que presenta David Broncano,&hellip;\n","protected":false},"author":2,"featured_media":96957,"comment_status":"","ping_status":"","sticky":false,"template":"","format":"standard","meta":{"footnotes":""},"categories":[171],"tags":[5813,146,147,25,24,29956,23,214],"class_list":{"0":"post-96956","1":"post","2":"type-post","3":"status-publish","4":"format-standard","5":"has-post-thumbnail","7":"category-tv","8":"tag-el-hormiguero","9":"tag-entertainment","10":"tag-entretenimiento","11":"tag-es","12":"tag-espana","13":"tag-la-revuelta","14":"tag-spain","15":"tag-tv"},"share_on_mastodon":{"url":"","error":""},"_links":{"self":[{"href":"https:\/\/www.europesays.com\/es\/wp-json\/wp\/v2\/posts\/96956","targetHints":{"allow":["GET"]}}],"collection":[{"href":"https:\/\/www.europesays.com\/es\/wp-json\/wp\/v2\/posts"}],"about":[{"href":"https:\/\/www.europesays.com\/es\/wp-json\/wp\/v2\/types\/post"}],"author":[{"embeddable":true,"href":"https:\/\/www.europesays.com\/es\/wp-json\/wp\/v2\/users\/2"}],"replies":[{"embeddable":true,"href":"https:\/\/www.europesays.com\/es\/wp-json\/wp\/v2\/comments?post=96956"}],"version-history":[{"count":0,"href":"https:\/\/www.europesays.com\/es\/wp-json\/wp\/v2\/posts\/96956\/revisions"}],"wp:featuredmedia":[{"embeddable":true,"href":"https:\/\/www.europesays.com\/es\/wp-json\/wp\/v2\/media\/96957"}],"wp:attachment":[{"href":"https:\/\/www.europesays.com\/es\/wp-json\/wp\/v2\/media?parent=96956"}],"wp:term":[{"taxonomy":"category","embeddable":true,"href":"https:\/\/www.europesays.com\/es\/wp-json\/wp\/v2\/categories?post=96956"},{"taxonomy":"post_tag","embeddable":true,"href":"https:\/\/www.europesays.com\/es\/wp-json\/wp\/v2\/tags?post=96956"}],"curies":[{"name":"wp","href":"https:\/\/api.w.org\/{rel}","templated":true}]}}